{"id":12101,"date":"2022-02-03T16:47:44","date_gmt":"2022-02-03T19:47:44","guid":{"rendered":"https:\/\/hostnetart.com.br\/baixada\/sindicato-faz-atos-na-baixada-fluminense-pelo-dia-nacional-de-luta-da-caixa\/"},"modified":"2022-02-03T16:47:44","modified_gmt":"2022-02-03T19:47:44","slug":"sindicato-faz-atos-na-baixada-fluminense-pelo-dia-nacional-de-luta-da-caixa","status":"publish","type":"post","link":"https:\/\/hostnetart.com.br\/baixada\/sindicato-faz-atos-na-baixada-fluminense-pelo-dia-nacional-de-luta-da-caixa\/","title":{"rendered":"Sindicato faz atos na Baixada Fluminense pelo Dia Nacional de Luta da Caixa"},"content":{"rendered":"<div class=\"cxmmr5t8 oygrvhab hcukyx3x c1et5uql o9v6fnle ii04i59q\">\n<div dir=\"auto\">Nesta quinta-feira, 3 de fevereiro, o Sindicato dos Banc\u00e1rios da Baixada Fluminense esteve em ag\u00eancias da Caixa Econ\u00f4mica Federal, na Baixada Fluminense, pelo Dia Nacional de Luta da Caixa.<\/div>\n<div dir=\"auto\">\u00a0<\/div>\n<div dir=\"auto\">Os atos, que ocorreram em Duque de Caxias e S\u00e3o Jo\u00e3o de Meriti, contaram\u00a0com faixas, panfletos, com os diretores e diretoras do Sindicato falando com banc\u00e1rios, banc\u00e1rias e com o p\u00fablico em geral, explicando os motivos do movimento sindical exigir da institui\u00e7\u00e3o financeira: melhores condi\u00e7\u00f5es de trabalho e protocolos efetivos de prote\u00e7\u00e3o contra a Covid-19.<\/div>\n<div dir=\"auto\">\u00a0<\/div>\n<\/div>\n<div class=\"cxmmr5t8 oygrvhab hcukyx3x c1et5uql o9v6fnle ii04i59q\">\n<div dir=\"auto\">Al\u00e9m disso, houveram diversas publica\u00e7\u00f5es nas redes sociais que,\u00a0tamb\u00e9m, tiveram o objetivo de pressionar o banco.<\/div>\n<div dir=\"auto\">\u00a0<\/div>\n<div dir=\"auto\"><strong><em>*Confira as fotos dos atos em nossas redes sociais.<\/em><\/strong><\/div>\n<\/div>\n<p>\u00a0<\/p>\n","protected":false},"excerpt":{"rendered":"<p>Nesta quinta-feira, 3 de fevereiro, o Sindicato dos Banc\u00e1rios da Baixada Fluminense esteve em ag\u00eancias da Caixa Econ\u00f4mica Federal, na Baixada Fluminense, pelo Dia Nacional de Luta da Caixa. \u00a0 Os atos, que ocorreram em Duque de Caxias e S\u00e3o Jo\u00e3o de Meriti, contaram\u00a0com faixas, panfletos, com os diretores e diretoras do Sindicato falando com [&hellip;]<\/p>\n","protected":false},"author":2,"featured_media":12100,"comment_status":"","ping_status":"","sticky":false,"template":"","format":"standard","meta":{"footnotes":""},"categories":[3],"tags":[],"class_list":["post-12101","post","type-post","status-publish","format-standard","has-post-thumbnail","hentry","category-noticias"],"_links":{"self":[{"href":"https:\/\/hostnetart.com.br\/baixada\/wp-json\/wp\/v2\/posts\/12101","targetHints":{"allow":["GET"]}}],"collection":[{"href":"https:\/\/hostnetart.com.br\/baixada\/wp-json\/wp\/v2\/posts"}],"about":[{"href":"https:\/\/hostnetart.com.br\/baixada\/wp-json\/wp\/v2\/types\/post"}],"author":[{"embeddable":true,"href":"https:\/\/hostnetart.com.br\/baixada\/wp-json\/wp\/v2\/users\/2"}],"replies":[{"embeddable":true,"href":"https:\/\/hostnetart.com.br\/baixada\/wp-json\/wp\/v2\/comments?post=12101"}],"version-history":[{"count":0,"href":"https:\/\/hostnetart.com.br\/baixada\/wp-json\/wp\/v2\/posts\/12101\/revisions"}],"wp:featuredmedia":[{"embeddable":true,"href":"https:\/\/hostnetart.com.br\/baixada\/wp-json\/wp\/v2\/media\/12100"}],"wp:attachment":[{"href":"https:\/\/hostnetart.com.br\/baixada\/wp-json\/wp\/v2\/media?parent=12101"}],"wp:term":[{"taxonomy":"category","embeddable":true,"href":"https:\/\/hostnetart.com.br\/baixada\/wp-json\/wp\/v2\/categories?post=12101"},{"taxonomy":"post_tag","embeddable":true,"href":"https:\/\/hostnetart.com.br\/baixada\/wp-json\/wp\/v2\/tags?post=12101"}],"curies":[{"name":"wp","href":"https:\/\/api.w.org\/{rel}","templated":true}]}}