{"id":12099,"date":"2022-02-03T16:15:46","date_gmt":"2022-02-03T19:15:46","guid":{"rendered":"https:\/\/hostnetart.com.br\/baixada\/comissao-eleitoral-se-reune-para-deliberar-sobre-a-escolha-do-presidente-e-do-calendario\/"},"modified":"2022-02-03T16:15:46","modified_gmt":"2022-02-03T19:15:46","slug":"comissao-eleitoral-se-reune-para-deliberar-sobre-a-escolha-do-presidente-e-do-calendario","status":"publish","type":"post","link":"https:\/\/hostnetart.com.br\/baixada\/comissao-eleitoral-se-reune-para-deliberar-sobre-a-escolha-do-presidente-e-do-calendario\/","title":{"rendered":"Comiss\u00e3o Eleitoral se re\u00fane para deliberar sobre a escolha do presidente e do calend\u00e1rio"},"content":{"rendered":"<p>No dia 1 de fevereiro, \u00e0s 9 horas, a Comiss\u00e3o Eleitoral se reuniu na Sub-Sede do Sindicato dos Banc\u00e1rios da Baixada Fluminense, em Nova Igua\u00e7u, para deliberar sobre a escolha do presidente da comiss\u00e3o eleitoral e sobre o calend\u00e1rio eleitoral.<\/p>\n<p>Para presidente da comiss\u00e3o eleitoral ficou eleito, por consenso, o banc\u00e1rio aposentado Adjalmo Klein Class.<\/p>\n<p>O calend\u00e1rio eleitoral foi deliberado a luz do estatuto da entidade, com as inscri\u00e7\u00f5es iniciando em 01 de fevereiro de 2022 e encerrando-se em 21 de fevereiro 2022 , j\u00e1 publicado de imediato no site do Sindicato.<\/p>\n<p>Segue abaixo o calend\u00e1rio completo do processo eleitoral:<\/p>\n<p><strong>1. Inscri\u00e7\u00e3o<\/strong><\/p>\n<p>Se iniciar\u00e1 no dia 01 de fevereiro e se encerrar\u00e1 no dia 21 de fevereiro de 2022.<\/p>\n<p><span style=\"text-decoration: underline;\">1.1<\/span> &#8211; A Comiss\u00e3o Eleitoral ter\u00e1 o prazo n\u00e3o superior de 24 horas para comunicar \u00e0 Chapa a irregularidade de documenta\u00e7\u00e3o, ocasi\u00e3o que ser\u00e1 concedido o prazo de 48 horas para apresentar nova documenta\u00e7\u00e3o;<\/p>\n<p><span style=\"text-decoration: underline;\">1.2<\/span> &#8211; A ren\u00fancia de candidato, requerida por escrito e endere\u00e7ada \u00e0 Comiss\u00e3o Eleitoral, poder\u00e1 ser realizada at\u00e9 a data de encerramento das inscri\u00e7\u00f5es de Chapas.<\/p>\n<p><span style=\"text-decoration: underline;\">1.3<\/span> &#8211; A Comiss\u00e3o Eleitoral no prazo de 24 horas, comunicar\u00e1 por escrito \u00e0 Chapa a ren\u00fancia do candidato.<\/p>\n<p><span style=\"text-decoration: underline;\">1.4<\/span> &#8211; A ren\u00fancia do candidato n\u00e3o impedir\u00e1 \u00e0 Chapa de concorrer \u00e0s elei\u00e7\u00f5es, devendo manter o n\u00famero m\u00ednimo de composi\u00e7\u00e3o e, n\u00e3o havendo, ter\u00e1 o prazo de 48 horas para indicar o substituto.<\/p>\n<p><span style=\"text-decoration: underline;\">1.5<\/span> &#8211; A impugna\u00e7\u00e3o de candidatura apresentada no prazo de cinco (5) dias, a contar da publica\u00e7\u00e3o da rela\u00e7\u00e3o nominal da chapa, dever\u00e1 versar sobre inelegibilidade e ser\u00e1 decidida pela Comiss\u00e3o Eleitoral no prazo de 48 horas.<\/p>\n<p><span style=\"text-decoration: underline;\">1.6<\/span> &#8211; Apresentado o parecer por escrito ao Candidato impugnado, este poder\u00e1 apresentar recursos no prazo de 24 horas, que ser\u00e1 apreciado e decidido, no prazo de 48 horas, tamb\u00e9m pela Comiss\u00e3o Eleitoral, com nova comunica\u00e7\u00e3o por escrito a Chapa impugnada.<\/p>\n<p><strong>2. Data da Elei\u00e7\u00e3o<\/strong><\/p>\n<p>A coleta de voto ser\u00e1 realizada do dia 15 de mar\u00e7o ao dia 17 de mar\u00e7o de 2022.<\/p>\n<p><strong>3. Apura\u00e7\u00e3o<\/strong><\/p>\n<p>A apura\u00e7\u00e3o das elei\u00e7\u00f5es se dar\u00e1 de imediato ao final da coleta de votos, no dia 17 de mar\u00e7o de 2022, onde, ao final, a comiss\u00e3o eleitoral far\u00e1 a homologa\u00e7\u00e3o do resultado, declarando a chapa vencedora.<\/p>\n","protected":false},"excerpt":{"rendered":"<p>No dia 1 de fevereiro, \u00e0s 9 horas, a Comiss\u00e3o Eleitoral se reuniu na Sub-Sede do Sindicato dos Banc\u00e1rios da Baixada Fluminense, em Nova Igua\u00e7u, para deliberar sobre a escolha do presidente da comiss\u00e3o eleitoral e sobre o calend\u00e1rio eleitoral. Para presidente da comiss\u00e3o eleitoral ficou eleito, por consenso, o banc\u00e1rio aposentado Adjalmo Klein Class. [&hellip;]<\/p>\n","protected":false},"author":2,"featured_media":12098,"comment_status":"","ping_status":"","sticky":false,"template":"","format":"standard","meta":{"footnotes":""},"categories":[3],"tags":[],"class_list":["post-12099","post","type-post","status-publish","format-standard","has-post-thumbnail","hentry","category-noticias"],"_links":{"self":[{"href":"https:\/\/hostnetart.com.br\/baixada\/wp-json\/wp\/v2\/posts\/12099","targetHints":{"allow":["GET"]}}],"collection":[{"href":"https:\/\/hostnetart.com.br\/baixada\/wp-json\/wp\/v2\/posts"}],"about":[{"href":"https:\/\/hostnetart.com.br\/baixada\/wp-json\/wp\/v2\/types\/post"}],"author":[{"embeddable":true,"href":"https:\/\/hostnetart.com.br\/baixada\/wp-json\/wp\/v2\/users\/2"}],"replies":[{"embeddable":true,"href":"https:\/\/hostnetart.com.br\/baixada\/wp-json\/wp\/v2\/comments?post=12099"}],"version-history":[{"count":0,"href":"https:\/\/hostnetart.com.br\/baixada\/wp-json\/wp\/v2\/posts\/12099\/revisions"}],"wp:featuredmedia":[{"embeddable":true,"href":"https:\/\/hostnetart.com.br\/baixada\/wp-json\/wp\/v2\/media\/12098"}],"wp:attachment":[{"href":"https:\/\/hostnetart.com.br\/baixada\/wp-json\/wp\/v2\/media?parent=12099"}],"wp:term":[{"taxonomy":"category","embeddable":true,"href":"https:\/\/hostnetart.com.br\/baixada\/wp-json\/wp\/v2\/categories?post=12099"},{"taxonomy":"post_tag","embeddable":true,"href":"https:\/\/hostnetart.com.br\/baixada\/wp-json\/wp\/v2\/tags?post=12099"}],"curies":[{"name":"wp","href":"https:\/\/api.w.org\/{rel}","templated":true}]}}