{"id":12095,"date":"2022-02-02T13:58:51","date_gmt":"2022-02-02T16:58:51","guid":{"rendered":"https:\/\/hostnetart.com.br\/baixada\/movimento-sindical-recorre-e-defende-convocacao-dos-concursados-de-2014\/"},"modified":"2022-02-02T13:58:51","modified_gmt":"2022-02-02T16:58:51","slug":"movimento-sindical-recorre-e-defende-convocacao-dos-concursados-de-2014","status":"publish","type":"post","link":"https:\/\/hostnetart.com.br\/baixada\/movimento-sindical-recorre-e-defende-convocacao-dos-concursados-de-2014\/","title":{"rendered":"Movimento Sindical recorre e defende convoca\u00e7\u00e3o dos concursados de 2014"},"content":{"rendered":"<p>O Movimento Sindical Banc\u00e1rio, atrav\u00e9s da\u00a0Confedera\u00e7\u00e3o Nacional dos Trabalhadores do Ramo Financeiro (Contraf-CUT) e da Federa\u00e7\u00e3o Nacional das Associa\u00e7\u00f5es do Pessoal da Caixa (<a href=\"https:\/\/www.fenae.org.br\/portal\/fenae-portal\/\" target=\"_blank\" rel=\"noopener noreferrer\">Fenae<\/a>), v\u00e3o entrar com recurso na A\u00e7\u00e3o Civil P\u00fablica 0000059-10.2016.5.10.0006 para que a Justi\u00e7a mantenha a validade do concurso realizado pela Caixa Econ\u00f4mica Federal em 2014 e a Caixa convoque os aprovados. Por meio de suas redes sociais, segundo\u00a0<a href=\"https:\/\/folhadirigida.com.br\/concursos\/noticias\/caixa-economica-federal-cef\/concurso-caixa-2022-ampla-concorrencia\" target=\"_blank\" rel=\"noopener noreferrer\">mat\u00e9ria publicada na Folha Dirigida<\/a>, a Caixa tem dito que poder\u00e1 realizar um novo concurso p\u00fablico de ampla concorr\u00eancia.<\/p>\n<p>Para a presidenta da Contraf-CUT, Juvandia Moreira, \u00e9 um absurdo a Caixa n\u00e3o convocar os aprovados de 2014, faltando tantos empregados nas ag\u00eancias. \u201cEsse governo n\u00e3o tem compromisso com a popula\u00e7\u00e3o. Quer abrir concurso sem necessidade, mesmo sabendo que \u00e9 ano eleitoral e n\u00e3o poder\u00e1 convocar\u201d, avaliou. Segundo o\u00a0<a href=\"https:\/\/www.tse.jus.br\/eleicoes\/calendario-eleitoral\/calendario-eleitoral\" target=\"_blank\" rel=\"noopener noreferrer\">calend\u00e1rio eleitoral<\/a>\u00a0divulgado pelo Tribunal Superior Eleitoral, a partir de 2 de julho n\u00e3o ser\u00e1 mais poss\u00edvel nomear funcion\u00e1rios p\u00fablicos. \u201cA Caixa precisa contratar mais empregados com urg\u00eancia para acabar com a sobrecarga dos empregados. E as contrata\u00e7\u00f5es devem levar em conta a lista de aprovados no concurso de 2014, como determina a Justi\u00e7a\u201d, observou a presidenta da Contraf-CUT, lembrando de uma\u00a0<a href=\"https:\/\/contrafcut.com.br\/noticias\/fenae-e-contraf-cut-entram-com-embargos-declaratorios-na-acao-civil-publica-do-concurso-de-2014\" target=\"_blank\" rel=\"noopener noreferrer\">decis\u00e3o de 2021<\/a>\u00a0do Tribunal Regional do Trabalho da 10\u00aa Regi\u00e3o, que prorrogou a validade do concurso de 2014 e determinou que o banco deve dar prioridade aos aprovados no concurso de 2014, at\u00e9 que a a\u00e7\u00e3o transite em julgado.<\/p>\n<h3><strong>Defasagem do quadro<\/strong><\/h3>\n<p>Um levantamento do Departamento Intersindical de Estat\u00edstica e Estudos Socioecon\u00f4micos (Dieese), com base nos relat\u00f3rios de balan\u00e7o dos bancos, aponta que, ao final de dezembro de 2015, o quadro de trabalho da Caixa era composto por 97.458 empregados.\u00a0<a href=\"https:\/\/contrafcut.com.br\/noticias\/caixa-lucra-r-14050-bilhoes-nos-nove-primeiros-meses-de-2021\" target=\"_blank\" rel=\"noopener noreferrer\">No balan\u00e7o do terceiro trimestre de 2021<\/a>\u00a0o banco informa que possu\u00eda 84.751 empregados.<\/p>\n<p>\u201cDe dezembro de 2015 a setembro de 2021 houve uma redu\u00e7\u00e3o de 12.707 postos no quadro de trabalhadores da Caixa. Mesmo com o aumento dos atendimentos feitos pelo banco. Os empregados est\u00e3o sobrecarregados\u201d, afirmou a presidenta da Contraf-CUT, Juvandia Moreira.<\/p>\n<p>Em 2020, a Caixa realizou o atendimento de 121,3 milh\u00f5es de pessoas que foram ao banco para receber o Aux\u00edlio Emergencial, efetuar o saque emergencial do FGTS, do Benef\u00edcio Emergencial de Manuten\u00e7\u00e3o do Emprego e da Renda (BEM) e do abono do PIS.<\/p>\n<h3><strong>Adoecimento<\/strong><\/h3>\n<p>A coordenadora da Comiss\u00e3o Executiva dos Empregados (CEE) da Caixa, Fabiana Uehara Proscholdt, que tamb\u00e9m \u00e9 secret\u00e1ria da Cultura da Contraf-CUT, avalia que a falta de empregados prejudica as condi\u00e7\u00f5es de trabalho e afeta, inclusive, o cumprimento dos protocolos de seguran\u00e7a sanit\u00e1ria e preven\u00e7\u00e3o contra a Covid-19.<\/p>\n<p>\u201cA maioria dos meus colegas de trabalho est\u00e1 estressada. Eles tiveram que\u00a0<a href=\"https:\/\/contrafcut.com.br\/noticias\/caixa-amplia-o-horario-de-atendimento-em-mais-de-1-100-agencias\" target=\"_blank\" rel=\"noopener noreferrer\">trabalhar em hor\u00e1rio estendido e aos s\u00e1bados<\/a>\u00a0para atender a demanda. N\u00e3o conseguem fazer pausa para descanso e conv\u00edvio com a fam\u00edlia e amigos e o banco ainda lhes imp\u00f5e metas absurdas em plena pandemia\u201d, disse Fabiana. \u201cE, mesmo diante de tanto trabalho, o banco implementou um mecanismo em seu programa de Gest\u00e3o de Desempenho de Pessoas (GDP) que classifica 5% dos empregados entre aqueles que n\u00e3o conseguem cumprir o que foi estabelecido, independente do resultado que os mesmos tenham obtido\u201d, criticou a representante dos empregados ao lembrar da\u00a0<a href=\"https:\/\/contrafcut.com.br\/noticias\/confirmado-gdp-da-caixa-visa-forcar-mudanca-de-cultura\/\" target=\"_blank\" rel=\"noopener noreferrer\">chamada \u201ccurva for\u00e7ada\u201d<\/a>.<\/p>\n<p>O presidente da Federa\u00e7\u00e3o Nacional das Associa\u00e7\u00f5es do Pessoal da Caixa (Fenae), Sergio Takemoto, lembrou que, ap\u00f3s as cobran\u00e7as do movimento sindical, a Secretaria de Coordena\u00e7\u00e3o e Governan\u00e7a das Empresas Estatais (Sest)\u00a0<a href=\"https:\/\/contrafcut.com.br\/noticias\/caixa-e-autorizada-a-contratar-novos-empregados\" target=\"_blank\" rel=\"noopener noreferrer\">autorizou a contrata\u00e7\u00e3o<\/a>\u00a0de novos empregados e o\u00a0<a href=\"https:\/\/contrafcut.com.br\/noticias\/caixa-nao-contratou-metade-dos-empregados-prometidos-pela-direcao-do-banco\" target=\"_blank\" rel=\"noopener noreferrer\">presidente da Caixa afirmou que realizaria as contrata\u00e7\u00f5es<\/a>.<\/p>\n<p>\u201c\u00c9 fundamental que a Caixa contrate mais trabalhadores. Os empregados est\u00e3o sobrecarregados e a dire\u00e7\u00e3o da Caixa desrespeita a todos ao exp\u00f4-los a essas condi\u00e7\u00f5es. Nossa luta \u00e9 por mais contrata\u00e7\u00f5es para melhorar as condi\u00e7\u00f5es de trabalho e para melhorar o atendimento \u00e0 popula\u00e7\u00e3o\u201d, disse.<\/p>\n<p><strong>Fonte: Contraf-CUT<\/strong><\/p>\n","protected":false},"excerpt":{"rendered":"<p>O Movimento Sindical Banc\u00e1rio, atrav\u00e9s da\u00a0Confedera\u00e7\u00e3o Nacional dos Trabalhadores do Ramo Financeiro (Contraf-CUT) e da Federa\u00e7\u00e3o Nacional das Associa\u00e7\u00f5es do Pessoal da Caixa (Fenae), v\u00e3o entrar com recurso na A\u00e7\u00e3o Civil P\u00fablica 0000059-10.2016.5.10.0006 para que a Justi\u00e7a mantenha a validade do concurso realizado pela Caixa Econ\u00f4mica Federal em 2014 e a Caixa convoque os aprovados. [&hellip;]<\/p>\n","protected":false},"author":2,"featured_media":12094,"comment_status":"","ping_status":"","sticky":false,"template":"","format":"standard","meta":{"footnotes":""},"categories":[3],"tags":[],"class_list":["post-12095","post","type-post","status-publish","format-standard","has-post-thumbnail","hentry","category-noticias"],"_links":{"self":[{"href":"https:\/\/hostnetart.com.br\/baixada\/wp-json\/wp\/v2\/posts\/12095","targetHints":{"allow":["GET"]}}],"collection":[{"href":"https:\/\/hostnetart.com.br\/baixada\/wp-json\/wp\/v2\/posts"}],"about":[{"href":"https:\/\/hostnetart.com.br\/baixada\/wp-json\/wp\/v2\/types\/post"}],"author":[{"embeddable":true,"href":"https:\/\/hostnetart.com.br\/baixada\/wp-json\/wp\/v2\/users\/2"}],"replies":[{"embeddable":true,"href":"https:\/\/hostnetart.com.br\/baixada\/wp-json\/wp\/v2\/comments?post=12095"}],"version-history":[{"count":0,"href":"https:\/\/hostnetart.com.br\/baixada\/wp-json\/wp\/v2\/posts\/12095\/revisions"}],"wp:featuredmedia":[{"embeddable":true,"href":"https:\/\/hostnetart.com.br\/baixada\/wp-json\/wp\/v2\/media\/12094"}],"wp:attachment":[{"href":"https:\/\/hostnetart.com.br\/baixada\/wp-json\/wp\/v2\/media?parent=12095"}],"wp:term":[{"taxonomy":"category","embeddable":true,"href":"https:\/\/hostnetart.com.br\/baixada\/wp-json\/wp\/v2\/categories?post=12095"},{"taxonomy":"post_tag","embeddable":true,"href":"https:\/\/hostnetart.com.br\/baixada\/wp-json\/wp\/v2\/tags?post=12095"}],"curies":[{"name":"wp","href":"https:\/\/api.w.org\/{rel}","templated":true}]}}