{"id":1209,"date":"2013-07-23T00:00:00","date_gmt":"2013-07-23T03:00:00","guid":{"rendered":"https:\/\/hostnetart.com.br\/baixada\/bradesco-tem-maior-lucro-semestral-r-5-9-bi-mas-corta-2-580-empregos\/"},"modified":"2013-07-23T00:00:00","modified_gmt":"2013-07-23T03:00:00","slug":"bradesco-tem-maior-lucro-semestral-r-5-9-bi-mas-corta-2-580-empregos","status":"publish","type":"post","link":"https:\/\/hostnetart.com.br\/baixada\/bradesco-tem-maior-lucro-semestral-r-5-9-bi-mas-corta-2-580-empregos\/","title":{"rendered":"Bradesco tem maior lucro semestral, R$ 5,9 bi, mas corta 2.580 empregos"},"content":{"rendered":"<p>O lucro l\u00edquido ajustado do Bradesco de R$ 5,921 bilh\u00f5es no primeiro semestre de 2013, que significa um crescimento de 3,7% em rela\u00e7\u00e3o ao mesmo per\u00edodo do ano passado, \u00e9 o maior da hist\u00f3ria do banco. Mesmo assim, a segunda maior institui\u00e7\u00e3o financeira do pa\u00eds fechou 2.580 postos de trabalho nos \u00faltimos 12 meses, dos quais 1.434 somente no primeiro semestre deste ano.<\/p>\n<p>\u00a0<\/p>\n<p>\u201cN\u00e3o \u00e9 admiss\u00edvel que um banco que apresenta o maior lucro da sua hist\u00f3ria ao mesmo tempo demita trabalhadores. Junto com o aumento real de sal\u00e1rio e com o combate ao ass\u00e9dio moral e \u00e0s metas abusivas, a confer\u00eancia nacional que acabamos de realizar definiu a defesa do emprego como uma das prioridades da campanha dos banc\u00e1rios deste ano\u201d, diz Carlos Cordeiro, presidente da Contraf-CUT.<\/p>\n<p>\u00a0<\/p>\n<p><a href=\"http:\/\/www.contrafcut.org.br\/download\/Arquivo\/13722162445.pdf\" target=\"_blank\" rel=\"noopener noreferrer\">Clique aqui<\/a>\u00a0para ver os principais dados do balan\u00e7o, conforme an\u00e1lise do Dieese.<\/p>\n<p>\u00a0<\/p>\n<p>No trimestre, o lucro l\u00edquido do Bradesco foi de R$ 2,9 bilh\u00f5es, um crescimento de 1,2% em rela\u00e7\u00e3o ao trimestre anterior.<\/p>\n<p>\u00a0<\/p>\n<p>O lucro extraordin\u00e1rio do Bradesco deve-se, principalmente, ao maior resultado operacional de seguros (aumento de 19,3%) e das receitas de presta\u00e7\u00e3o de servi\u00e7os (15,0%). A rentabilidade sobre o patrim\u00f4nio l\u00edquido m\u00e9dio foi de 18,8% (1,8 pontos percentuais) abaixo da rentabilidade de junho de 2012 e 0,7 ponto percentual menor que a rentabilidade no primeiro trimestre de 2013).<\/p>\n<p>\u00a0<\/p>\n<p>A carteira de cr\u00e9dito expandida cresceu 10,3% em 12 meses, atingindo um montante de R$ 402,5 bilh\u00f5es (2,8% no trimestre). As opera\u00e7\u00f5es com pessoas f\u00edsicas cresceram 10,1% no mesmo per\u00edodo, chegando a R$ 123,6 bilh\u00f5es. J\u00e1 as opera\u00e7\u00f5es com pessoas jur\u00eddicas alcan\u00e7aram R$ 279 bilh\u00f5es, com eleva\u00e7\u00e3o de 10,4% comparado a junho de 2012.<\/p>\n<p>\u00a0<\/p>\n<p>\u00a0<\/p>\n<p><strong>Inadimpl\u00eancia cai, mas PDD aumenta<\/strong><\/p>\n<p>\u00a0<\/p>\n<p>O \u00edndice de inadimpl\u00eancia superior a 90 dias ficou em 3,7%, com queda de 0,5 ponto percentual em rela\u00e7\u00e3o ao 1\u00ba semestre de 2012 e 0,3 no trimestre. Por sua vez, as despesas com provis\u00f5es para cr\u00e9ditos de liquida\u00e7\u00e3o duvidosa (PDD) atingiram um montante de R$ 7,083 bilh\u00f5es, com crescimento de 1,9% em rela\u00e7\u00e3o a junho de 2012. Na compara\u00e7\u00e3o entre o trimestre anterior, cresceu 0,5%.<\/p>\n<p>\u00a0<\/p>\n<p>\u201cEssa \u00e9 outra contradi\u00e7\u00e3o incompreens\u00edvel. Como pode o banco aumentar a provis\u00e3o para devedores, que ali\u00e1s \u00e9 maior que o lucro l\u00edquido, se a inadimpl\u00eancia est\u00e1 caindo? \u00c9 uma maquiagem cont\u00e1bil que vai impactar negativamente na distribui\u00e7\u00e3o dos lucros\u201d, critica Carlos Cordeiro.<\/p>\n<p>\u00a0<\/p>\n<p>\u00a0<\/p>\n<p><strong>Corte de 2.580 empregos em um ano<\/strong><\/p>\n<p>\u00a0<\/p>\n<p>O n\u00famero total de empregados da holding em junho de 2013 foi de 101.951, com fechamento de 2.580 postos de trabalho em rela\u00e7\u00e3o a junho de 2012 (queda de 2,5% no quadro de funcion\u00e1rios). Apenas no primeiro semestre de 2013, a redu\u00e7\u00e3o foi de 1.434 postos de trabalho.<\/p>\n<p>\u00a0<\/p>\n<p>Isso colaborou para que as despesas de pessoal crescessem apenas 5,5% em 12 meses, abaixo do \u00edndice de reajuste dos banc\u00e1rios na \u00faltima campanha nacional, e para que a cobertura dessas despesas pelas receitas de presta\u00e7\u00e3o de servi\u00e7os mais renda de tarifas passasse de 137,9% para 150,3%.<\/p>\n<p>Fonte: Contraf-CUT<\/p>\n","protected":false},"excerpt":{"rendered":"<p>O lucro l\u00edquido ajustado do Bradesco de R$ 5,921 bilh\u00f5es no primeiro semestre de 2013, que significa um crescimento de 3,7% em rela\u00e7\u00e3o ao mesmo per\u00edodo do ano passado, \u00e9 o maior da hist\u00f3ria do banco. Mesmo assim, a segunda maior institui\u00e7\u00e3o financeira do pa\u00eds fechou 2.580 postos de trabalho nos \u00faltimos 12 meses, dos [&hellip;]<\/p>\n","protected":false},"author":1,"featured_media":0,"comment_status":"","ping_status":"","sticky":false,"template":"","format":"standard","meta":{"footnotes":""},"categories":[3],"tags":[],"class_list":["post-1209","post","type-post","status-publish","format-standard","hentry","category-noticias"],"_links":{"self":[{"href":"https:\/\/hostnetart.com.br\/baixada\/wp-json\/wp\/v2\/posts\/1209","targetHints":{"allow":["GET"]}}],"collection":[{"href":"https:\/\/hostnetart.com.br\/baixada\/wp-json\/wp\/v2\/posts"}],"about":[{"href":"https:\/\/hostnetart.com.br\/baixada\/wp-json\/wp\/v2\/types\/post"}],"author":[{"embeddable":true,"href":"https:\/\/hostnetart.com.br\/baixada\/wp-json\/wp\/v2\/users\/1"}],"replies":[{"embeddable":true,"href":"https:\/\/hostnetart.com.br\/baixada\/wp-json\/wp\/v2\/comments?post=1209"}],"version-history":[{"count":0,"href":"https:\/\/hostnetart.com.br\/baixada\/wp-json\/wp\/v2\/posts\/1209\/revisions"}],"wp:attachment":[{"href":"https:\/\/hostnetart.com.br\/baixada\/wp-json\/wp\/v2\/media?parent=1209"}],"wp:term":[{"taxonomy":"category","embeddable":true,"href":"https:\/\/hostnetart.com.br\/baixada\/wp-json\/wp\/v2\/categories?post=1209"},{"taxonomy":"post_tag","embeddable":true,"href":"https:\/\/hostnetart.com.br\/baixada\/wp-json\/wp\/v2\/tags?post=1209"}],"curies":[{"name":"wp","href":"https:\/\/api.w.org\/{rel}","templated":true}]}}