{"id":12088,"date":"2022-02-01T13:50:49","date_gmt":"2022-02-01T16:50:49","guid":{"rendered":"https:\/\/hostnetart.com.br\/baixada\/avancos-sao-insuficientes-nas-negociacoes-com-os-bancos\/"},"modified":"2022-02-01T13:50:49","modified_gmt":"2022-02-01T16:50:49","slug":"avancos-sao-insuficientes-nas-negociacoes-com-os-bancos","status":"publish","type":"post","link":"https:\/\/hostnetart.com.br\/baixada\/avancos-sao-insuficientes-nas-negociacoes-com-os-bancos\/","title":{"rendered":"Avan\u00e7os s\u00e3o insuficientes nas negocia\u00e7\u00f5es com os bancos"},"content":{"rendered":"<p>Em reuni\u00e3o entre o Comando Nacional dos Banc\u00e1rios e a Federa\u00e7\u00e3o Nacional dos Bancos (Fenaban), realizada na tarde desta segunda-feira (31), os bancos deram retorno sobre as reivindica\u00e7\u00f5es da categoria com rela\u00e7\u00e3o aos protocolos de seguran\u00e7a sanit\u00e1ria para garantir a sa\u00fade e a vida da categoria, apresentadas na\u00a0<a href=\"https:\/\/contrafcut.com.br\/noticias\/bancarios-querem-que-bancos-aumentem-seguranca-sanitaria\" target=\"_blank\" rel=\"noopener noreferrer\">reuni\u00e3o realizada do dia 18 de janeiro<\/a>.<\/p>\n<p>\u201cObtivemos algumas respostas positivas, mas ainda insuficientes para garantir a sa\u00fade e a vida dos banc\u00e1rios e evitar que os bancos se tornem um foco de transmiss\u00e3o da doen\u00e7a para toda a sociedade\u201d, disse a coordenadora do Comando, Ivone Silva, que tamb\u00e9m \u00e9 presidenta do Sindicato dos Banc\u00e1rios de S\u00e3o Paulo, Osasco e Regi\u00e3o. \u201c\u00c9 importante que haja um protocolo m\u00ednimo e mais r\u00edgido, pois deixar nas m\u00e3os dos gestores, isso acaba n\u00e3o sendo cumprido, principalmente na quest\u00e3o das m\u00e1scaras e da sanitiza\u00e7\u00e3o\u201d, completou, destacando a preocupa\u00e7\u00e3o do movimento com rela\u00e7\u00e3o ao relaxamento e \u00e0 banaliza\u00e7\u00e3o no cumprimento dos protocolos de preven\u00e7\u00e3o \u00e0 Covid-19. \u201cVamos continuar cobrando, pois n\u00e3o foram satisfat\u00f3rias as respostas dos bancos\u201d, garantiu.<\/p>\n<p>\u201cOs bancos garantiram que os trabalhadores que mantiveram contato com colegas com caso confirmado de Covid-19 devem ser testados para que haja o retorno ao trabalho. Caso n\u00e3o haja condi\u00e7\u00f5es de efetuar o teste, o retorno deve ocorrer somente no 11\u00ba dia ap\u00f3s o contato\u201d, informou o secret\u00e1rio de Sa\u00fade da Confedera\u00e7\u00e3o Nacional dos Trabalhadores do Ramo Financeiro (Contraf-CUT), Mauro Salles.<\/p>\n<p>A Fenaban disse que os bancos v\u00e3o enviar comunicados aos gestores orientando o afastamento de 10 dias, com retorno somente a partir do 11\u00ba dia, no caso de n\u00e3o haver testes dispon\u00edveis, podendo ser reduzido para 7 dias, com retorno a partir do 8\u00ba dia, caso haja um segundo teste negativo, ap\u00f3s o 5\u00ba dia de sintomas.<\/p>\n<p>\u201c\u00c9 importante que essa orienta\u00e7\u00e3o seja formalizada para que isso n\u00e3o fique a crit\u00e9rio dos gestores, pois muitos est\u00e3o evitando cumprir estes protocolos para atender as metas colocadas pelos bancos. Ou seja, \u00e9 mais importante o cumprimento de metas do que a preven\u00e7\u00e3o da sa\u00fade e a garantia da vida dos trabalhadores\u201d, ressaltou o secret\u00e1rio de Sa\u00fade da Contraf-CUT.<\/p>\n<h3><strong>Home office<\/strong><\/h3>\n<p>Em decorr\u00eancia do novo aumento dos casos de contamina\u00e7\u00e3o, interna\u00e7\u00f5es e \u00f3bitos por Covid-19, o Comando Nacional dos Banc\u00e1rios voltou a cobrar o retorno do teletrabalho, principalmente para aqueles que possuem alguma doen\u00e7a que possa ser agravada nos casos de contamina\u00e7\u00e3o pelo v\u00edrus da Sars-Cov-2 (comorbidade).<\/p>\n<p>\u201cDesde o in\u00edcio da pandemia no pa\u00eds, nossas negocia\u00e7\u00f5es com os bancos fizeram com que o setor banc\u00e1rio conseguisse evitar que o n\u00famero de cont\u00e1gio e mortes fosse ainda maior. Agora, estamos vendo um retrocesso que n\u00e3o est\u00e1 diferenciando o setor banc\u00e1rio dos outros setores. Isso pode levar ao aumento dos casos na categoria e isso n\u00e3o podemos permitir\u201d, disse Ivone.<\/p>\n<h3><strong>M\u00e1scaras<\/strong><\/h3>\n<p>Os bancos n\u00e3o aceitaram fornecer m\u00e1scaras adequadas para seus funcion\u00e1rios, que sejam capazes de minimizar as possibilidades de cont\u00e1gio e transmiss\u00e3o do v\u00edrus. Alegam que existem banc\u00e1rios que preferem usar suas pr\u00f3prias m\u00e1scaras de pano.<\/p>\n<p>\u201cReivindicamos fornecimento de m\u00e1scaras adequadas, indicadas por especialistas, pois n\u00e3o podemos aceitar falsa sensa\u00e7\u00e3o de seguran\u00e7a. A maioria dos especialistas aponta que m\u00e1scaras de pano n\u00e3o protegem da variante \u00d4micron\u201d, observou Mauro Salles. \u201cO que nos parece \u00e9 que os bancos est\u00e3o sendo negacionistas e est\u00e3o tratando a doen\u00e7a como uma \u2018gripezinha\u2019. Sabemos que n\u00e3o se trata de uma \u2018gripezinha\u2019\u201d, completou.<\/p>\n<h3><strong>Vacina\u00e7\u00e3o contra a gripe<\/strong><\/h3>\n<p>O Comando reivindicou ainda que os bancos adiantem a vacina\u00e7\u00e3o contra a gripe, como forma de preven\u00e7\u00e3o contra a doen\u00e7a e para evitar que haja confus\u00e3o dos casos de gripe com os de Covid-19, uma vez que os sintomas s\u00e3o muito parecidos.<\/p>\n<p>A Fenaban informou que os bancos v\u00e3o adquirir as vacinas assim que as mesmas forem disponibilizadas, com a atualiza\u00e7\u00e3o da f\u00f3rmula para a prote\u00e7\u00e3o contra a H3N2 e as novas cepas do v\u00edrus da gripe. Mas, pode ser que n\u00e3o haja tanta antecipa\u00e7\u00e3o, pois os laborat\u00f3rios precisam produzir a vacina e a Ag\u00eancia Nacional de Vigil\u00e2ncia Sanit\u00e1ria (Anvisa) precisa autorizar a importa\u00e7\u00e3o. A previs\u00e3o \u00e9 de que a vacina\u00e7\u00e3o nos bancos seja realizada entre abril e junho, dependendo de quando a nova vacina ficar pronta e do tempo que a Anvisa levar\u00e1 para autorizar sua importa\u00e7\u00e3o.<\/p>\n<h3><strong>Reivindica\u00e7\u00f5es que permanecem<\/strong><\/h3>\n<ul>\n<li>Sanitiza\u00e7\u00e3o das ag\u00eancias e unidades administrativas com casos confirmados;<\/li>\n<li>Exig\u00eancia do passaporte da vacina dos clientes;<\/li>\n<li>Distribui\u00e7\u00e3o de m\u00e1scaras adequadas (PFF2\/N95) para os funcion\u00e1rios;<\/li>\n<li>Protocolo unificado;<\/li>\n<li>Retomada do teletrabalho em home office;<\/li>\n<li>Controle de acesso de clientes;<\/li>\n<li>Redu\u00e7\u00e3o do hor\u00e1rio de atendimento para diminuir tempo de exposi\u00e7\u00e3o;<\/li>\n<li>Garantia de \u00e1lcool-gel nas ag\u00eancias e departamentos;<\/li>\n<li>Manuten\u00e7\u00e3o de marca\u00e7\u00e3o do distanciamento;<\/li>\n<li>Suspens\u00e3o de visitas a clientes, pelo menos neste momento de alta de casos de infec\u00e7\u00e3o;<\/li>\n<li>Melhorar o atendimento da telemedicina;<\/li>\n<li>Compromisso com a n\u00e3o-demiss\u00e3o;<\/li>\n<li>Antecipa\u00e7\u00e3o da vacina\u00e7\u00e3o contra a gripe.<\/li>\n<\/ul>\n<p><strong>Fonte: Contraf-CUT<\/strong><\/p>\n","protected":false},"excerpt":{"rendered":"<p>Em reuni\u00e3o entre o Comando Nacional dos Banc\u00e1rios e a Federa\u00e7\u00e3o Nacional dos Bancos (Fenaban), realizada na tarde desta segunda-feira (31), os bancos deram retorno sobre as reivindica\u00e7\u00f5es da categoria com rela\u00e7\u00e3o aos protocolos de seguran\u00e7a sanit\u00e1ria para garantir a sa\u00fade e a vida da categoria, apresentadas na\u00a0reuni\u00e3o realizada do dia 18 de janeiro. \u201cObtivemos [&hellip;]<\/p>\n","protected":false},"author":2,"featured_media":12087,"comment_status":"","ping_status":"","sticky":false,"template":"","format":"standard","meta":{"footnotes":""},"categories":[3],"tags":[],"class_list":["post-12088","post","type-post","status-publish","format-standard","has-post-thumbnail","hentry","category-noticias"],"_links":{"self":[{"href":"https:\/\/hostnetart.com.br\/baixada\/wp-json\/wp\/v2\/posts\/12088","targetHints":{"allow":["GET"]}}],"collection":[{"href":"https:\/\/hostnetart.com.br\/baixada\/wp-json\/wp\/v2\/posts"}],"about":[{"href":"https:\/\/hostnetart.com.br\/baixada\/wp-json\/wp\/v2\/types\/post"}],"author":[{"embeddable":true,"href":"https:\/\/hostnetart.com.br\/baixada\/wp-json\/wp\/v2\/users\/2"}],"replies":[{"embeddable":true,"href":"https:\/\/hostnetart.com.br\/baixada\/wp-json\/wp\/v2\/comments?post=12088"}],"version-history":[{"count":0,"href":"https:\/\/hostnetart.com.br\/baixada\/wp-json\/wp\/v2\/posts\/12088\/revisions"}],"wp:featuredmedia":[{"embeddable":true,"href":"https:\/\/hostnetart.com.br\/baixada\/wp-json\/wp\/v2\/media\/12087"}],"wp:attachment":[{"href":"https:\/\/hostnetart.com.br\/baixada\/wp-json\/wp\/v2\/media?parent=12088"}],"wp:term":[{"taxonomy":"category","embeddable":true,"href":"https:\/\/hostnetart.com.br\/baixada\/wp-json\/wp\/v2\/categories?post=12088"},{"taxonomy":"post_tag","embeddable":true,"href":"https:\/\/hostnetart.com.br\/baixada\/wp-json\/wp\/v2\/tags?post=12088"}],"curies":[{"name":"wp","href":"https:\/\/api.w.org\/{rel}","templated":true}]}}