{"id":12084,"date":"2022-01-31T19:40:05","date_gmt":"2022-01-31T22:40:05","guid":{"rendered":"https:\/\/hostnetart.com.br\/baixada\/movimento-sindical-reivindica-antecipacao-da-segunda-parcela-da-plr\/"},"modified":"2022-01-31T19:40:05","modified_gmt":"2022-01-31T22:40:05","slug":"movimento-sindical-reivindica-antecipacao-da-segunda-parcela-da-plr","status":"publish","type":"post","link":"https:\/\/hostnetart.com.br\/baixada\/movimento-sindical-reivindica-antecipacao-da-segunda-parcela-da-plr\/","title":{"rendered":"Movimento Sindical reivindica antecipa\u00e7\u00e3o da segunda parcela da PLR"},"content":{"rendered":"<div class=\"elementor-element elementor-element-194680ec elementor-widget elementor-widget-theme-post-content\" data-id=\"194680ec\" data-element_type=\"widget\" data-widget_type=\"theme-post-content.default\">\n<div class=\"elementor-widget-container\">\n<p>O Movimento Sindical Banc\u00e1rio, atrav\u00e9s da Confedera\u00e7\u00e3o Nacional dos Trabalhadores do Ramo Financeiro (Contraf-CUT), enviou nesta segunda-feira (31) of\u00edcio aos bancos Santander, Bradesco, Ita\u00fa, Safra, Banco do Brasil, Banco do Nordete (BNB) e Banco da Amaz\u00f4nia (Basa) para reivindicar a antecipa\u00e7\u00e3o do pagamento da Participa\u00e7\u00e3o nos Lucros e Resultados (PLR) aos banc\u00e1rios.<\/p>\n<p>A Conven\u00e7\u00e3o Coletiva do Trabalho (CCT) da categoria determina que os bancos t\u00eam at\u00e9 1\u00ba de mar\u00e7o para realizarem o cr\u00e9dito. Todos os anos a Contraf-CUT solicita a antecipa\u00e7\u00e3o, muitas vezes atendida pelas institui\u00e7\u00f5es financeiras.<\/p>\n<p>Mar\u00e7o \u00e9 a data do pagamento da segunda parcela da PLR 2021, descontado o valor pago como antecipa\u00e7\u00e3o em setembro de 2021. Com os balan\u00e7os dos bancos no ano de 2021 fechados e os resultados consolidados, cada institui\u00e7\u00e3o financeira j\u00e1 pode calcular o que pagar\u00e1 de PLR a seus funcion\u00e1rios. \u00c9 importante lembrar que em 2020 a categoria banc\u00e1ria conquistou um acordo de dois anos que garantiu, entre outros avan\u00e7os, um reajuste de 10,97% (reposi\u00e7\u00e3o da infla\u00e7\u00e3o + aumento real de 0,5%) nas parcelas fixa e adicional no teto da PLR 2021.<\/p>\n<h3>PLR<\/h3>\n<p>A categoria banc\u00e1ria foi a primeira no Brasil a conquistar participa\u00e7\u00e3o no lucro das empresas. Desde 1995, a CCT determina o pagamento da PLR pelos bancos.<\/p>\n<p><em>A PLR \u00e9 composta por regra b\u00e1sica e parcela adicional:<\/em><\/p>\n<p>1- Regra B\u00e1sica: corresponde a 90% do sal\u00e1rio-base + verbas fixas de natureza salarial, reajustados em setembro de 2021, mais o valor fixo de R$ 2.807,03, limitada ao valor individual de R$ 15.058,34.<\/p>\n<p>A regra b\u00e1sica tem como teto o percentual de 12,8% do lucro l\u00edquido do banco; e, como m\u00ednimo, o percentual de 5% do lucro l\u00edquido do banco. Ou seja, se o valor total da \u201cRegra B\u00e1sica\u201d da PLR for inferior a 5% do lucro l\u00edquido do banco, em 2021, o valor individual dever\u00e1 ser majorado at\u00e9 alcan\u00e7ar 2,2 sal\u00e1rios do empregado e limitado ao valor de R$ 33.128,31, ou at\u00e9 que o valor total da \u201cRegra B\u00e1sica\u201d da PLR atinja 5% do lucro l\u00edquido, o que ocorrer primeiro.<\/p>\n<p>2- Parcela Adicional: corresponde \u00e0 divis\u00e3o linear de 2,2% do lucro l\u00edquido, pelo n\u00famero total de empregados, em partes iguais, at\u00e9 o limite individual de R$ 5.614,06.<\/p>\n<p>De acordo com a CCT, todas as institui\u00e7\u00f5es financeiras que apresentaram lucro est\u00e3o obrigadas a pagar a PLR, com exce\u00e7\u00e3o das que tiveram preju\u00edzo em 2021.<\/p>\n<h3>Confira o calend\u00e1rio de divulga\u00e7\u00e3o dos balan\u00e7os dos bancos<\/h3>\n<ul>\n<li>Santander \u2013 02\/02<\/li>\n<li>Bradesco \u2013 08\/02<\/li>\n<li>BB \u2013 14\/02<\/li>\n<li>Ita\u00fa \u2013 10\/02<\/li>\n<li>Basa \u2013 31\/03<\/li>\n<\/ul>\n<p>*Os demais bancos n\u00e3o divulgaram as datas da divulga\u00e7\u00e3o dos resultados<\/p>\n<p><strong>Fonte: Contraf-CUT<\/strong><\/p>\n<\/div>\n<\/div>\n","protected":false},"excerpt":{"rendered":"<p>O Movimento Sindical Banc\u00e1rio, atrav\u00e9s da Confedera\u00e7\u00e3o Nacional dos Trabalhadores do Ramo Financeiro (Contraf-CUT), enviou nesta segunda-feira (31) of\u00edcio aos bancos Santander, Bradesco, Ita\u00fa, Safra, Banco do Brasil, Banco do Nordete (BNB) e Banco da Amaz\u00f4nia (Basa) para reivindicar a antecipa\u00e7\u00e3o do pagamento da Participa\u00e7\u00e3o nos Lucros e Resultados (PLR) aos banc\u00e1rios. A Conven\u00e7\u00e3o Coletiva [&hellip;]<\/p>\n","protected":false},"author":2,"featured_media":12083,"comment_status":"","ping_status":"","sticky":false,"template":"","format":"standard","meta":{"footnotes":""},"categories":[3],"tags":[],"class_list":["post-12084","post","type-post","status-publish","format-standard","has-post-thumbnail","hentry","category-noticias"],"_links":{"self":[{"href":"https:\/\/hostnetart.com.br\/baixada\/wp-json\/wp\/v2\/posts\/12084","targetHints":{"allow":["GET"]}}],"collection":[{"href":"https:\/\/hostnetart.com.br\/baixada\/wp-json\/wp\/v2\/posts"}],"about":[{"href":"https:\/\/hostnetart.com.br\/baixada\/wp-json\/wp\/v2\/types\/post"}],"author":[{"embeddable":true,"href":"https:\/\/hostnetart.com.br\/baixada\/wp-json\/wp\/v2\/users\/2"}],"replies":[{"embeddable":true,"href":"https:\/\/hostnetart.com.br\/baixada\/wp-json\/wp\/v2\/comments?post=12084"}],"version-history":[{"count":0,"href":"https:\/\/hostnetart.com.br\/baixada\/wp-json\/wp\/v2\/posts\/12084\/revisions"}],"wp:featuredmedia":[{"embeddable":true,"href":"https:\/\/hostnetart.com.br\/baixada\/wp-json\/wp\/v2\/media\/12083"}],"wp:attachment":[{"href":"https:\/\/hostnetart.com.br\/baixada\/wp-json\/wp\/v2\/media?parent=12084"}],"wp:term":[{"taxonomy":"category","embeddable":true,"href":"https:\/\/hostnetart.com.br\/baixada\/wp-json\/wp\/v2\/categories?post=12084"},{"taxonomy":"post_tag","embeddable":true,"href":"https:\/\/hostnetart.com.br\/baixada\/wp-json\/wp\/v2\/tags?post=12084"}],"curies":[{"name":"wp","href":"https:\/\/api.w.org\/{rel}","templated":true}]}}