{"id":12082,"date":"2022-01-31T19:38:02","date_gmt":"2022-01-31T22:38:02","guid":{"rendered":"https:\/\/hostnetart.com.br\/baixada\/bb-trabalhadores-denunciam-falta-de-seguranca-contra-a-covid-19\/"},"modified":"2022-01-31T19:38:02","modified_gmt":"2022-01-31T22:38:02","slug":"bb-trabalhadores-denunciam-falta-de-seguranca-contra-a-covid-19","status":"publish","type":"post","link":"https:\/\/hostnetart.com.br\/baixada\/bb-trabalhadores-denunciam-falta-de-seguranca-contra-a-covid-19\/","title":{"rendered":"BB: Trabalhadores denunciam falta de seguran\u00e7a contra a Covid-19"},"content":{"rendered":"<p>A Comiss\u00e3o de Empresa dos Funcion\u00e1rios do Banco do Brasil (CEBB) se reuniu com o banco, na tarde desta sexta-feira (28), para exigir a aplica\u00e7\u00e3o de medidas de seguran\u00e7a contra a Covid-19 e outras doen\u00e7as virais. O encontro ocorreu em meio ao aumento exponencial de funcion\u00e1rias e funcion\u00e1rios contaminados em todo o pa\u00eds.<\/p>\n<p>Os representantes dos trabalhadores apontaram que os protocolos de seguran\u00e7a do Manual de Trabalho Presencial n\u00e3o s\u00e3o observados da mesma maneira em todas as unidades. H\u00e1 tamb\u00e9m registro de que os funcion\u00e1rios terceirizados, al\u00e9m de n\u00e3o receberem equipamentos de seguran\u00e7a adequados, n\u00e3o s\u00e3o orientados da mesma maneira que os concursados.<\/p>\n<p>Outra den\u00fancia \u00e9 que os funcion\u00e1rios da Central de Relacionamento do BB (CRBB), de atendimento telef\u00f4nico, n\u00e3o est\u00e3o trabalhando com o afastamento de um metro, dist\u00e2ncia m\u00ednima entre duas pessoas para reduzir as chances de cont\u00e1gio, conforme recomenda\u00e7\u00e3o da Organiza\u00e7\u00e3o Mundial da Sa\u00fade (OMS).<\/p>\n<p>\u201c\u00c9 um absurdo, na altura dos acontecimentos, que ainda seja necess\u00e1rio sentar com o banco para fazer exig\u00eancias \u00f3bvias pela seguran\u00e7a dos trabalhadores\u201d, lamentou o coordenador da Comiss\u00e3o de Empresa dos Funcion\u00e1rios do Banco do Brasil (CEBB), Jo\u00e3o Fukunaga.<\/p>\n<p>Nesta semana, a Covid-19 voltou a ser a principal causa de morte no Brasil. Em entrevista ao portal UOL, o m\u00e9dico sanitarista Gonzalo Vecina Neto destacou que a capacidade de dispers\u00e3o da variante \u00d4micron \u00e9 \u201cabsurdamente elevada\u201d. \u201cN\u00f3s estamos tendo um crescimento imenso de casos e isso est\u00e1 levando muita gente para o hospital, principalmente aqueles com comorbidades\u201d, completou o especialista.<\/p>\n<p>O banco tamb\u00e9m foi cobrado pela longa fila de espera no atendimento da telemedicina da Cassi. \u201c<a href=\"https:\/\/contrafcut.com.br\/noticias\/cassi-diretoria-tenta-afastar-responsabilidade-por-ma-gestao-culpando-associados\/\" target=\"_blank\" rel=\"noopener noreferrer\">O BB tem responsabilidade direta<\/a>, uma vez que divide a gest\u00e3o com os diretores eleitos da entidade\u201d, pontuou Fukunaga.<\/p>\n<p>O movimento sindical pede ainda ao banco a r\u00e1pida implementa\u00e7\u00e3o das seguintes medidas:<\/p>\n<ul>\n<li>Cobran\u00e7a de passaporte vacinal;<\/li>\n<li>Redu\u00e7\u00e3o do hor\u00e1rio de atendimento nas ag\u00eancias;<\/li>\n<li>Limita\u00e7\u00e3o de entrada dos clientes nas ag\u00eancias;<\/li>\n<li>Puni\u00e7\u00e3o pra quem n\u00e3o usar m\u00e1scara e para gestor que n\u00e3o orientar;<\/li>\n<li>Puni\u00e7\u00e3o para quem insistir em permanecer no local do trabalho com sintomas ou positivado;<\/li>\n<li>Teletrabalho para locais de grande aglomera\u00e7\u00e3o e todos dos grupos de risco;<\/li>\n<li>Fechamento de ag\u00eancias para sanitiza\u00e7\u00e3o e n\u00e3o apenas higieniza\u00e7\u00e3o;<\/li>\n<li>Estabelecimento de crit\u00e9rios para o fechamento das ag\u00eancias em caso de falta de funcion\u00e1rio; e<\/li>\n<li>Testagem de casos suspeitos.<\/li>\n<\/ul>\n<p>O banco disse que ir\u00e1 analisar os pedidos, mas adiantou n\u00e3o haver perspectivas para o trabalho remoto institucionalizado, alegando que a aplica\u00e7\u00e3o do teletrabalho poderia criar inseguran\u00e7a no ambiente de trabalho.<\/p>\n<p>\u201cO banco precisa entender que n\u00e3o estamos exigindo a implementa\u00e7\u00e3o do acordo de teletrabalho por capricho, mas porque \u00e9 poss\u00edvel ao banco continuar funcionando normalmente com parte dos trabalhadores em home office, como j\u00e1 aconteceu em 2020 e 2021. Agora que os \u00edndices de contamina\u00e7\u00e3o voltam a aumentar, n\u00e3o entendemos o motivo desta resist\u00eancia em institucionalizar o teletrabalho, que pode contribuir para proteger n\u00e3o apenas os funcion\u00e1rios, mas tamb\u00e9m seus familiares\u201d, respondeu Fukunaga.<\/p>\n<p><strong>Fonte: Contraf-CUT<\/strong><\/p>\n","protected":false},"excerpt":{"rendered":"<p>A Comiss\u00e3o de Empresa dos Funcion\u00e1rios do Banco do Brasil (CEBB) se reuniu com o banco, na tarde desta sexta-feira (28), para exigir a aplica\u00e7\u00e3o de medidas de seguran\u00e7a contra a Covid-19 e outras doen\u00e7as virais. O encontro ocorreu em meio ao aumento exponencial de funcion\u00e1rias e funcion\u00e1rios contaminados em todo o pa\u00eds. Os representantes [&hellip;]<\/p>\n","protected":false},"author":2,"featured_media":12081,"comment_status":"","ping_status":"","sticky":false,"template":"","format":"standard","meta":{"footnotes":""},"categories":[3],"tags":[],"class_list":["post-12082","post","type-post","status-publish","format-standard","has-post-thumbnail","hentry","category-noticias"],"_links":{"self":[{"href":"https:\/\/hostnetart.com.br\/baixada\/wp-json\/wp\/v2\/posts\/12082","targetHints":{"allow":["GET"]}}],"collection":[{"href":"https:\/\/hostnetart.com.br\/baixada\/wp-json\/wp\/v2\/posts"}],"about":[{"href":"https:\/\/hostnetart.com.br\/baixada\/wp-json\/wp\/v2\/types\/post"}],"author":[{"embeddable":true,"href":"https:\/\/hostnetart.com.br\/baixada\/wp-json\/wp\/v2\/users\/2"}],"replies":[{"embeddable":true,"href":"https:\/\/hostnetart.com.br\/baixada\/wp-json\/wp\/v2\/comments?post=12082"}],"version-history":[{"count":0,"href":"https:\/\/hostnetart.com.br\/baixada\/wp-json\/wp\/v2\/posts\/12082\/revisions"}],"wp:featuredmedia":[{"embeddable":true,"href":"https:\/\/hostnetart.com.br\/baixada\/wp-json\/wp\/v2\/media\/12081"}],"wp:attachment":[{"href":"https:\/\/hostnetart.com.br\/baixada\/wp-json\/wp\/v2\/media?parent=12082"}],"wp:term":[{"taxonomy":"category","embeddable":true,"href":"https:\/\/hostnetart.com.br\/baixada\/wp-json\/wp\/v2\/categories?post=12082"},{"taxonomy":"post_tag","embeddable":true,"href":"https:\/\/hostnetart.com.br\/baixada\/wp-json\/wp\/v2\/tags?post=12082"}],"curies":[{"name":"wp","href":"https:\/\/api.w.org\/{rel}","templated":true}]}}