{"id":12080,"date":"2022-01-31T19:31:01","date_gmt":"2022-01-31T22:31:01","guid":{"rendered":"https:\/\/hostnetart.com.br\/baixada\/semana-sera-de-negociacoes-com-a-caixa\/"},"modified":"2022-01-31T19:31:01","modified_gmt":"2022-01-31T22:31:01","slug":"semana-sera-de-negociacoes-com-a-caixa","status":"publish","type":"post","link":"https:\/\/hostnetart.com.br\/baixada\/semana-sera-de-negociacoes-com-a-caixa\/","title":{"rendered":"Semana ser\u00e1 de negocia\u00e7\u00f5es com a Caixa"},"content":{"rendered":"<p>Ap\u00f3s cobran\u00e7a do movimento sindical, a Caixa Econ\u00f4mica Federal entrou em contato com a representa\u00e7\u00e3o dos trabalhadores e agendou duas reuni\u00f5es de negocia\u00e7\u00e3o. A primeira acontecer\u00e1 na segunda-feira e ter\u00e1 como pauta os crit\u00e9rios para a defini\u00e7\u00e3o da promo\u00e7\u00e3o por m\u00e9rito (Delta\/plano de carreira) dos empregados. A outra reuni\u00e3o \u00e9 para tratar sobre os protocolos de seguran\u00e7a sanit\u00e1ria e preven\u00e7\u00e3o contra a Covid-19, al\u00e9m das condi\u00e7\u00f5es de trabalho no banco. Ambas ser\u00e3o realizadas \u00e0s 15h, de segunda e quarta, respectivamente.<\/p>\n<p>\u201c\u00c9 lament\u00e1vel que as reuni\u00f5es somente aconte\u00e7am ap\u00f3s a cobran\u00e7a do movimento sindical. Esperamos que a demora tenha sido devido ao andamento das nossas reivindica\u00e7\u00f5es ao banco. Tamb\u00e9m esperamos que, tanto em rela\u00e7\u00e3o \u00e0 promo\u00e7\u00e3o por m\u00e9rito, quanto em rela\u00e7\u00e3o \u00e0 melhoria das condi\u00e7\u00f5es de trabalho e dos protocolos de seguran\u00e7a sanit\u00e1ria e preven\u00e7\u00e3o \u00e0 Covid-19, o banco nos apresente propostas aceit\u00e1veis e n\u00e3o venha com mais uma enrola\u00e7\u00e3o\u201d, afirmou a coordenadora da Comiss\u00e3o Executiva dos Empregados (CEE) da Caixa, Fabiana Uehara Proscholdt, que tamb\u00e9m \u00e9 secret\u00e1ria de Cultura da Confedera\u00e7\u00e3o Nacional dos Trabalhadores do Ramo Financeiro (Contraf-CUT).<\/p>\n<p><strong>Fonte: Contraf-CUT<\/strong><\/p>\n","protected":false},"excerpt":{"rendered":"<p>Ap\u00f3s cobran\u00e7a do movimento sindical, a Caixa Econ\u00f4mica Federal entrou em contato com a representa\u00e7\u00e3o dos trabalhadores e agendou duas reuni\u00f5es de negocia\u00e7\u00e3o. A primeira acontecer\u00e1 na segunda-feira e ter\u00e1 como pauta os crit\u00e9rios para a defini\u00e7\u00e3o da promo\u00e7\u00e3o por m\u00e9rito (Delta\/plano de carreira) dos empregados. A outra reuni\u00e3o \u00e9 para tratar sobre os protocolos [&hellip;]<\/p>\n","protected":false},"author":2,"featured_media":12079,"comment_status":"","ping_status":"","sticky":false,"template":"","format":"standard","meta":{"footnotes":""},"categories":[3],"tags":[],"class_list":["post-12080","post","type-post","status-publish","format-standard","has-post-thumbnail","hentry","category-noticias"],"_links":{"self":[{"href":"https:\/\/hostnetart.com.br\/baixada\/wp-json\/wp\/v2\/posts\/12080","targetHints":{"allow":["GET"]}}],"collection":[{"href":"https:\/\/hostnetart.com.br\/baixada\/wp-json\/wp\/v2\/posts"}],"about":[{"href":"https:\/\/hostnetart.com.br\/baixada\/wp-json\/wp\/v2\/types\/post"}],"author":[{"embeddable":true,"href":"https:\/\/hostnetart.com.br\/baixada\/wp-json\/wp\/v2\/users\/2"}],"replies":[{"embeddable":true,"href":"https:\/\/hostnetart.com.br\/baixada\/wp-json\/wp\/v2\/comments?post=12080"}],"version-history":[{"count":0,"href":"https:\/\/hostnetart.com.br\/baixada\/wp-json\/wp\/v2\/posts\/12080\/revisions"}],"wp:featuredmedia":[{"embeddable":true,"href":"https:\/\/hostnetart.com.br\/baixada\/wp-json\/wp\/v2\/media\/12079"}],"wp:attachment":[{"href":"https:\/\/hostnetart.com.br\/baixada\/wp-json\/wp\/v2\/media?parent=12080"}],"wp:term":[{"taxonomy":"category","embeddable":true,"href":"https:\/\/hostnetart.com.br\/baixada\/wp-json\/wp\/v2\/categories?post=12080"},{"taxonomy":"post_tag","embeddable":true,"href":"https:\/\/hostnetart.com.br\/baixada\/wp-json\/wp\/v2\/tags?post=12080"}],"curies":[{"name":"wp","href":"https:\/\/api.w.org\/{rel}","templated":true}]}}