{"id":1208,"date":"2013-07-23T00:00:00","date_gmt":"2013-07-23T03:00:00","guid":{"rendered":"https:\/\/hostnetart.com.br\/baixada\/apos-cobranca-dos-bancarios-santander-marca-negociacao-para-dia-29\/"},"modified":"2013-07-23T00:00:00","modified_gmt":"2013-07-23T03:00:00","slug":"apos-cobranca-dos-bancarios-santander-marca-negociacao-para-dia-29","status":"publish","type":"post","link":"https:\/\/hostnetart.com.br\/baixada\/apos-cobranca-dos-bancarios-santander-marca-negociacao-para-dia-29\/","title":{"rendered":"Ap\u00f3s cobran\u00e7a dos banc\u00e1rios, Santander marca negocia\u00e7\u00e3o para dia 29"},"content":{"rendered":"<p>Ap\u00f3s cancelamento unilateral, o que foi contestado pela Contraf-CUT, sindicatos e federa\u00e7\u00f5es, o Santander remarcou nesta segunda-feira (22) a reuni\u00e3o do Comit\u00ea de Rela\u00e7\u00f5es Trabalhistas (CRT) para a pr\u00f3xima segunda-feira (29), \u00e0s 14 horas, no pr\u00e9dio do ex-Banespa, em S\u00e3o Paulo. A negocia\u00e7\u00e3o ocorrer\u00e1 no mesmo hor\u00e1rio e local da reuni\u00e3o do Grupo de Trabalho (GT) de Call Center.<\/p>\n<p>\u00a0<\/p>\n<p>\u201cA expectativa dos banc\u00e1rios \u00e9 a discuss\u00e3o da pauta espec\u00edfica de reivindica\u00e7\u00f5es, aprovada no Encontro Nacional dos Dirigentes Sindicais e entregue ao banco espanhol no dia 26 de junho, que n\u00e3o chegou a ser debatida na reuni\u00e3o do CRT no \u00faltimo dia 4\u2033, afirma o funcion\u00e1rio do banco e secret\u00e1rio de imprensa da Contraf-CUT, Ademir Wiederkehr.<\/p>\n<p>\u00a0<\/p>\n<p>A pauta cont\u00e9m reivindica\u00e7\u00f5es de emprego, condi\u00e7\u00f5es de trabalho, remunera\u00e7\u00e3o, sa\u00fade suplementar e previd\u00eancia complementar, al\u00e9m de v\u00e1rias pend\u00eancias de reuni\u00f5es anteriores do CRT.<\/p>\n<p>\u00a0<\/p>\n<p>\u00a0<\/p>\n<p><strong>Demiss\u00f5es e reestrutura\u00e7\u00e3o<\/strong><\/p>\n<p>\u00a0<\/p>\n<p>Segundo informa\u00e7\u00f5es da maioria dos sindicatos para a Contraf-CUT, o banco demitiu 2.604 banc\u00e1rios no 1\u00ba semestre deste ano, dos quais 1.820 sem justa causa. Isso piorou as condi\u00e7\u00f5es de trabalho, pois faltam ainda mais funcion\u00e1rios e aumentou a sobrecarga de servi\u00e7os, a press\u00e3o das metas abusivas e o adoecimento de muitos colegas.<\/p>\n<p>\u00a0<\/p>\n<p>As prec\u00e1rias condi\u00e7\u00f5es de trabalho tamb\u00e9m afetam o atendimento. N\u00e3o \u00e9 \u00e0 toa que o Santander liderou em junho, pelo quinto m\u00eas consecutivo, o ranking de reclama\u00e7\u00f5es de clientes junto ao Banco Central.<\/p>\n<p>\u00a0<\/p>\n<p>Outra preocupa\u00e7\u00e3o dos banc\u00e1rios \u00e9 com o reestrutura\u00e7\u00e3o que se encontra em andamento no banco. A dispensa de coordenadores das ag\u00eancias menores sobrecarregou caixas e gerentes que, al\u00e9m de n\u00e3o darem conta do pr\u00f3prio trabalho, ainda s\u00e3o obrigados a acumular mais uma fun\u00e7\u00e3o.<\/p>\n<p>\u00a0<\/p>\n<p>\u00a0<\/p>\n<p><strong>Expectativas dos banc\u00e1rios<\/strong><\/p>\n<p>\u00a0<\/p>\n<p>\u201cEsperamos que novo negociador do Santander traga respostas que garantam o atendimento das demandas dos funcion\u00e1rios, principais respons\u00e1veis por 26% do lucro mundial do banco espanhol, o melhor resultado em todos os pa\u00edses onde atua\u201d, ressalta o dirigente sindical.<\/p>\n<p>\u00a0<\/p>\n<p>\u201cTamb\u00e9m aguardamos a retirada das a\u00e7\u00f5es judiciais movidas pelo banco contra a Contraf-CUT, sindicatos, federa\u00e7\u00f5es e Afubesp para tentar calar a voz dos trabalhadores\u201d, reitera Ademir. \u201cTrata-se de uma pr\u00e1tica antissindical e uma agress\u00e3o inaceit\u00e1vel ao direito de liberdade de express\u00e3o do movimento sindical\u201d, salienta.<\/p>\n<p>\u00a0<\/p>\n<p>Outra demanda apresentada ao banco \u00e9 o fim da recente terceiriza\u00e7\u00e3o dos prepostos nas homologa\u00e7\u00f5es das rescis\u00f5es junto aos sindicatos. Trata-se de atividade-fim da empresa e que, portanto, n\u00e3o deve ser exercida por terceiros.<\/p>\n<p>\u00a0<\/p>\n<p>\u00a0<\/p>\n<p><strong>F\u00f3rum de Sa\u00fade e Condi\u00e7\u00f5es de Trabalho<\/strong><\/p>\n<p>\u00a0<\/p>\n<p>J\u00e1 o F\u00f3rum de Sa\u00fade e Condi\u00e7\u00f5es do Trabalho ocorre nesta quinta-feira (25), \u00e0s 14 horas, igualmente no pr\u00e9dio do ex-Banespa, na capital paulista. Trata-se de importante espa\u00e7o de debates, tamb\u00e9m previsto no acordo aditivo \u00e0 conven\u00e7\u00e3o coletiva, e o banco ficou de apresentar um projeto de programa de reabilita\u00e7\u00e3o profissional.<\/p>\n<p>\u00a0<\/p>\n<p>\u00a0<\/p>\n<p><strong>Reuni\u00f5es da COE do Santander<\/strong><\/p>\n<p>\u00a0<\/p>\n<p>Para preparar os debates, a Contraf-CUT reunir\u00e1 a Comiss\u00e3o de Organiza\u00e7\u00e3o dos Empregados (COE) do Santander antes das duas reuni\u00f5es agendadas com o banco, no mesmo dia de cada uma delas, \u00e0s 10 horas, na sede da Confedera\u00e7\u00e3o (Rua L\u00edbero Badar\u00f3, 158 \u2013 1\u00ba andar), no centro de S\u00e3o Paulo.<\/p>\n<p>\u00a0<\/p>\n<p>\u00a0<\/p>\n<p><strong>SantanderPrevi<\/strong><\/p>\n<p>\u00a0<\/p>\n<p>O banco ainda n\u00e3o agendou reuni\u00e3o para a retomada do GT sobre o processo eleitoral do SantanderPrevi, previsto no acordo aditivo \u00e0 conven\u00e7\u00e3o coletiva. Trata-se do fundo de pens\u00e3o com mais de 44 mil participantes, o maior do banco. No entanto, eles n\u00e3o podem participar de elei\u00e7\u00f5es democr\u00e1ticas para a escolha dos seus representantes nos conselhos, como acontece no Banesprev e Bandeprev.<\/p>\n<p>\u00a0<\/p>\n<p>\u201cA proposta dos banc\u00e1rios j\u00e1 est\u00e1 nas m\u00e3os do banco desde o ano passado e n\u00e3o h\u00e1 justificativa que sustente essa baita enrola\u00e7\u00e3o\u201d, destaca Ademir.<\/p>\n<p>\u00a0<\/p>\n<p>Fonte: Contraf-CUT<\/p>\n","protected":false},"excerpt":{"rendered":"<p>Ap\u00f3s cancelamento unilateral, o que foi contestado pela Contraf-CUT, sindicatos e federa\u00e7\u00f5es, o Santander remarcou nesta segunda-feira (22) a reuni\u00e3o do Comit\u00ea de Rela\u00e7\u00f5es Trabalhistas (CRT) para a pr\u00f3xima segunda-feira (29), \u00e0s 14 horas, no pr\u00e9dio do ex-Banespa, em S\u00e3o Paulo. A negocia\u00e7\u00e3o ocorrer\u00e1 no mesmo hor\u00e1rio e local da reuni\u00e3o do Grupo de Trabalho [&hellip;]<\/p>\n","protected":false},"author":1,"featured_media":0,"comment_status":"","ping_status":"","sticky":false,"template":"","format":"standard","meta":{"footnotes":""},"categories":[3],"tags":[],"class_list":["post-1208","post","type-post","status-publish","format-standard","hentry","category-noticias"],"_links":{"self":[{"href":"https:\/\/hostnetart.com.br\/baixada\/wp-json\/wp\/v2\/posts\/1208","targetHints":{"allow":["GET"]}}],"collection":[{"href":"https:\/\/hostnetart.com.br\/baixada\/wp-json\/wp\/v2\/posts"}],"about":[{"href":"https:\/\/hostnetart.com.br\/baixada\/wp-json\/wp\/v2\/types\/post"}],"author":[{"embeddable":true,"href":"https:\/\/hostnetart.com.br\/baixada\/wp-json\/wp\/v2\/users\/1"}],"replies":[{"embeddable":true,"href":"https:\/\/hostnetart.com.br\/baixada\/wp-json\/wp\/v2\/comments?post=1208"}],"version-history":[{"count":0,"href":"https:\/\/hostnetart.com.br\/baixada\/wp-json\/wp\/v2\/posts\/1208\/revisions"}],"wp:attachment":[{"href":"https:\/\/hostnetart.com.br\/baixada\/wp-json\/wp\/v2\/media?parent=1208"}],"wp:term":[{"taxonomy":"category","embeddable":true,"href":"https:\/\/hostnetart.com.br\/baixada\/wp-json\/wp\/v2\/categories?post=1208"},{"taxonomy":"post_tag","embeddable":true,"href":"https:\/\/hostnetart.com.br\/baixada\/wp-json\/wp\/v2\/tags?post=1208"}],"curies":[{"name":"wp","href":"https:\/\/api.w.org\/{rel}","templated":true}]}}