{"id":12074,"date":"2022-01-28T16:22:50","date_gmt":"2022-01-28T19:22:50","guid":{"rendered":"https:\/\/hostnetart.com.br\/baixada\/movimento-sindical-submetera-nota-tecnica-do-bb-a-auditoria-de-um-especialista\/"},"modified":"2022-01-28T16:22:50","modified_gmt":"2022-01-28T19:22:50","slug":"movimento-sindical-submetera-nota-tecnica-do-bb-a-auditoria-de-um-especialista","status":"publish","type":"post","link":"https:\/\/hostnetart.com.br\/baixada\/movimento-sindical-submetera-nota-tecnica-do-bb-a-auditoria-de-um-especialista\/","title":{"rendered":"Movimento Sindical submeter\u00e1 nota t\u00e9cnica do BB \u00e0 auditoria de um especialista"},"content":{"rendered":"<p>O Minist\u00e9rio P\u00fablico do Trabalho realizou, na tarde desta quinta-feira (27), a continuidade da audi\u00eancia de media\u00e7\u00e3o, solicitada pelo Movimento Sindical Banc\u00e1rio, atrav\u00e9s da Confedera\u00e7\u00e3o Nacional dos Trabalhadores do Ramo Financeiro (Contraf-CUT), para o Banco do Brasil explicar a decis\u00e3o unilateral de alterar o Manual de Trabalho Presencial, que dita os protocolos de seguran\u00e7a sanit\u00e1ria contra a Covid-19 e outras doen\u00e7as virais.<\/p>\n<p><a href=\"https:\/\/contrafcut.com.br\/noticias\/mpt-pede-esclarecimentos-ao-bb-sobre-mudancas-no-manual-de-trabalho-presencial\/\">No encontro anterior de media\u00e7\u00e3o, realizado em 12 de janeiro<\/a>, ficou acordado que o Banco do Brasil faria uma Nota T\u00e9cnica explicando a retirada do item que determinava o encerramento de expediente da depend\u00eancia no mesmo dia da confirma\u00e7\u00e3o de funcion\u00e1rio com teste positivo para Covid-19.<\/p>\n<p>\u201cA Contraf-CUT recebeu a Nota T\u00e9cnica e n\u00e3o ficamos satisfeitos com a resposta, por n\u00e3o trazer respaldo de estudos e dados de entidades da Sa\u00fade. Al\u00e9m disso, recebemos a nota sem tempo h\u00e1bil para avaliar com profissionais da \u00e1rea da sa\u00fade\u201d, destacou o coordenador da Comiss\u00e3o de Empresa dos Funcion\u00e1rios do Banco do Brasil (CEBB), Jo\u00e3o Fukunaga.<\/p>\n<p>Diante deste fato, os representantes dos trabalhadores solicitaram tempo para submeter a Nota T\u00e9cnica \u00e0 consulta de um m\u00e9dico sanitarista. A audi\u00eancia, ent\u00e3o, foi suspensa e sua continua\u00e7\u00e3o agendada para o dia 8 de fevereiro, \u00e0s 10h, sendo que a Contraf-CUT apresentar\u00e1 o resultado da avalia\u00e7\u00e3o da nota sob a \u00f3tima de um especialista at\u00e9 o dia anterior.<\/p>\n<h3>Banco indicou que a media\u00e7\u00e3o estaria esvaziada<\/h3>\n<p>Durante o encontro desta quinta-feira, os representantes do banco amea\u00e7aram n\u00e3o prosseguir mais com a audi\u00eancia de concilia\u00e7\u00e3o, pelo fato de alguns sindicatos terem obtido liminares na Justi\u00e7a para o home office e para aplica\u00e7\u00e3o do Manual de Trabalho Presencial anterior \u00e0s mudan\u00e7as feitas pelo banco.<\/p>\n<p>Os representantes da Contraf-CUT responderam que as a\u00e7\u00f5es na Justi\u00e7a n\u00e3o foram promovidas pela Confedera\u00e7\u00e3o e sim pelas bases sindicais, que t\u00eam autonomia para utilizar este caminho. \u201cO problema [do alto \u00edndice de adoecimento de funcion\u00e1rios no BB] \u00e9 um problema nacional, maior em alguns locais, menor em outros, mas \u00e9 um problema que precisa de uma decis\u00e3o ampla, \u00fanica, ponderada e, portanto, eu entendo que aqui [no MPT] ainda \u00e9 um f\u00f3rum h\u00e1bil poss\u00edvel de conversa e de avan\u00e7o\u201d, ponderou a advogada Renata Cabral, s\u00f3cia de Crivelli Advogados, que assessora a Contraf-CUT.<\/p>\n<p>\u201cEsse tipo de amea\u00e7a do banco se configura pr\u00e1tica antissindical. N\u00f3s da Contraf n\u00e3o iremos impedir que cada sindicato decida o melhor caminho para garantir a prote\u00e7\u00e3o dos funcion\u00e1rios do BB\u201d, destacou ainda Fukunaga.<\/p>\n<p>O subprocurador-geral Marques de Lima questionou se o banco est\u00e1 exigindo atestado de vacina\u00e7\u00e3o dos funcion\u00e1rios. A resposta foi que n\u00e3o existe a exig\u00eancia, \u201cpor quest\u00e3o de direito individual\u201d. O banco exige o ciclo vacinal completo apenas \u00e0s pessoas enquadradas no grupo de risco, mantendo o trabalho presencial.<\/p>\n<p>\u00a0<\/p>\n<h3>A realidade nos rinc\u00f5es<\/h3>\n<p>O presidente da FETEC-Centro Norte, Cleiton dos Santos Silva, alertou que o Banco do Brasil n\u00e3o est\u00e1 dando o mesmo tratamento para todas as regi\u00f5es do pa\u00eds no combate \u00e0 Covid-19. \u201cEu falo de Porto Velho, Rond\u00f4nia, portanto estou na Amaz\u00f4nia Legal. J\u00e1 disse isso em algumas ocasi\u00f5es ao superintendente do Banco do Brasil aqui no meu estado: Quando a gente sai de Porto Velho e vai para os rinc\u00f5es da Amaz\u00f4nia a realidade \u00e9 absolutamente outra\u201d, disse. \u201cM\u00e1scara PFF2 pode existir na Asa Sul [em Bras\u00edlia], porque n\u00e3o tem aqui em Porto Velho, na base da federa\u00e7\u00e3o\u201d, completou.<\/p>\n<p>Cleiton destacou ainda que o Escrit\u00f3rio de Neg\u00f3cios, na Superintend\u00eancia do Banco do Brasil no estado de Rond\u00f4nia, est\u00e1 com 50% dos funcion\u00e1rios com Covid-19 ou sintomas gripais, sendo que os que est\u00e3o com sintomas gripais seguem trabalhando. \u201cA maioria das pessoas com sintomas gripais sequer fazem teste e, quando o fazem, precisam aguardar 24h na fila do teleatendimento da Cassi\u201d, pontuou.<\/p>\n<p><strong>Fonte: Contraf-CUT<\/strong><\/p>\n","protected":false},"excerpt":{"rendered":"<p>O Minist\u00e9rio P\u00fablico do Trabalho realizou, na tarde desta quinta-feira (27), a continuidade da audi\u00eancia de media\u00e7\u00e3o, solicitada pelo Movimento Sindical Banc\u00e1rio, atrav\u00e9s da Confedera\u00e7\u00e3o Nacional dos Trabalhadores do Ramo Financeiro (Contraf-CUT), para o Banco do Brasil explicar a decis\u00e3o unilateral de alterar o Manual de Trabalho Presencial, que dita os protocolos de seguran\u00e7a sanit\u00e1ria [&hellip;]<\/p>\n","protected":false},"author":2,"featured_media":12073,"comment_status":"","ping_status":"","sticky":false,"template":"","format":"standard","meta":{"footnotes":""},"categories":[3],"tags":[],"class_list":["post-12074","post","type-post","status-publish","format-standard","has-post-thumbnail","hentry","category-noticias"],"_links":{"self":[{"href":"https:\/\/hostnetart.com.br\/baixada\/wp-json\/wp\/v2\/posts\/12074","targetHints":{"allow":["GET"]}}],"collection":[{"href":"https:\/\/hostnetart.com.br\/baixada\/wp-json\/wp\/v2\/posts"}],"about":[{"href":"https:\/\/hostnetart.com.br\/baixada\/wp-json\/wp\/v2\/types\/post"}],"author":[{"embeddable":true,"href":"https:\/\/hostnetart.com.br\/baixada\/wp-json\/wp\/v2\/users\/2"}],"replies":[{"embeddable":true,"href":"https:\/\/hostnetart.com.br\/baixada\/wp-json\/wp\/v2\/comments?post=12074"}],"version-history":[{"count":0,"href":"https:\/\/hostnetart.com.br\/baixada\/wp-json\/wp\/v2\/posts\/12074\/revisions"}],"wp:featuredmedia":[{"embeddable":true,"href":"https:\/\/hostnetart.com.br\/baixada\/wp-json\/wp\/v2\/media\/12073"}],"wp:attachment":[{"href":"https:\/\/hostnetart.com.br\/baixada\/wp-json\/wp\/v2\/media?parent=12074"}],"wp:term":[{"taxonomy":"category","embeddable":true,"href":"https:\/\/hostnetart.com.br\/baixada\/wp-json\/wp\/v2\/categories?post=12074"},{"taxonomy":"post_tag","embeddable":true,"href":"https:\/\/hostnetart.com.br\/baixada\/wp-json\/wp\/v2\/tags?post=12074"}],"curies":[{"name":"wp","href":"https:\/\/api.w.org\/{rel}","templated":true}]}}