{"id":12070,"date":"2022-01-27T18:51:36","date_gmt":"2022-01-27T21:51:36","guid":{"rendered":"https:\/\/hostnetart.com.br\/baixada\/sindicato-dos-bancarios-da-baixada-fluminense-faz-ato-pelo-dia-nacional-de-luta-do-banco-do-brasil\/"},"modified":"2022-01-27T18:51:36","modified_gmt":"2022-01-27T21:51:36","slug":"sindicato-dos-bancarios-da-baixada-fluminense-faz-ato-pelo-dia-nacional-de-luta-do-banco-do-brasil","status":"publish","type":"post","link":"https:\/\/hostnetart.com.br\/baixada\/sindicato-dos-bancarios-da-baixada-fluminense-faz-ato-pelo-dia-nacional-de-luta-do-banco-do-brasil\/","title":{"rendered":"Sindicato dos Banc\u00e1rios da Baixada Fluminense faz ato pelo Dia Nacional de Luta do Banco do Brasil"},"content":{"rendered":"<div class=\"cxmmr5t8 oygrvhab hcukyx3x c1et5uql o9v6fnle ii04i59q\">\n<div dir=\"auto\">O Sindicato dos Banc\u00e1rios da Baixada Fluminense, assim como Sindicatos dos Banc\u00e1rios de todo o pa\u00eds, esteve nas ag\u00eancias do banco com faixas, panfletos e falando com banc\u00e1rios, banc\u00e1rias e com o p\u00fablico em geral, explicando os motivos do movimento sindical exigir da institui\u00e7\u00e3o financeira: transpar\u00eancia em rela\u00e7\u00e3o ao n\u00famero de casos e respeito do banco pelo alto n\u00famero de funcion\u00e1rios contaminados pela Covid-19 e Influenza.<\/div>\n<div dir=\"auto\">\u00a0<\/div>\n<\/div>\n<div class=\"cxmmr5t8 oygrvhab hcukyx3x c1et5uql o9v6fnle ii04i59q\">\n<div dir=\"auto\">Al\u00e9m disso, participou do tuita\u00e7o (na rede social Twitter) com a hashtag <a class=\"oajrlxb2 g5ia77u1 qu0x051f esr5mh6w e9989ue4 r7d6kgcz rq0escxv nhd2j8a9 nc684nl6 p7hjln8o kvgmc6g5 cxmmr5t8 oygrvhab hcukyx3x jb3vyjys rz4wbd8a qt6c0cv9 a8nywdso i1ao9s8h esuyzwwr f1sip0of lzcic4wl gpro0wi8 q66pz984 b1v8xokw\" tabindex=\"0\" href=\"https:\/\/www.facebook.com\/hashtag\/diadelutabb?__eep__=6&amp;__cft__[0]=AZWWLF7i6dfLa34fAvRyjzAspGfYmkBqgWYue1dhPE4DxpnvkY2chgcSHHOD-j_04BOLvjAxYgmGOa3KrvbIyNpzFXchbuJfDSeoehZGhPXf85sTp3QXNcnbygMtwSADmigrz9ZO4PSEovb9i_o-vtot&amp;__tn__=*NK-R\">#DiaDeLutaBB<\/a>, para tamb\u00e9m pressionar, virtualmente, o banco.<\/div>\n<div dir=\"auto\">\u00a0<\/div>\n<div dir=\"auto\"><strong><em>*Confira as fotos do ato em nossas redes sociais.<\/em><\/strong><\/div>\n<\/div>\n","protected":false},"excerpt":{"rendered":"<p>O Sindicato dos Banc\u00e1rios da Baixada Fluminense, assim como Sindicatos dos Banc\u00e1rios de todo o pa\u00eds, esteve nas ag\u00eancias do banco com faixas, panfletos e falando com banc\u00e1rios, banc\u00e1rias e com o p\u00fablico em geral, explicando os motivos do movimento sindical exigir da institui\u00e7\u00e3o financeira: transpar\u00eancia em rela\u00e7\u00e3o ao n\u00famero de casos e respeito do [&hellip;]<\/p>\n","protected":false},"author":2,"featured_media":12069,"comment_status":"","ping_status":"","sticky":false,"template":"","format":"standard","meta":{"footnotes":""},"categories":[3],"tags":[],"class_list":["post-12070","post","type-post","status-publish","format-standard","has-post-thumbnail","hentry","category-noticias"],"_links":{"self":[{"href":"https:\/\/hostnetart.com.br\/baixada\/wp-json\/wp\/v2\/posts\/12070","targetHints":{"allow":["GET"]}}],"collection":[{"href":"https:\/\/hostnetart.com.br\/baixada\/wp-json\/wp\/v2\/posts"}],"about":[{"href":"https:\/\/hostnetart.com.br\/baixada\/wp-json\/wp\/v2\/types\/post"}],"author":[{"embeddable":true,"href":"https:\/\/hostnetart.com.br\/baixada\/wp-json\/wp\/v2\/users\/2"}],"replies":[{"embeddable":true,"href":"https:\/\/hostnetart.com.br\/baixada\/wp-json\/wp\/v2\/comments?post=12070"}],"version-history":[{"count":0,"href":"https:\/\/hostnetart.com.br\/baixada\/wp-json\/wp\/v2\/posts\/12070\/revisions"}],"wp:featuredmedia":[{"embeddable":true,"href":"https:\/\/hostnetart.com.br\/baixada\/wp-json\/wp\/v2\/media\/12069"}],"wp:attachment":[{"href":"https:\/\/hostnetart.com.br\/baixada\/wp-json\/wp\/v2\/media?parent=12070"}],"wp:term":[{"taxonomy":"category","embeddable":true,"href":"https:\/\/hostnetart.com.br\/baixada\/wp-json\/wp\/v2\/categories?post=12070"},{"taxonomy":"post_tag","embeddable":true,"href":"https:\/\/hostnetart.com.br\/baixada\/wp-json\/wp\/v2\/tags?post=12070"}],"curies":[{"name":"wp","href":"https:\/\/api.w.org\/{rel}","templated":true}]}}