{"id":1207,"date":"2014-05-12T00:00:00","date_gmt":"2014-05-12T03:00:00","guid":{"rendered":"https:\/\/hostnetart.com.br\/baixada\/emprego-e-o-fator-que-mais-contribui-para-a-queda-das-desigualdades-sociais\/"},"modified":"2014-05-12T00:00:00","modified_gmt":"2014-05-12T03:00:00","slug":"emprego-e-o-fator-que-mais-contribui-para-a-queda-das-desigualdades-sociais","status":"publish","type":"post","link":"https:\/\/hostnetart.com.br\/baixada\/emprego-e-o-fator-que-mais-contribui-para-a-queda-das-desigualdades-sociais\/","title":{"rendered":"Emprego \u00e9 o fator que mais contribui para a queda das desigualdades sociais"},"content":{"rendered":"<p>A formaliza\u00e7\u00e3o do mercado de trabalho e o aumento do sal\u00e1rio dos trabalhadores s\u00e3o os fatores que mais contribu\u00edram para a queda da desigualdade social nos \u00faltimos anos. Esses dois fatores superam at\u00e9 mesmo outras fontes de renda do brasileiro provindas do Or\u00e7amento da Uni\u00e3o, como a Previd\u00eancia e programas sociais concedidos pelo governo. Para a conta, foi utilizado como benef\u00edcio social o \u00edndice de Gini, que mede a desigualdade de renda.<\/p>\n<p>Os dados fazem parte da apresenta\u00e7\u00e3o feita pelo ministro da Secretaria de Assuntos Estrat\u00e9gicos (SAE) da Presid\u00eancia da Rep\u00fablica, Marcelo Neri, \u00e0 presidenta Dilma Rousseff e a 20 ministros na \u00faltima segunda-feira (5), e informam que o trabalho contribuiu com 54,9% para a redu\u00e7\u00e3o da desigualdade entre 2002 e 2012.<\/p>\n<p>O conjunto de informa\u00e7\u00f5es \u00e9 parte de uma compila\u00e7\u00e3o sobre o desenvolvimento inclusivo sustent\u00e1vel, na qual Marcelo Neri buscou repassar aos seus colegas e \u00e0 presidenta a ideia de que o dinheiro no bolso \u00e9 mais importante para o cidad\u00e3o comum do que o baixo crescimento da economia apresentado recentemente.<\/p>\n<p>A estrat\u00e9gia de investir na valoriza\u00e7\u00e3o do sal\u00e1rio e n\u00e3o apenas em programas de transfer\u00eancia de renda gera resultados positivos para alguns analistas porque seu resultado pr\u00e1tico \u00e9 o aumento da renda dos brasileiros assalariados. No entanto, segundo o professor de economia da Universidade de Bras\u00edlia, Roberto Ellery, \u00e9 necess\u00e1rio discutir a sustentabilidade dessa pol\u00edtica.<\/p>\n<p>\u201cSe queremos continuar esse caminho [de aumento dos sal\u00e1rios], \u00e9 preciso aumentar a produtividade\u201d, avaliou o professor, acrescentando que, caso contr\u00e1rio, o pa\u00eds ter\u00e1 problemas com a infla\u00e7\u00e3o e com o setor externo. De acordo com Ellery, os investimentos na melhoria dos servi\u00e7os e na efici\u00eancia da produtividade podem impedir essa situa\u00e7\u00e3o. Para isso, segundo ele, \u00e9 necess\u00e1rio focar na infraestrutura para que a produ\u00e7\u00e3o nacional n\u00e3o registre preju\u00edzos com estradas em m\u00e1s condi\u00e7\u00f5es, portos operando sem a capacidade necess\u00e1ria nem com problemas no setor energ\u00e9tico.<\/p>\n<p>Com base nos dados da SAE, as pol\u00edticas que mais contribuem para o bem estar social, depois do trabalho, s\u00e3o o Bolsa Fam\u00edlia, o pagamento da Previd\u00eancia acima do piso e a aposentadoria com base no sal\u00e1rio m\u00ednimo, com 12,2%, 11,4% e 9,4%, respectivamente. \u201cO brasileiro em suas casas est\u00e1 tendo um desempenho bem acima do desempenho que as contas nacionais e a maior parte dos economistas analisa\u201d, disse o ministro, ao citar a valoriza\u00e7\u00e3o dos benef\u00edcios do Bolsa Fam\u00edlia e da Previd\u00eancia acima da infla\u00e7\u00e3o.<\/p>\n<p>O programa de transfer\u00eancia de renda, que repassa recursos a fam\u00edlias com renda per capita inferior a R$ 70 mensais, tamb\u00e9m atua de uma forma importante no combate \u00e0 desigualdade. Segundo os n\u00fameros, o custo-benef\u00edcio de cada real gasto com o Bolsa Fam\u00edlia impacta a desigualdade quase quatro vezes mais do que o benef\u00edcio da Previd\u00eancia Social. \u201cUma das belezas do Bolsa Fam\u00edlia \u00e9 que ele tem um impacto social muito grande, gasta pouco e consegue efeito muito grande\u201d, explica o professor Ellery.<\/p>\n<p>Fonte: Ag\u00eancia Brasil<\/p>\n","protected":false},"excerpt":{"rendered":"<p>A formaliza\u00e7\u00e3o do mercado de trabalho e o aumento do sal\u00e1rio dos trabalhadores s\u00e3o os fatores que mais contribu\u00edram para a queda da desigualdade social nos \u00faltimos anos. Esses dois fatores superam at\u00e9 mesmo outras fontes de renda do brasileiro provindas do Or\u00e7amento da Uni\u00e3o, como a Previd\u00eancia e programas sociais concedidos pelo governo. Para [&hellip;]<\/p>\n","protected":false},"author":1,"featured_media":0,"comment_status":"","ping_status":"","sticky":false,"template":"","format":"standard","meta":{"footnotes":""},"categories":[3],"tags":[],"class_list":["post-1207","post","type-post","status-publish","format-standard","hentry","category-noticias"],"_links":{"self":[{"href":"https:\/\/hostnetart.com.br\/baixada\/wp-json\/wp\/v2\/posts\/1207","targetHints":{"allow":["GET"]}}],"collection":[{"href":"https:\/\/hostnetart.com.br\/baixada\/wp-json\/wp\/v2\/posts"}],"about":[{"href":"https:\/\/hostnetart.com.br\/baixada\/wp-json\/wp\/v2\/types\/post"}],"author":[{"embeddable":true,"href":"https:\/\/hostnetart.com.br\/baixada\/wp-json\/wp\/v2\/users\/1"}],"replies":[{"embeddable":true,"href":"https:\/\/hostnetart.com.br\/baixada\/wp-json\/wp\/v2\/comments?post=1207"}],"version-history":[{"count":0,"href":"https:\/\/hostnetart.com.br\/baixada\/wp-json\/wp\/v2\/posts\/1207\/revisions"}],"wp:attachment":[{"href":"https:\/\/hostnetart.com.br\/baixada\/wp-json\/wp\/v2\/media?parent=1207"}],"wp:term":[{"taxonomy":"category","embeddable":true,"href":"https:\/\/hostnetart.com.br\/baixada\/wp-json\/wp\/v2\/categories?post=1207"},{"taxonomy":"post_tag","embeddable":true,"href":"https:\/\/hostnetart.com.br\/baixada\/wp-json\/wp\/v2\/tags?post=1207"}],"curies":[{"name":"wp","href":"https:\/\/api.w.org\/{rel}","templated":true}]}}