{"id":1206,"date":"2013-07-19T00:00:00","date_gmt":"2013-07-19T03:00:00","guid":{"rendered":"https:\/\/hostnetart.com.br\/baixada\/comeca-hoje-a-15-conferencia-nacional-dos-bancarios-assista-aqui-ao-vivo\/"},"modified":"2013-07-19T00:00:00","modified_gmt":"2013-07-19T03:00:00","slug":"comeca-hoje-a-15-conferencia-nacional-dos-bancarios-assista-aqui-ao-vivo","status":"publish","type":"post","link":"https:\/\/hostnetart.com.br\/baixada\/comeca-hoje-a-15-conferencia-nacional-dos-bancarios-assista-aqui-ao-vivo\/","title":{"rendered":"Come\u00e7a hoje a 15\u00aa Confer\u00eancia Nacional dos Banc\u00e1rios. Assista aqui ao vivo"},"content":{"rendered":"<p>Come\u00e7a nesta sexta-feira 19 a 15\u00aa Confer\u00eancia Nacional dos Banc\u00e1rios, que definir\u00e1 a estrat\u00e9gia e a pauta de reivindica\u00e7\u00f5es da Campanha Nacional de 2013 que ser\u00e1 entregue \u00e0 Febraban. A Contaf-CUT transmitir\u00e1 ao vivo pela webtv e far\u00e1 a cobertura online da Confer\u00eancia, por interm\u00e9dio da Rede de Comunica\u00e7\u00e3o dos Banc\u00e1rios, formada por profissionais de entidades sindicais de todo o pa\u00eds.<\/p>\n<p>\u00a0<\/p>\n<p>\u00a0<\/p>\n<p>A Confer\u00eancia, para a qual est\u00e3o inscritos 630 delegados e delegados, al\u00e9m de 44 observadores e observadoras, termina no domingo 21.<\/p>\n<p>\u00a0<\/p>\n<p>\u00a0<\/p>\n<p>Al\u00e9m da pauta de reivindica\u00e7\u00f5es, os trabalhadores tamb\u00e9m participar\u00e3o de pain\u00e9is e debates sobre temas importantes da conjuntura, do sistema financeiro e da realidade da categoria, bem como discutir\u00e3o em grupos os quatro grandes eixos indicados pelo Comando Nacional, coordenado pela Contraf-CUT: emprego, reestrutura\u00e7\u00e3o produtiva no sistema financeiro, remunera\u00e7\u00e3o e condi\u00e7\u00f5es de trabalho.<\/p>\n<p>\u00a0<\/p>\n<p>\u00a0<\/p>\n<p>\u201cTrata-se do maior evento nacional dos banc\u00e1rios, que coroa todo um processo democr\u00e1tico e participativo de organiza\u00e7\u00e3o da Campanha 2013 em todo pa\u00eds, hoje um modelo e refer\u00eancia para as demais categorias de trabalhadores. Somos desafiados, frente \u00e0 conjuntura que atravessamos, a realizar uma campanha com ousadia, unidade e mobiliza\u00e7\u00e3o, a fim de buscar novos avan\u00e7os e conquistas\u201d, afirma Carlos Cordeiro, presidente da Contraf-CUT.<\/p>\n<p>\u00a0<\/p>\n<p>\u00a0<\/p>\n<p>Confira a programa\u00e7\u00e3o da 15\u00aa Confer\u00eancia Nacional:<\/p>\n<p>\u00a0<\/p>\n<p>\u00a0<\/p>\n<p><strong>Sexta \u2013 dia 19<\/strong><\/p>\n<p>8h30 \u00e0s 18h \u2013 Credenciamento<\/p>\n<p>9h30 \u00e0s 11h \u2013 Painel sobre Condi\u00e7\u00f5es de Trabalho<\/p>\n<p>Roberto Heloani (professor da Faculdade de Educa\u00e7\u00e3o da Universidade Estadual de Campinas e professor conveniado junto \u00e0 Universit\u00e9 de Nanterre \u2013 Paris\/Fran\u00e7a) e Wilson Amorim (professor da FEA\/SP)<\/p>\n<p>11h \u00e0s 12h30 \u2013 Painel sobre Remunera\u00e7\u00e3o e Emprego<\/p>\n<p>Nelson Karam (Coordenador de Educa\u00e7\u00e3o Sindical do DIEESE e Diretor da Escola DIEESE de Ci\u00eancias do Trabalho).<\/p>\n<p>12h30 \u00e0s 14h30 \u2013 Almo\u00e7o e check-in hotel<\/p>\n<p>14h30 \u00e0s 16h \u2013 Terceiriza\u00e7\u00e3o e Reestrutura\u00e7\u00e3o Produtiva no Sistema Financeiro<\/p>\n<p>Miguel Pereira (Secret\u00e1rio de Organiza\u00e7\u00e3o da Contraf-CUT), Vivian Rodrigues (subse\u00e7\u00e3o Dieese na Contraf-CUT) e Mois\u00e9s Marques (professor e coordenador do Centro de Pesquisas 28 de Agosto do Sindicato dos Banc\u00e1rios de S\u00e3o Paulo.<\/p>\n<p>16h \u00e0s 18h \u2013 Reforma Pol\u00edtica<\/p>\n<p>Vagner Freitas (presidente da CUT) e Deputado Ricardo Berzoini (PT\/SP)<\/p>\n<p>19h \u2013 Abertura solene da 15\u00aa Confer\u00eancia Nacional dos Banc\u00e1rios<\/p>\n<p>21h \u2013 Jantar<\/p>\n<p>\u00a0<\/p>\n<p>\u00a0<\/p>\n<p><strong>S\u00e1bado \u2013 dia 20\u00a0<\/strong><\/p>\n<p>8h30 \u00e0s 13h \u2013 Credenciamento<\/p>\n<p>9h \u00e0s 09h30 \u2013 Vota\u00e7\u00e3o de Regimento Interno<\/p>\n<p>9h30 \u00e0s 10h \u2013 Apresenta\u00e7\u00e3o dos resultados da Consulta aos Banc\u00e1rios 2013<\/p>\n<p>10h \u00e0s 10h30 \u2013 Apresenta\u00e7\u00e3o da m\u00eddia para 2013<\/p>\n<p>10h30 \u00e0s 12h30 \u2013 An\u00e1lise de conjuntura<\/p>\n<p>M\u00e1rcio Monzane (chefe da UNI Finan\u00e7as), Jo\u00e3o Sics\u00fa (professor da Universidade Federal do Rio de Janeiro e ex-diretor do Ipea) e Altamiro Borges (Coordenador do Centro de Estudos da M\u00eddia Alternativa Bar\u00e3o de Itarar\u00e9)<\/p>\n<p>12h30 \u00e0s 14h \u2013 Almo\u00e7o<\/p>\n<p>14h \u00e0s 18h \u2013 Trabalho em grupos<\/p>\n<p>Grupo 1 \u2013 Emprego (Sala Jequitib\u00e1 Branco \u2013 Lobby)<\/p>\n<p>Grupo 2 \u2013 Reestrutura\u00e7\u00e3o Produtiva no SF (Sala Jequitib\u00e1 Vermelho \u2013 Lobby)<\/p>\n<p>Grupo 3 \u2013 Remunera\u00e7\u00e3o (Sala Jacarand\u00e1-Mezanino)<\/p>\n<p>Grupo 4 \u2013 Condi\u00e7\u00f5es de Trabalho (Audit\u00f3rio 09 \u2013 Anhembi)<\/p>\n<p>19h \u2013 Jantar<\/p>\n<p>\u00a0<\/p>\n<p>\u00a0<\/p>\n<p><strong>Domingo \u2013 dia 21<\/strong><\/p>\n<p>9h30 \u00e0s 13h -Plen\u00e1ria Geral<\/p>\n<p>13h \u00e0s 14h30 \u2013 Almo\u00e7o<\/p>\n","protected":false},"excerpt":{"rendered":"<p>Come\u00e7a nesta sexta-feira 19 a 15\u00aa Confer\u00eancia Nacional dos Banc\u00e1rios, que definir\u00e1 a estrat\u00e9gia e a pauta de reivindica\u00e7\u00f5es da Campanha Nacional de 2013 que ser\u00e1 entregue \u00e0 Febraban. A Contaf-CUT transmitir\u00e1 ao vivo pela webtv e far\u00e1 a cobertura online da Confer\u00eancia, por interm\u00e9dio da Rede de Comunica\u00e7\u00e3o dos Banc\u00e1rios, formada por profissionais de [&hellip;]<\/p>\n","protected":false},"author":1,"featured_media":0,"comment_status":"","ping_status":"","sticky":false,"template":"","format":"standard","meta":{"footnotes":""},"categories":[3],"tags":[],"class_list":["post-1206","post","type-post","status-publish","format-standard","hentry","category-noticias"],"_links":{"self":[{"href":"https:\/\/hostnetart.com.br\/baixada\/wp-json\/wp\/v2\/posts\/1206","targetHints":{"allow":["GET"]}}],"collection":[{"href":"https:\/\/hostnetart.com.br\/baixada\/wp-json\/wp\/v2\/posts"}],"about":[{"href":"https:\/\/hostnetart.com.br\/baixada\/wp-json\/wp\/v2\/types\/post"}],"author":[{"embeddable":true,"href":"https:\/\/hostnetart.com.br\/baixada\/wp-json\/wp\/v2\/users\/1"}],"replies":[{"embeddable":true,"href":"https:\/\/hostnetart.com.br\/baixada\/wp-json\/wp\/v2\/comments?post=1206"}],"version-history":[{"count":0,"href":"https:\/\/hostnetart.com.br\/baixada\/wp-json\/wp\/v2\/posts\/1206\/revisions"}],"wp:attachment":[{"href":"https:\/\/hostnetart.com.br\/baixada\/wp-json\/wp\/v2\/media?parent=1206"}],"wp:term":[{"taxonomy":"category","embeddable":true,"href":"https:\/\/hostnetart.com.br\/baixada\/wp-json\/wp\/v2\/categories?post=1206"},{"taxonomy":"post_tag","embeddable":true,"href":"https:\/\/hostnetart.com.br\/baixada\/wp-json\/wp\/v2\/tags?post=1206"}],"curies":[{"name":"wp","href":"https:\/\/api.w.org\/{rel}","templated":true}]}}