{"id":12059,"date":"2022-01-25T18:54:59","date_gmt":"2022-01-25T21:54:59","guid":{"rendered":"https:\/\/hostnetart.com.br\/baixada\/movimento-sindical-quer-esclarecimentos-sobre-escalada-de-covid-19-no-banco-do-brasil\/"},"modified":"2022-01-25T18:54:59","modified_gmt":"2022-01-25T21:54:59","slug":"movimento-sindical-quer-esclarecimentos-sobre-escalada-de-covid-19-no-banco-do-brasil","status":"publish","type":"post","link":"https:\/\/hostnetart.com.br\/baixada\/movimento-sindical-quer-esclarecimentos-sobre-escalada-de-covid-19-no-banco-do-brasil\/","title":{"rendered":"Movimento Sindical quer esclarecimentos sobre escalada de Covid-19 no Banco do Brasil"},"content":{"rendered":"<p>O Movimento Sindical Banc\u00e1rio, atrav\u00e9s da\u00a0Confedera\u00e7\u00e3o Nacional dos Trabalhadores do Ramo Financeiro (Contraf-CUT), da qual o Sindicato dos Banc\u00e1rios da Baixada Fluminense \u00e9 filiado, enviou um\u00a0<a href=\"https:\/\/contrafcut.com.br\/of-01522-bb-solicitacao-de-agendamento-de-reuniao-de-negociacao\/\" target=\"_blank\" rel=\"noopener noreferrer\">of\u00edcio \u00e0 dire\u00e7\u00e3o do Banco do Brasil<\/a>\u00a0solicitando uma mesa de negocia\u00e7\u00e3o para abordar os altos \u00edndices de contamina\u00e7\u00e3o de funcion\u00e1rios por Covid-19.<\/p>\n<p>\u201cO Comando Nacional dos banc\u00e1rios solicitou \u00e0 Fenaban (Federa\u00e7\u00e3o Nacional dos Bancos) que cada banco realizasse reuni\u00f5es com as respectivas comiss\u00f5es de funcion\u00e1rios para tratar do assunto. Estamos, agora, cumprindo o nosso dever e aguardando do banco o interesse de dialogar para proteger a vida dos funcion\u00e1rios\u201d, explicou Jo\u00e3o Fukunaga, coordenador da Comiss\u00e3o de Empresa dos Funcion\u00e1rios do Banco do Brasil (CEBB).<\/p>\n<p>Na \u00faltima quarta-feira (19), dia em que a Contraf-CUT enviou o of\u00edcio ao BB, somente a base do Sindicato dos Banc\u00e1rios de S\u00e3o Paulo, Osasco e Regi\u00e3o havia conformado mais de 500 casos de Covid-19 ou Influenza, n\u00famero que pode ser ainda maior, uma vez que nem todos os funcion\u00e1rios adoecidos comunicam o fato aos sindicatos.<\/p>\n<h3><strong>Entenda<\/strong><\/h3>\n<p>As entidades sindicais pedem o retorno imediato do home office para os funcion\u00e1rios com comorbidades e para todos que podem exercer suas atividades de maneira remota. Os trabalhadores e trabalhadoras tamb\u00e9m exigem o cumprimento do Manual de Trabalho, que dita os protocolos de seguran\u00e7a sanit\u00e1ria para reduzir as chances de cont\u00e1gio pela Covid-19 em suas unidades.<\/p>\n<p>O banco, entretanto, tem se mostrado resistente \u00e0s demandas. Em dezembro, mesmo diante do cen\u00e1rio de festas de fim de ano, que trariam como consequ\u00eancia o aumento de contamina\u00e7\u00e3o em todo o pa\u00eds, a dire\u00e7\u00e3o do BB insistiu em terminar com o home office. E, no in\u00edcio de janeiro, em decis\u00e3o unilateral, divulgou um novo Manual de Trabalho retirando o item que previa o encerramento do expediente em unidades, na hip\u00f3tese de confirma\u00e7\u00e3o de trabalhador contaminado nas \u00faltimas 72h.<\/p>\n<p>No dia 19 de janeiro, atendendo ao pedido de tutela de urg\u00eancia do Sindicato dos Banc\u00e1rios de S\u00e3o Paulo, Osasco e Regi\u00e3o, a 28\u00aa Vara do Trabalho de S\u00e3o Paulo\u00a0<a href=\"https:\/\/contrafcut.com.br\/noticias\/justica-determina-que-bb-reestabeleca-home-office\/\" target=\"_blank\" rel=\"noopener noreferrer\">condenou o Banco do Brasil<\/a>\u00a0a retomar o Manual de Trabalho Presencial vigente at\u00e9 o dia 4 de janeiro e a encaminhar para home office todos os empregados que trabalham em departamentos de pr\u00e9dios comerciais, sem atendimento ao p\u00fablico.<\/p>\n<p>Nos \u00faltimos dias, os funcion\u00e1rios e funcion\u00e1rias v\u00eam realizando uma s\u00e9rie de encontros para discutir o cen\u00e1rio da pandemia. Eles tamb\u00e9m preparam um\u00a0<a href=\"https:\/\/contrafcut.com.br\/noticias\/funcionarios-do-bb-de-todo-pais-vao-discutir-cenario-da-pandemia\" target=\"_blank\" rel=\"noopener noreferrer\">Dia Nacional de Luta<\/a>\u00a0para exigir do banco respeito \u00e0 sa\u00fade de trabalhadores e clientes.<\/p>\n<p><strong>Fonte: Contraf-CUT<\/strong><\/p>\n","protected":false},"excerpt":{"rendered":"<p>O Movimento Sindical Banc\u00e1rio, atrav\u00e9s da\u00a0Confedera\u00e7\u00e3o Nacional dos Trabalhadores do Ramo Financeiro (Contraf-CUT), da qual o Sindicato dos Banc\u00e1rios da Baixada Fluminense \u00e9 filiado, enviou um\u00a0of\u00edcio \u00e0 dire\u00e7\u00e3o do Banco do Brasil\u00a0solicitando uma mesa de negocia\u00e7\u00e3o para abordar os altos \u00edndices de contamina\u00e7\u00e3o de funcion\u00e1rios por Covid-19. \u201cO Comando Nacional dos banc\u00e1rios solicitou \u00e0 Fenaban [&hellip;]<\/p>\n","protected":false},"author":2,"featured_media":12058,"comment_status":"","ping_status":"","sticky":false,"template":"","format":"standard","meta":{"footnotes":""},"categories":[3],"tags":[],"class_list":["post-12059","post","type-post","status-publish","format-standard","has-post-thumbnail","hentry","category-noticias"],"_links":{"self":[{"href":"https:\/\/hostnetart.com.br\/baixada\/wp-json\/wp\/v2\/posts\/12059","targetHints":{"allow":["GET"]}}],"collection":[{"href":"https:\/\/hostnetart.com.br\/baixada\/wp-json\/wp\/v2\/posts"}],"about":[{"href":"https:\/\/hostnetart.com.br\/baixada\/wp-json\/wp\/v2\/types\/post"}],"author":[{"embeddable":true,"href":"https:\/\/hostnetart.com.br\/baixada\/wp-json\/wp\/v2\/users\/2"}],"replies":[{"embeddable":true,"href":"https:\/\/hostnetart.com.br\/baixada\/wp-json\/wp\/v2\/comments?post=12059"}],"version-history":[{"count":0,"href":"https:\/\/hostnetart.com.br\/baixada\/wp-json\/wp\/v2\/posts\/12059\/revisions"}],"wp:featuredmedia":[{"embeddable":true,"href":"https:\/\/hostnetart.com.br\/baixada\/wp-json\/wp\/v2\/media\/12058"}],"wp:attachment":[{"href":"https:\/\/hostnetart.com.br\/baixada\/wp-json\/wp\/v2\/media?parent=12059"}],"wp:term":[{"taxonomy":"category","embeddable":true,"href":"https:\/\/hostnetart.com.br\/baixada\/wp-json\/wp\/v2\/categories?post=12059"},{"taxonomy":"post_tag","embeddable":true,"href":"https:\/\/hostnetart.com.br\/baixada\/wp-json\/wp\/v2\/tags?post=12059"}],"curies":[{"name":"wp","href":"https:\/\/api.w.org\/{rel}","templated":true}]}}