{"id":1205,"date":"2014-05-12T00:00:00","date_gmt":"2014-05-12T03:00:00","guid":{"rendered":"https:\/\/hostnetart.com.br\/baixada\/bancarios-do-bb-devem-estar-atentos-para-fazer-vacinacao-contra-gripe\/"},"modified":"2014-05-12T00:00:00","modified_gmt":"2014-05-12T03:00:00","slug":"bancarios-do-bb-devem-estar-atentos-para-fazer-vacinacao-contra-gripe","status":"publish","type":"post","link":"https:\/\/hostnetart.com.br\/baixada\/bancarios-do-bb-devem-estar-atentos-para-fazer-vacinacao-contra-gripe\/","title":{"rendered":"Banc\u00e1rios do BB devem estar atentos para fazer vacina\u00e7\u00e3o contra gripe"},"content":{"rendered":"<p>A Contraf-CUT recebeu mais informa\u00e7\u00f5es sobre a campanha de vacina\u00e7\u00e3o de todos os funcion\u00e1rios do Banco do Brasil contra o v\u00edrus da gripe influenza. A vacina come\u00e7ou a ser aplicada no dia 22 de abril e a campanha se estender\u00e1 at\u00e9 o dia 30 de junho.<\/p>\n<p>As informa\u00e7\u00f5es complementares vieram ap\u00f3s novos contatos entre a Contraf-CUT e o banco porque ainda h\u00e1 muita desinforma\u00e7\u00e3o interna e os trabalhadores e sindicatos est\u00e3o atr\u00e1s dos cronogramas em cada unidade e regi\u00e3o.<\/p>\n<p>O direito \u00e0 vacina\u00e7\u00e3o foi um compromisso assumido pelo BB na Campanha Nacional de 2013. At\u00e9 o ano passado, somente alguns grupos de funcion\u00e1rios determinados pelo banco recebiam a vacina. Era uma liberalidade da empresa.<\/p>\n<p>Segundo William Mendes, coordenador da Comiss\u00e3o de Empresa dos Funcion\u00e1rios do BB e secret\u00e1rio de forma\u00e7\u00e3o da Contraf-CUT, \u00e9 importante que os sindicatos divulguem em seus sites e jornais para que os banc\u00e1rios busquem a vacina\u00e7\u00e3o.<\/p>\n<p>\u201c\u00c9 importante que os funcion\u00e1rios de todas as regi\u00f5es do pa\u00eds se apropriem desse direito, com a consci\u00eancia de que foi conquistado com luta e greve. \u00c9 atrav\u00e9s desse tipo de informa\u00e7\u00e3o que os trabalhadores crescem em sua consci\u00eancia na organiza\u00e7\u00e3o nos locais de trabalho. Inclusive para lutar por outros objetivos, como o da \u2018Aten\u00e7\u00e3o Integral \u00e0 Sa\u00fade\u2019, sempre presente em nossas pautas sindicais\u201d, acrescenta.<\/p>\n<p><strong>Como se vacinar<\/strong><\/p>\n<p>A vacina\u00e7\u00e3o est\u00e1 sendo realizada atrav\u00e9s de empresa contratada pela Cassi, sob a coordena\u00e7\u00e3o das Gepes e se estender\u00e1 at\u00e9 30 de junho.<br \/>As depend\u00eancias t\u00eam cronogramas de visita de vacinadores, previamente identificados em data e hor\u00e1rio informados pelas Gepes locais.<\/p>\n<p>A empresa contratada pela Cassi n\u00e3o abrange 100% das depend\u00eancias do BB. Nesses casos, ser\u00e1 autorizado o ressarcimento da vacina, no valor de at\u00e9 R$ 80,00 por funcion\u00e1rio, para vacina\u00e7\u00e3o em laborat\u00f3rios ou cl\u00ednicas \u00e0 escolha do mesmo.<\/p>\n<p>A depend\u00eancia dever\u00e1 providenciar um local adequado para a vacina\u00e7\u00e3o e zelar para que todos os funcion\u00e1rios interessados estejam presentes no dia agendado.<\/p>\n<p>\u201cQualquer d\u00favida que os trabalhadores ainda tiverem devem procurar san\u00e1-las tanto com o administrador de sua unidade quanto com as Gepes, que j\u00e1 receberam instru\u00e7\u00f5es. Nesta quest\u00e3o da vacina\u00e7\u00e3o, n\u00f3s criticamos a demora do banco para come\u00e7ar o processo, mas agora os setores respons\u00e1veis est\u00e3o imbu\u00eddos em vacinar a todas as pessoas que demandarem o direito. Se ainda houver algum problema, pedimos que o banc\u00e1rio contate o sindicato local\u201d, finaliza William.<\/p>\n<p>Fonte: Contraf-CUT<\/p>\n","protected":false},"excerpt":{"rendered":"<p>A Contraf-CUT recebeu mais informa\u00e7\u00f5es sobre a campanha de vacina\u00e7\u00e3o de todos os funcion\u00e1rios do Banco do Brasil contra o v\u00edrus da gripe influenza. A vacina come\u00e7ou a ser aplicada no dia 22 de abril e a campanha se estender\u00e1 at\u00e9 o dia 30 de junho. As informa\u00e7\u00f5es complementares vieram ap\u00f3s novos contatos entre a [&hellip;]<\/p>\n","protected":false},"author":1,"featured_media":0,"comment_status":"","ping_status":"","sticky":false,"template":"","format":"standard","meta":{"footnotes":""},"categories":[3],"tags":[],"class_list":["post-1205","post","type-post","status-publish","format-standard","hentry","category-noticias"],"_links":{"self":[{"href":"https:\/\/hostnetart.com.br\/baixada\/wp-json\/wp\/v2\/posts\/1205","targetHints":{"allow":["GET"]}}],"collection":[{"href":"https:\/\/hostnetart.com.br\/baixada\/wp-json\/wp\/v2\/posts"}],"about":[{"href":"https:\/\/hostnetart.com.br\/baixada\/wp-json\/wp\/v2\/types\/post"}],"author":[{"embeddable":true,"href":"https:\/\/hostnetart.com.br\/baixada\/wp-json\/wp\/v2\/users\/1"}],"replies":[{"embeddable":true,"href":"https:\/\/hostnetart.com.br\/baixada\/wp-json\/wp\/v2\/comments?post=1205"}],"version-history":[{"count":0,"href":"https:\/\/hostnetart.com.br\/baixada\/wp-json\/wp\/v2\/posts\/1205\/revisions"}],"wp:attachment":[{"href":"https:\/\/hostnetart.com.br\/baixada\/wp-json\/wp\/v2\/media?parent=1205"}],"wp:term":[{"taxonomy":"category","embeddable":true,"href":"https:\/\/hostnetart.com.br\/baixada\/wp-json\/wp\/v2\/categories?post=1205"},{"taxonomy":"post_tag","embeddable":true,"href":"https:\/\/hostnetart.com.br\/baixada\/wp-json\/wp\/v2\/tags?post=1205"}],"curies":[{"name":"wp","href":"https:\/\/api.w.org\/{rel}","templated":true}]}}