{"id":12049,"date":"2022-01-24T17:08:22","date_gmt":"2022-01-24T20:08:22","guid":{"rendered":"https:\/\/hostnetart.com.br\/baixada\/funcionarios-do-bb-de-todo-pais-vao-discutir-cenario-da-pandemia\/"},"modified":"2022-01-24T17:08:22","modified_gmt":"2022-01-24T20:08:22","slug":"funcionarios-do-bb-de-todo-pais-vao-discutir-cenario-da-pandemia","status":"publish","type":"post","link":"https:\/\/hostnetart.com.br\/baixada\/funcionarios-do-bb-de-todo-pais-vao-discutir-cenario-da-pandemia\/","title":{"rendered":"Funcion\u00e1rios do BB de todo pa\u00eds v\u00e3o discutir cen\u00e1rio da pandemia"},"content":{"rendered":"<p>A Comiss\u00e3o de Empresa dos Funcion\u00e1rios do Banco do Brasil (CEBB) se reunir\u00e1 nos pr\u00f3ximos dias com representantes das bases sindicais de todo o pa\u00eds para avaliar e debater o atual cen\u00e1rio de contamina\u00e7\u00e3o por Covid-19 e por Influenza entre os funcion\u00e1rios do banco. O objetivo \u00e9 refor\u00e7ar as a\u00e7\u00f5es para que o banco cumpra sua obriga\u00e7\u00e3o de proteger a sa\u00fade dos funcion\u00e1rios e dos clientes.<\/p>\n<p>\u201cEstamos recebendo, de todo o pa\u00eds, registros de casos. Na base do Sindicato dos Banc\u00e1rios de S\u00e3o Paulo, Osasco e Regi\u00e3o j\u00e1 foram confirmados mais de 500 casos de Covid-19 ou Influenza do in\u00edcio do ano at\u00e9 esta quarta-feira (19)\u201d, informou o coordenador da CEBB, Jo\u00e3o Fukunaga. \u201cEsse \u00e9 o n\u00famero de trabalhadores que procuraram o sindicato. Portanto, o total de infectados pode ser ainda maior. O banco precisa entender que vidas valem mais que as metas\u201d, completou.<\/p>\n<h3><strong>Culpa do banco<\/strong><\/h3>\n<p>O movimento sindical aponta que o aumento exponencial de casos \u00e9 resultado da irresponsabilidade do BB por ter convocado os funcion\u00e1rios para o retorno ao trabalho presencial, mesmo diante do cen\u00e1rio de pandemia.<\/p>\n<p>\u201cQuando o banco aplicou o cronograma de retorno presencial dos que trabalham em departamentos de pr\u00e9dios comerciais, cumprido at\u00e9 o final de dezembro, desconsiderou completamente as recomenda\u00e7\u00f5es amplamente divulgadas pelas autoridades de Sa\u00fade\u201d, lembrou Fukunaga. \u201c\u00c9 claro que as festas de final de ano, em raz\u00e3o das confraterniza\u00e7\u00f5es, t\u00eam impactos no aumento de casos, como os especialistas mesmo confirmam. Mas isto, o impacto das festas de final de ano, j\u00e1 era previsto. E, exatamente por esta raz\u00e3o, que o movimento sindical insistiu tanto para que os trabalhadores com comorbidades e os que podem executar suas tarefas em home office fossem mantidos trabalhando em casa\u201d, completou.<\/p>\n<p>Nesta quarta-feira (19), a 28\u00aa Vara do Trabalho de S\u00e3o Paulo condenou o Banco do Brasil a retomar o Manual de Trabalho Presencial vigente at\u00e9 o dia 4 de janeiro e a alocar para o home office todos os empregados que trabalham em departamentos de pr\u00e9dios comerciais. A decis\u00e3o ocorreu em resposta \u00e0 tutela de urg\u00eancia protocolada pelo Sindicato dos Banc\u00e1rios de S\u00e3o Paulo, Osasco e Regi\u00e3o contra o banco.<\/p>\n<h3><strong>Cronograma<\/strong><\/h3>\n<p>Nos pr\u00f3ximos dias o movimento sindical realizar\u00e1:<\/p>\n<ul>\n<li>Reuni\u00e3o com delegados sindicais para organizar formas de levar o debate aos locais de trabalho;<\/li>\n<li>A realiza\u00e7\u00e3o de plen\u00e1rias junto aos funcion\u00e1rios para discutir a situa\u00e7\u00e3o atual no BB; e<\/li>\n<li>Um Dia de Luta Nacional com o tema \u201cDesplugue-se e lute! A vida vale mais\u201d<\/li>\n<\/ul>\n<p>\u201cA tentativa de reuni\u00e3o com a Diretoria de Pessoas, as Gepes (Gest\u00e3o de Pessoas) em seus estados t\u00eam se demonstrado infrut\u00edfera para os sindicatos que querem proteger vidas. A situa\u00e7\u00e3o do descaso e o constrangimento de muitos gestores de n\u00e3o conseguirem ter autonomia para fazer e zelar pelas vidas dos funcion\u00e1rios mostra que existe uma pol\u00edtica imposta pelo governo federal \u00e0 dire\u00e7\u00e3o geral do BB\u201d, avaliou a CEBB em mensagem encaminhada \u00e0s bases.<\/p>\n<p><strong>Fonte: Contraf-CUT<\/strong><\/p>\n","protected":false},"excerpt":{"rendered":"<p>A Comiss\u00e3o de Empresa dos Funcion\u00e1rios do Banco do Brasil (CEBB) se reunir\u00e1 nos pr\u00f3ximos dias com representantes das bases sindicais de todo o pa\u00eds para avaliar e debater o atual cen\u00e1rio de contamina\u00e7\u00e3o por Covid-19 e por Influenza entre os funcion\u00e1rios do banco. O objetivo \u00e9 refor\u00e7ar as a\u00e7\u00f5es para que o banco cumpra [&hellip;]<\/p>\n","protected":false},"author":2,"featured_media":12048,"comment_status":"","ping_status":"","sticky":false,"template":"","format":"standard","meta":{"footnotes":""},"categories":[3],"tags":[],"class_list":["post-12049","post","type-post","status-publish","format-standard","has-post-thumbnail","hentry","category-noticias"],"_links":{"self":[{"href":"https:\/\/hostnetart.com.br\/baixada\/wp-json\/wp\/v2\/posts\/12049","targetHints":{"allow":["GET"]}}],"collection":[{"href":"https:\/\/hostnetart.com.br\/baixada\/wp-json\/wp\/v2\/posts"}],"about":[{"href":"https:\/\/hostnetart.com.br\/baixada\/wp-json\/wp\/v2\/types\/post"}],"author":[{"embeddable":true,"href":"https:\/\/hostnetart.com.br\/baixada\/wp-json\/wp\/v2\/users\/2"}],"replies":[{"embeddable":true,"href":"https:\/\/hostnetart.com.br\/baixada\/wp-json\/wp\/v2\/comments?post=12049"}],"version-history":[{"count":0,"href":"https:\/\/hostnetart.com.br\/baixada\/wp-json\/wp\/v2\/posts\/12049\/revisions"}],"wp:featuredmedia":[{"embeddable":true,"href":"https:\/\/hostnetart.com.br\/baixada\/wp-json\/wp\/v2\/media\/12048"}],"wp:attachment":[{"href":"https:\/\/hostnetart.com.br\/baixada\/wp-json\/wp\/v2\/media?parent=12049"}],"wp:term":[{"taxonomy":"category","embeddable":true,"href":"https:\/\/hostnetart.com.br\/baixada\/wp-json\/wp\/v2\/categories?post=12049"},{"taxonomy":"post_tag","embeddable":true,"href":"https:\/\/hostnetart.com.br\/baixada\/wp-json\/wp\/v2\/tags?post=12049"}],"curies":[{"name":"wp","href":"https:\/\/api.w.org\/{rel}","templated":true}]}}