{"id":12047,"date":"2022-01-24T03:58:41","date_gmt":"2022-01-24T06:58:41","guid":{"rendered":"https:\/\/hostnetart.com.br\/baixada\/sindicato-dos-bancarios-da-baixada-fluminense-percorreu-e-fiscalizou-agencias-do-santander-no-sabado-22\/"},"modified":"2022-01-24T03:58:41","modified_gmt":"2022-01-24T06:58:41","slug":"sindicato-dos-bancarios-da-baixada-fluminense-percorreu-e-fiscalizou-agencias-do-santander-no-sabado-22","status":"publish","type":"post","link":"https:\/\/hostnetart.com.br\/baixada\/sindicato-dos-bancarios-da-baixada-fluminense-percorreu-e-fiscalizou-agencias-do-santander-no-sabado-22\/","title":{"rendered":"Sindicato dos Banc\u00e1rios da Baixada Fluminense percorreu e fiscalizou ag\u00eancias do Santander no s\u00e1bado (22)"},"content":{"rendered":"<p>O Sindicato dos Banc\u00e1rios da Baixada Fluminense percorreu ag\u00eancias do Banco Santander no \u00faltimo s\u00e1bado, 22 de janeiro, para conferir e fiscalizar se a institui\u00e7\u00e3o financeira estava cumprindo a decis\u00e3o judicial que impedia o funcionamento das mesmas. Uma verdadeira blitz.<\/p>\n<p>Na sexta-feira (21), o Sindicato\u00a0obteve uma liminar que impedia o banco de abrir no s\u00e1bado, dia 22, em todas as localidades que comp\u00f5em a base do Sindicato.<\/p>\n<p>Participaram da blitz, os diretores:\u00a0Gentil Ramos, Jos\u00e9 La\u00e9rcio, Solange Ribeiro e Dialas Coelho.<\/p>\n<p>Ao longo do percurso, foram identificadas duas ag\u00eancias abertas: uma em S\u00e3o Jo\u00e3o de Meriti e outra em Queimados. As duas ag\u00eancias paralisaram as atividades com a chegada dos diretores e diretoras do Sindicato.<\/p>\n<p><strong>Atos pelo Brasil<\/strong><\/p>\n<p>In\u00fameros sindicatos dos banc\u00e1rios, espalhados pelo Brasil, conseguiram liminares que proibiam o funcionamento das ag\u00eancias do Santander no s\u00e1bado, que foi marcado por atos, manifesta\u00e7\u00f5es, fiscaliza\u00e7\u00e3o e protestos.<\/p>\n<p>A abertura das ag\u00eancias aos s\u00e1bados, tamb\u00e9m violaria a legisla\u00e7\u00e3o trabalhista, a Conven\u00e7\u00e3o Coletiva de Trabalho (CCT) da categoria e atropela o processo negocial com a representa\u00e7\u00e3o dos trabalhadores e ocorre em meio a uma explos\u00e3o de casos de Covid-19 e da Influenza.<\/p>\n<p>No caso da Baixada Fluminense, caso o banco abrisse no s\u00e1bado, a multa seria de\u00a0R$ 250.000,00 (duzentos e cinquenta mil reais) por ag\u00eancia aberta.<\/p>\n<p><\/p>\n","protected":false},"excerpt":{"rendered":"<p>O Sindicato dos Banc\u00e1rios da Baixada Fluminense percorreu ag\u00eancias do Banco Santander no \u00faltimo s\u00e1bado, 22 de janeiro, para conferir e fiscalizar se a institui\u00e7\u00e3o financeira estava cumprindo a decis\u00e3o judicial que impedia o funcionamento das mesmas. Uma verdadeira blitz. Na sexta-feira (21), o Sindicato\u00a0obteve uma liminar que impedia o banco de abrir no s\u00e1bado, [&hellip;]<\/p>\n","protected":false},"author":2,"featured_media":12046,"comment_status":"","ping_status":"","sticky":false,"template":"","format":"standard","meta":{"footnotes":""},"categories":[3],"tags":[],"class_list":["post-12047","post","type-post","status-publish","format-standard","has-post-thumbnail","hentry","category-noticias"],"_links":{"self":[{"href":"https:\/\/hostnetart.com.br\/baixada\/wp-json\/wp\/v2\/posts\/12047","targetHints":{"allow":["GET"]}}],"collection":[{"href":"https:\/\/hostnetart.com.br\/baixada\/wp-json\/wp\/v2\/posts"}],"about":[{"href":"https:\/\/hostnetart.com.br\/baixada\/wp-json\/wp\/v2\/types\/post"}],"author":[{"embeddable":true,"href":"https:\/\/hostnetart.com.br\/baixada\/wp-json\/wp\/v2\/users\/2"}],"replies":[{"embeddable":true,"href":"https:\/\/hostnetart.com.br\/baixada\/wp-json\/wp\/v2\/comments?post=12047"}],"version-history":[{"count":0,"href":"https:\/\/hostnetart.com.br\/baixada\/wp-json\/wp\/v2\/posts\/12047\/revisions"}],"wp:featuredmedia":[{"embeddable":true,"href":"https:\/\/hostnetart.com.br\/baixada\/wp-json\/wp\/v2\/media\/12046"}],"wp:attachment":[{"href":"https:\/\/hostnetart.com.br\/baixada\/wp-json\/wp\/v2\/media?parent=12047"}],"wp:term":[{"taxonomy":"category","embeddable":true,"href":"https:\/\/hostnetart.com.br\/baixada\/wp-json\/wp\/v2\/categories?post=12047"},{"taxonomy":"post_tag","embeddable":true,"href":"https:\/\/hostnetart.com.br\/baixada\/wp-json\/wp\/v2\/tags?post=12047"}],"curies":[{"name":"wp","href":"https:\/\/api.w.org\/{rel}","templated":true}]}}