{"id":12045,"date":"2022-01-21T19:49:16","date_gmt":"2022-01-21T22:49:16","guid":{"rendered":"https:\/\/hostnetart.com.br\/baixada\/sindicato-obtem-liminar-que-impede-santander-de-abrir-no-sabado-em-toda-a-baixada-fluminense\/"},"modified":"2022-01-21T19:49:16","modified_gmt":"2022-01-21T22:49:16","slug":"sindicato-obtem-liminar-que-impede-santander-de-abrir-no-sabado-em-toda-a-baixada-fluminense","status":"publish","type":"post","link":"https:\/\/hostnetart.com.br\/baixada\/sindicato-obtem-liminar-que-impede-santander-de-abrir-no-sabado-em-toda-a-baixada-fluminense\/","title":{"rendered":"Sindicato obt\u00e9m liminar que impede Santander de abrir no s\u00e1bado, em toda a Baixada Fluminense"},"content":{"rendered":"<p>Nesta sexta-feira, 21 de janeiro, o Sindicato dos Banc\u00e1rios da Baixada Fluminense obteve uma liminar que impede o Banco Santander de abrir neste pr\u00f3ximo s\u00e1bado, dia 22, em todas as localidades que comp\u00f5em a base do Sindicato.<\/p>\n<p>Trata-se de uma A\u00e7\u00e3o Civil P\u00fablica promovida pelo Sindicato, em resposta \u00e0 divulga\u00e7\u00e3o da campanha \u201cDesendivida\u201d, desenvolvida pelo banco.<\/p>\n<p>A abertura das ag\u00eancias no s\u00e1bado, tamb\u00e9m viola a legisla\u00e7\u00e3o trabalhista, a Conven\u00e7\u00e3o Coletiva de Trabalho (CCT) da categoria e atropela o processo negocial com a representa\u00e7\u00e3o dos trabalhadores e ocorre em meio a uma explos\u00e3o de casos de Covid-19 e da Influenza.<\/p>\n<p>IMPORTANTE<\/p>\n<p>O Santander j\u00e1 foi notificado. Se alguma ag\u00eancia, na base territorial do sindicato, insistir em n\u00e3o cumprir a decis\u00e3o da justi\u00e7a, comunique ao diretor do sindicato que visita a sua regi\u00e3o.<\/p>\n<p>O sigilo ser\u00e1 garantido. O Sindicato far\u00e1 dilig\u00eancia nas ag\u00eancias, por\u00e9m, n\u00e3o ter\u00e1 contingente para visitar todas as ag\u00eancias dos 10 munic\u00edpios da regi\u00e3o.<\/p>\n<p>O Sindicato dos Banc\u00e1rios da Baixada Fluminense estar\u00e1 atento e o Banco Santander est\u00e1 sujeito a multa caso n\u00e3o cumpra a liminar.<\/p>\n<p><span style=\"text-decoration: underline;\">Entenda<\/span><\/p>\n<p>A campanha for\u00e7aria o trabalho da categoria aos s\u00e1bados, em plena pandemia, com in\u00edcio em 22\/01\/2022, e nos s\u00e1bados subsequentes, ao arrepio da (i) lei 4178\/62 (Art. 1\u00ba &#8211; Os estabelecimentos de cr\u00e9dito n\u00e3o funcionar\u00e3o aos s\u00e1bados, em expediente externo ou interno.), (ii) da CLT (Art. 224 &#8211; A dura\u00e7\u00e3o normal do trabalho dos empregados em bancos, casas banc\u00e1rias e Caixa Econ\u00f4mica Federal ser\u00e1 de 6 (seis) horas continuas nos dias \u00fateis, com exce\u00e7\u00e3o dos s\u00e1bados, perfazendo um total de 30 (trinta) horas de trabalho por semana.) e da (iii) Conven\u00e7\u00e3o Coletiva 2020-2022 FENABAN (Cl\u00e1usula 11, par\u00e1grafo 3\u00ba).<\/p>\n<p>Na A\u00e7\u00e3o Civil P\u00fablica foi objetivada, em sede liminar e em car\u00e1ter de urg\u00eancia, a determina\u00e7\u00e3o do ju\u00edzo para que o Banco Santander se abstivesse de abrir suas ag\u00eancias neste s\u00e1bado, dia 22\/01\/2022 e nos s\u00e1bados subsequentes, sob pena de aplica\u00e7\u00e3o de multa.<\/p>\n<p>Em decis\u00e3o liminar da lavra do Ju\u00edzo da 3\u00aa Vara do Trabalho de Nova Igua\u00e7u, o Sindicato dos Banc\u00e1rios da Baixada Fluminense obteve \u00eaxito para que o Banco Santander se abstenha de abrir ag\u00eancias no pr\u00f3ximo s\u00e1bado, 22 de janeiro de 2022, ou em qualquer outro s\u00e1bado sem justificativa da excepcionalidade, em toda a \u00e1rea abrangida pelo limite territorial do Sindicato, sob pena de pagamento de multa de R$ 250.000,00 (duzentos e cinquenta mil reais) por ag\u00eancia aberta.<\/p>\n<p><strong>Mais uma vit\u00f3ria e conquista dos trabalhadores banc\u00e1rios!<\/strong><\/p>\n","protected":false},"excerpt":{"rendered":"<p>Nesta sexta-feira, 21 de janeiro, o Sindicato dos Banc\u00e1rios da Baixada Fluminense obteve uma liminar que impede o Banco Santander de abrir neste pr\u00f3ximo s\u00e1bado, dia 22, em todas as localidades que comp\u00f5em a base do Sindicato. Trata-se de uma A\u00e7\u00e3o Civil P\u00fablica promovida pelo Sindicato, em resposta \u00e0 divulga\u00e7\u00e3o da campanha \u201cDesendivida\u201d, desenvolvida pelo [&hellip;]<\/p>\n","protected":false},"author":2,"featured_media":12044,"comment_status":"","ping_status":"","sticky":false,"template":"","format":"standard","meta":{"footnotes":""},"categories":[3],"tags":[],"class_list":["post-12045","post","type-post","status-publish","format-standard","has-post-thumbnail","hentry","category-noticias"],"_links":{"self":[{"href":"https:\/\/hostnetart.com.br\/baixada\/wp-json\/wp\/v2\/posts\/12045","targetHints":{"allow":["GET"]}}],"collection":[{"href":"https:\/\/hostnetart.com.br\/baixada\/wp-json\/wp\/v2\/posts"}],"about":[{"href":"https:\/\/hostnetart.com.br\/baixada\/wp-json\/wp\/v2\/types\/post"}],"author":[{"embeddable":true,"href":"https:\/\/hostnetart.com.br\/baixada\/wp-json\/wp\/v2\/users\/2"}],"replies":[{"embeddable":true,"href":"https:\/\/hostnetart.com.br\/baixada\/wp-json\/wp\/v2\/comments?post=12045"}],"version-history":[{"count":0,"href":"https:\/\/hostnetart.com.br\/baixada\/wp-json\/wp\/v2\/posts\/12045\/revisions"}],"wp:featuredmedia":[{"embeddable":true,"href":"https:\/\/hostnetart.com.br\/baixada\/wp-json\/wp\/v2\/media\/12044"}],"wp:attachment":[{"href":"https:\/\/hostnetart.com.br\/baixada\/wp-json\/wp\/v2\/media?parent=12045"}],"wp:term":[{"taxonomy":"category","embeddable":true,"href":"https:\/\/hostnetart.com.br\/baixada\/wp-json\/wp\/v2\/categories?post=12045"},{"taxonomy":"post_tag","embeddable":true,"href":"https:\/\/hostnetart.com.br\/baixada\/wp-json\/wp\/v2\/tags?post=12045"}],"curies":[{"name":"wp","href":"https:\/\/api.w.org\/{rel}","templated":true}]}}