{"id":12043,"date":"2022-01-20T14:46:07","date_gmt":"2022-01-20T17:46:07","guid":{"rendered":"https:\/\/hostnetart.com.br\/baixada\/quase-metade-dos-acordos-salariais-ficou-abaixo-da-inflacao-em-2021\/"},"modified":"2022-01-20T14:46:07","modified_gmt":"2022-01-20T17:46:07","slug":"quase-metade-dos-acordos-salariais-ficou-abaixo-da-inflacao-em-2021","status":"publish","type":"post","link":"https:\/\/hostnetart.com.br\/baixada\/quase-metade-dos-acordos-salariais-ficou-abaixo-da-inflacao-em-2021\/","title":{"rendered":"Quase metade dos acordos salariais ficou abaixo da infla\u00e7\u00e3o em 2021"},"content":{"rendered":"<p>Dados preliminares analisados pelo Dieese mostram que, em 2021, quase metade dos acordos salariais (47,7%) ficou aqu\u00e9m da infla\u00e7\u00e3o (INPC-IBGE). Pelos dados dispon\u00edveis, \u00e9 o pior resultado em quatro anos. A varia\u00e7\u00e3o m\u00e9dia dos reajustes foi de -0,86%. Apenas 15,8% dos acordos tiveram ganho real, enquanto 26,6% foram equivalentes \u00e0 varia\u00e7\u00e3o da infla\u00e7\u00e3o oficial.<\/p>\n<p>O Dieese lembra que os resultados podem ter altera\u00e7\u00f5es, porque o Minist\u00e9rio do Trabalho e Previd\u00eancia deve acrescentar dados. Mas o cen\u00e1rio \u00e9 negativo. \u201cNa compara\u00e7\u00e3o com os anos anteriores, 2021 registrou a menor propor\u00e7\u00e3o de reajustes iguais ou acima do INPC-IBGE (52,3%)\u201d, diz o\u00a0<a href=\"https:\/\/www.redebrasilatual.com.br\/tag\/dieese\/\" target=\"_blank\" rel=\"noopener noreferrer\">instituto<\/a>. \u201c\u00c9 not\u00f3ria tamb\u00e9m a piora gradativa dos resultados no per\u00edodo.\u201d<\/p>\n<p>Uma caracter\u00edstica \u201cmarcante\u201d das negocia\u00e7\u00f5es salariais do ano passado foi o de parcelamento de reajustes. Essa tend\u00eancia cresceu a partir de mar\u00e7o, ao mesmo tempo em que a infla\u00e7\u00e3o subia. Nos dois primeiros meses de 2021, apenas 2% dos acordos tiveram parcelamento. Esse n\u00famero cresceu para 11,3% em mar\u00e7o, subiu para 15,8% em outubro e chegou a 26,1% em novembro. \u201cEntre 2018 e 2020, os percentuais de reajustes parcelados n\u00e3o ultrapassaram 3%\u201d, lembra o Dieese.<\/p>\n<h3>Infla\u00e7\u00e3o cresce<\/h3>\n<p>H\u00e1 um ano, o reajuste necess\u00e1rio para repor a infla\u00e7\u00e3o era 5,45%, percentual correspondente \u00e0 varia\u00e7\u00e3o do INPC em 12 meses. No \u00faltimo m\u00eas de 2021, esse \u00edndice havia subido para 10,96%.<\/p>\n<p>Entre os setores de atividade, os acordos na ind\u00fastria foram os que tiveram mais reajustes com aumento real: 21,5%, ante 15,4% no com\u00e9rcio e 11,5% nos servi\u00e7os. Assim, em torno de um ter\u00e7o das negocia\u00e7\u00f5es tiveram reajuste abaixo da infla\u00e7\u00e3o na ind\u00fastria e no com\u00e9rcio, chegando a 60% no setor de servi\u00e7os.<\/p>\n<p>Confira o boletim do Dieese\u00a0<a href=\"https:\/\/www.dieese.org.br\/boletimnegociacao\/2022\/boletimnegociacao16.pdf\" target=\"_blank\" rel=\"noopener noreferrer\">na \u00edntegra<\/a>.<\/p>\n<p><strong>Fonte: Rede Brasil Atual<\/strong><\/p>\n","protected":false},"excerpt":{"rendered":"<p>Dados preliminares analisados pelo Dieese mostram que, em 2021, quase metade dos acordos salariais (47,7%) ficou aqu\u00e9m da infla\u00e7\u00e3o (INPC-IBGE). Pelos dados dispon\u00edveis, \u00e9 o pior resultado em quatro anos. A varia\u00e7\u00e3o m\u00e9dia dos reajustes foi de -0,86%. Apenas 15,8% dos acordos tiveram ganho real, enquanto 26,6% foram equivalentes \u00e0 varia\u00e7\u00e3o da infla\u00e7\u00e3o oficial. O [&hellip;]<\/p>\n","protected":false},"author":2,"featured_media":12042,"comment_status":"","ping_status":"","sticky":false,"template":"","format":"standard","meta":{"footnotes":""},"categories":[3],"tags":[],"class_list":["post-12043","post","type-post","status-publish","format-standard","has-post-thumbnail","hentry","category-noticias"],"_links":{"self":[{"href":"https:\/\/hostnetart.com.br\/baixada\/wp-json\/wp\/v2\/posts\/12043","targetHints":{"allow":["GET"]}}],"collection":[{"href":"https:\/\/hostnetart.com.br\/baixada\/wp-json\/wp\/v2\/posts"}],"about":[{"href":"https:\/\/hostnetart.com.br\/baixada\/wp-json\/wp\/v2\/types\/post"}],"author":[{"embeddable":true,"href":"https:\/\/hostnetart.com.br\/baixada\/wp-json\/wp\/v2\/users\/2"}],"replies":[{"embeddable":true,"href":"https:\/\/hostnetart.com.br\/baixada\/wp-json\/wp\/v2\/comments?post=12043"}],"version-history":[{"count":0,"href":"https:\/\/hostnetart.com.br\/baixada\/wp-json\/wp\/v2\/posts\/12043\/revisions"}],"wp:featuredmedia":[{"embeddable":true,"href":"https:\/\/hostnetart.com.br\/baixada\/wp-json\/wp\/v2\/media\/12042"}],"wp:attachment":[{"href":"https:\/\/hostnetart.com.br\/baixada\/wp-json\/wp\/v2\/media?parent=12043"}],"wp:term":[{"taxonomy":"category","embeddable":true,"href":"https:\/\/hostnetart.com.br\/baixada\/wp-json\/wp\/v2\/categories?post=12043"},{"taxonomy":"post_tag","embeddable":true,"href":"https:\/\/hostnetart.com.br\/baixada\/wp-json\/wp\/v2\/tags?post=12043"}],"curies":[{"name":"wp","href":"https:\/\/api.w.org\/{rel}","templated":true}]}}