{"id":12041,"date":"2022-01-20T14:42:47","date_gmt":"2022-01-20T17:42:47","guid":{"rendered":"https:\/\/hostnetart.com.br\/baixada\/sindicatos-questionam-abertura-de-agencias-do-santander-no-sabado\/"},"modified":"2022-01-20T14:42:47","modified_gmt":"2022-01-20T17:42:47","slug":"sindicatos-questionam-abertura-de-agencias-do-santander-no-sabado","status":"publish","type":"post","link":"https:\/\/hostnetart.com.br\/baixada\/sindicatos-questionam-abertura-de-agencias-do-santander-no-sabado\/","title":{"rendered":"Sindicatos questionam abertura de ag\u00eancias do Santander no s\u00e1bado"},"content":{"rendered":"<p>A Confedera\u00e7\u00e3o Nacional dos Trabalhadores do Ramo Financeiro (Contraf-CUT) e diversas outras entidades representativas da categoria banc\u00e1ria divulgaram, nesta quarta-feira (19), uma carta aberta ao novo presidente do Santander, Mario Roberto Opice Le\u00e3o, desejando uma boa gest\u00e3o \u00e0 frente do banco \u2013n\u00e3o s\u00f3 sob a \u00f3tica dos acionistas, mas tamb\u00e9m de trabalhadores e clientes\u2013 e questionando a abertura das ag\u00eancias do banco no pr\u00f3ximo s\u00e1bado (22), para o lan\u00e7amento do projeto Desendivida.<\/p>\n<p>Na carta, os trabalhadores argumentam que a abertura das ag\u00eancias no s\u00e1bado viola a legisla\u00e7\u00e3o trabalhista, a Conven\u00e7\u00e3o Coletiva de Trabalho (CCT) da categoria e atropela o processo negocial com a representa\u00e7\u00e3o dos trabalhadores e ocorre em meio a uma explos\u00e3o de casos de Covid-19 e da Influenza.<\/p>\n<p><span style=\"text-decoration: underline;\"><strong>Leia abaixo a carta aberta na \u00edntegra:<\/strong><\/span><\/p>\n<p><strong><em>Carta aberta ao Sr. Mario Roberto Opice Le\u00e3o, novo presidente do Santander no Brasil<\/em><\/strong><\/p>\n<p><em>N\u00f3s, trabalhadores do Santander de todo o pa\u00eds, organizados em nossas entidades representativas, viemos a p\u00fablico desejar boas-vindas ao novo presidente do Santander no Brasil, o senhor Mario Roberto Opice Le\u00e3o, que assumiu o comando do banco em janeiro deste ano.<\/p>\n<p>Esperamos e desejamos que sua gest\u00e3o seja pautada pela democracia, di\u00e1logo e respeito. Que seja uma gest\u00e3o excelente n\u00e3o s\u00f3 para os acionistas do Santander, mas tamb\u00e9m para trabalhadores e clientes.<\/p>\n<p>Por outro lado, n\u00e3o podemos deixar de lhe apontar \u2013 e at\u00e9 mesmo alert\u00e1-lo, uma vez que acaba de assumir a presid\u00eancia do banco \u2013 a justa indigna\u00e7\u00e3o dos banc\u00e1rios do Santander com rela\u00e7\u00e3o ao projeto Desendivida.<\/p>\n<p>No \u00faltimo domingo, 16 de janeiro, os trabalhadores do Santander foram surpreendidos com a veicula\u00e7\u00e3o de uma pe\u00e7a publicit\u00e1ria, em televis\u00e3o aberta, que anunciava a abertura das ag\u00eancias no pr\u00f3ximo s\u00e1bado, 22 de janeiro, para o lan\u00e7amento do projeto Desendivida, que tem como objetivo a renegocia\u00e7\u00e3o de d\u00edvidas.<\/p>\n<p>Ou seja, os trabalhadores do Santander impactados pelo lan\u00e7amento do projeto foram comunicados pela televis\u00e3o, em pleno domingo, de que teriam de trabalhar no s\u00e1bado, renunciando de forma abrupta e compuls\u00f3ria ao conv\u00edvio familiar e ao lazer, sem o pagamento de horas extras, que ser\u00e3o compensadas.<\/p>\n<p>Um desrespeito por homens e mulheres, pais e m\u00e3es de fam\u00edlia, que constroem os resultados do banco diariamente e fazem do Brasil a opera\u00e7\u00e3o mais lucrativa do Grupo Santander.<\/p>\n<p>A convoca\u00e7\u00e3o de banc\u00e1rios para trabalho em ag\u00eancias no s\u00e1bado \u2013 al\u00e9m de violar a legisla\u00e7\u00e3o trabalhista, a Conven\u00e7\u00e3o Coletiva de Trabalho da categoria e atropelar o processo negocial com a representa\u00e7\u00e3o dos trabalhadores \u2013 ocorre em meio a uma explos\u00e3o de casos de Covid-19 e de Influenza, assim como seu subtipo H3N2.<\/p>\n<p>No \u00faltimo domingo, 16 de janeiro, mesmo dia em que o Santander anunciou o projeto Desendivida em televis\u00e3o aberta, o Brasil registrou 31.629 novos casos conhecidos\u00a0de Covid-19. Com isso, a m\u00e9dia m\u00f3vel de casos nos \u00faltimos sete dias foi de 69.235, a maior desde o dia 27 de junho de 2021. Em compara\u00e7\u00e3o \u00e0 m\u00e9dia de 14 dias atr\u00e1s, a varia\u00e7\u00e3o foi de +721%, indicando fort\u00edssima tend\u00eancia de alta nos casos da doen\u00e7a.<\/p>\n<p>\u00c9 neste cen\u00e1rio que o Santander convoca banc\u00e1rios para trabalharem mais um dia na semana, aumentando a exposi\u00e7\u00e3o ao v\u00edrus.<\/p>\n<p>Elogiamos sim a iniciativa de promover renegocia\u00e7\u00f5es de d\u00edvidas, mas temos plena convic\u00e7\u00e3o de que esta a\u00e7\u00e3o seria poss\u00edvel de segunda a sexta-feira, em hor\u00e1rio normal de atendimento.<\/p>\n<p>Entendemos que a abertura no s\u00e1bado para o lan\u00e7amento do projeto trata-se de mero marketing, que desrespeita direitos dos banc\u00e1rios impactados e tamb\u00e9m ignora de forma irrespons\u00e1vel a pandemia que assola o pa\u00eds e o mundo.<\/p>\n<p>\u00c9 absurdo que o Santander privilegie uma a\u00e7\u00e3o de marketing em detrimento da sa\u00fade e da vida de seus funcion\u00e1rios.<\/p>\n<p>Respeitosamente, questionamos o novo presidente do Santander, Mario Roberto Opice Le\u00e3o, se realmente \u00e9 desta forma que ele gostaria de iniciar sua gest\u00e3o \u00e0 frente do banco?<\/p>\n<p>Por fim, reivindicamos que o Santander, na pessoa do seu novo presidente no Brasil, abra com urg\u00eancia uma negocia\u00e7\u00e3o com a representa\u00e7\u00e3o dos trabalhadores e reveja o quanto antes a iniciativa de abrir as ag\u00eancias no s\u00e1bado para o lan\u00e7amento do projeto Desendivida.<\/p>\n<p>N\u00f3s, trabalhadores do Santander, merecemos respeito.<\/p>\n<p>Assinam esta carta:<\/p>\n<p>Sindicato dos Banc\u00e1rios e Financi\u00e1rios de S\u00e3o Paulo, Osasco e Regi\u00e3o<br \/>Sindicato dos Banc\u00e1rios do Rio de Janeiro<br \/>Contraf-CUT\/SP<br \/>Fetec-CUT\/SP<br \/>Fetec-CUT\/SP<br \/>Federa-CUT\/RJ<br \/>Feeb SP\/MS<br \/>Feeb BA\/SE<br \/>Demais federa\u00e7\u00f5es cutistas<br \/>Afubesp<\/em><\/p>\n<p><strong>Fonte: Contraf-CUT<\/strong><\/p>\n","protected":false},"excerpt":{"rendered":"<p>A Confedera\u00e7\u00e3o Nacional dos Trabalhadores do Ramo Financeiro (Contraf-CUT) e diversas outras entidades representativas da categoria banc\u00e1ria divulgaram, nesta quarta-feira (19), uma carta aberta ao novo presidente do Santander, Mario Roberto Opice Le\u00e3o, desejando uma boa gest\u00e3o \u00e0 frente do banco \u2013n\u00e3o s\u00f3 sob a \u00f3tica dos acionistas, mas tamb\u00e9m de trabalhadores e clientes\u2013 e [&hellip;]<\/p>\n","protected":false},"author":2,"featured_media":12040,"comment_status":"","ping_status":"","sticky":false,"template":"","format":"standard","meta":{"footnotes":""},"categories":[3],"tags":[],"class_list":["post-12041","post","type-post","status-publish","format-standard","has-post-thumbnail","hentry","category-noticias"],"_links":{"self":[{"href":"https:\/\/hostnetart.com.br\/baixada\/wp-json\/wp\/v2\/posts\/12041","targetHints":{"allow":["GET"]}}],"collection":[{"href":"https:\/\/hostnetart.com.br\/baixada\/wp-json\/wp\/v2\/posts"}],"about":[{"href":"https:\/\/hostnetart.com.br\/baixada\/wp-json\/wp\/v2\/types\/post"}],"author":[{"embeddable":true,"href":"https:\/\/hostnetart.com.br\/baixada\/wp-json\/wp\/v2\/users\/2"}],"replies":[{"embeddable":true,"href":"https:\/\/hostnetart.com.br\/baixada\/wp-json\/wp\/v2\/comments?post=12041"}],"version-history":[{"count":0,"href":"https:\/\/hostnetart.com.br\/baixada\/wp-json\/wp\/v2\/posts\/12041\/revisions"}],"wp:featuredmedia":[{"embeddable":true,"href":"https:\/\/hostnetart.com.br\/baixada\/wp-json\/wp\/v2\/media\/12040"}],"wp:attachment":[{"href":"https:\/\/hostnetart.com.br\/baixada\/wp-json\/wp\/v2\/media?parent=12041"}],"wp:term":[{"taxonomy":"category","embeddable":true,"href":"https:\/\/hostnetart.com.br\/baixada\/wp-json\/wp\/v2\/categories?post=12041"},{"taxonomy":"post_tag","embeddable":true,"href":"https:\/\/hostnetart.com.br\/baixada\/wp-json\/wp\/v2\/tags?post=12041"}],"curies":[{"name":"wp","href":"https:\/\/api.w.org\/{rel}","templated":true}]}}