{"id":1204,"date":"2013-07-19T00:00:00","date_gmt":"2013-07-19T03:00:00","guid":{"rendered":"https:\/\/hostnetart.com.br\/baixada\/contraf-cut-cobra-emprego-em-jornal-para-bancarios-do-santander\/"},"modified":"2013-07-19T00:00:00","modified_gmt":"2013-07-19T03:00:00","slug":"contraf-cut-cobra-emprego-em-jornal-para-bancarios-do-santander","status":"publish","type":"post","link":"https:\/\/hostnetart.com.br\/baixada\/contraf-cut-cobra-emprego-em-jornal-para-bancarios-do-santander\/","title":{"rendered":"Contraf-CUT cobra emprego em jornal para banc\u00e1rios do Santander"},"content":{"rendered":"<p>A Contraf-CUT disponibilizou nesta semana aos sindicatos e federa\u00e7\u00f5es uma nova edi\u00e7\u00e3o do \u201cJornal dos Banc\u00e1rios \u2013 Especial Santander\u201d, denunciado a pol\u00edtica de dispensas imotivadas, rotatividade e corte de empregos, bem como as prec\u00e1rias condi\u00e7\u00f5es de trabalho. A publica\u00e7\u00e3o refor\u00e7a a luta dos trabalhadores pelo fim das demiss\u00f5es, por mais contrata\u00e7\u00f5es, pelo fim das metas abusivas e pelo combate ao ass\u00e9dio moral, dentre outras reivindica\u00e7\u00f5es.<\/p>\n<p>\u00a0<\/p>\n<p>Clique\u00a0<a href=\"http:\/\/www.contrafcut.org.br\/download\/Arquivo\/1371823533.pdf\" target=\"_blank\" rel=\"noopener noreferrer\">aqui<\/a>\u00a0para ler o jornal.<\/p>\n<p>\u00a0<\/p>\n<p>O material, que est\u00e1 sendo distribu\u00eddo aos funcion\u00e1rios nos locais de trabalho, divulga a realiza\u00e7\u00e3o do Encontro Nacional dos Dirigentes Sindicais, ocorrido nos dias 4 e 5 de junho, em S\u00e3o Paulo, destacando a aprova\u00e7\u00e3o da pauta espec\u00edfica de reivindica\u00e7\u00f5es dos funcion\u00e1rios.<\/p>\n<p>\u00a0<\/p>\n<p>O jornal traz o resultado do levantamento feito pela Contraf-CUT e Dieese sobre as demiss\u00f5es no primeiro semestre deste ano no banco. Segundo informa\u00e7\u00f5es da maioria dos sindicatos para a Confedera\u00e7\u00e3o, o Santander demitiu 2.604 empregados, dos quais 1.820 sem justa causa. Esse n\u00famero supera as dispensas no mesmo per\u00edodo de 2012.<\/p>\n<p>\u00a0<\/p>\n<p>Enquanto demite trabalhadores, muitos perto da aposentadoria, para reduzir os custos e melhorar o chamado \u00edndice de efici\u00eancia, cada diretor do banco vai receber, em m\u00e9dia, R$ 5,6 milh\u00f5es em 2013, o que corresponde a 118,4 vezes o que vai ganhar um caixa no mesmo per\u00edodo, conforme c\u00e1lculo do Dieese com base no manual da assembleia de acionistas e na conven\u00e7\u00e3o coletiva dos banc\u00e1rios.<\/p>\n<p>\u00a0<\/p>\n<p>A publica\u00e7\u00e3o mostra o perigo que representa o projeto de lei (PL) 4330, que tramita na C\u00e2mara dos Deputados. Se aprovado, os bancos poder\u00e3o terceirizar at\u00e9 caixas e gerentes, colocando em risco o futuro da categoria banc\u00e1ria. O jornal ainda salienta a mobiliza\u00e7\u00e3o internacional contra as pr\u00e1ticas antissindicais do banco.<\/p>\n<p>\u00a0<\/p>\n<p>\u00a0<\/p>\n<p><strong>Negocia\u00e7\u00e3o cancelada<\/strong><\/p>\n<p>\u00a0<\/p>\n<p>A reuni\u00e3o do Comit\u00ea de Rela\u00e7\u00f5es Trabalhistas, agendada para a pr\u00f3xima segunda-feira (22), \u00e0s 14 horas, foi unilateralmente cancelada ontem pelo banco, alegando problemas de agenda, sem a marca\u00e7\u00e3o de nova data, frustrando as expectativas dos banc\u00e1rios.<\/p>\n<p>\u00a0<\/p>\n<p>\u201cTrata-se de mais uma enrola\u00e7\u00e3o do banco, que revela o descaso com a pauta de reivindica\u00e7\u00f5es, entregue no dia 26 de junho ao novo superintendente de rela\u00e7\u00f5es sindicais, Luiz Cl\u00e1udio Xavier, e at\u00e9 agora sem resposta para os banc\u00e1rios, principais respons\u00e1veis por 26% do lucro mundial do Santander\u201d, protesta o secret\u00e1rio de imprensa da Contraf-CUT, Ademir Wiederkehr.<\/p>\n<p>\u00a0<\/p>\n<p>Fonte: Contraf-CUT<\/p>\n","protected":false},"excerpt":{"rendered":"<p>A Contraf-CUT disponibilizou nesta semana aos sindicatos e federa\u00e7\u00f5es uma nova edi\u00e7\u00e3o do \u201cJornal dos Banc\u00e1rios \u2013 Especial Santander\u201d, denunciado a pol\u00edtica de dispensas imotivadas, rotatividade e corte de empregos, bem como as prec\u00e1rias condi\u00e7\u00f5es de trabalho. A publica\u00e7\u00e3o refor\u00e7a a luta dos trabalhadores pelo fim das demiss\u00f5es, por mais contrata\u00e7\u00f5es, pelo fim das metas [&hellip;]<\/p>\n","protected":false},"author":1,"featured_media":0,"comment_status":"","ping_status":"","sticky":false,"template":"","format":"standard","meta":{"footnotes":""},"categories":[3],"tags":[],"class_list":["post-1204","post","type-post","status-publish","format-standard","hentry","category-noticias"],"_links":{"self":[{"href":"https:\/\/hostnetart.com.br\/baixada\/wp-json\/wp\/v2\/posts\/1204","targetHints":{"allow":["GET"]}}],"collection":[{"href":"https:\/\/hostnetart.com.br\/baixada\/wp-json\/wp\/v2\/posts"}],"about":[{"href":"https:\/\/hostnetart.com.br\/baixada\/wp-json\/wp\/v2\/types\/post"}],"author":[{"embeddable":true,"href":"https:\/\/hostnetart.com.br\/baixada\/wp-json\/wp\/v2\/users\/1"}],"replies":[{"embeddable":true,"href":"https:\/\/hostnetart.com.br\/baixada\/wp-json\/wp\/v2\/comments?post=1204"}],"version-history":[{"count":0,"href":"https:\/\/hostnetart.com.br\/baixada\/wp-json\/wp\/v2\/posts\/1204\/revisions"}],"wp:attachment":[{"href":"https:\/\/hostnetart.com.br\/baixada\/wp-json\/wp\/v2\/media?parent=1204"}],"wp:term":[{"taxonomy":"category","embeddable":true,"href":"https:\/\/hostnetart.com.br\/baixada\/wp-json\/wp\/v2\/categories?post=1204"},{"taxonomy":"post_tag","embeddable":true,"href":"https:\/\/hostnetart.com.br\/baixada\/wp-json\/wp\/v2\/tags?post=1204"}],"curies":[{"name":"wp","href":"https:\/\/api.w.org\/{rel}","templated":true}]}}