{"id":12037,"date":"2022-01-20T14:01:06","date_gmt":"2022-01-20T17:01:06","guid":{"rendered":"https:\/\/hostnetart.com.br\/baixada\/justica-determina-que-banco-do-brasil-retome-o-home-office-para-funcionarios-de-areas-administrativas\/"},"modified":"2022-01-20T14:01:06","modified_gmt":"2022-01-20T17:01:06","slug":"justica-determina-que-banco-do-brasil-retome-o-home-office-para-funcionarios-de-areas-administrativas","status":"publish","type":"post","link":"https:\/\/hostnetart.com.br\/baixada\/justica-determina-que-banco-do-brasil-retome-o-home-office-para-funcionarios-de-areas-administrativas\/","title":{"rendered":"Justi\u00e7a determina que Banco do Brasil retome o home office para funcion\u00e1rios de \u00e1reas administrativas"},"content":{"rendered":"<p>A 28\u00aa Vara do Trabalho em S\u00e3o Paulo determinou hoje (19), em car\u00e1ter de tutela antecipada, que funcion\u00e1rios do Banco do Brasil lotados em pr\u00e9dios administrativos ou departamentos, que n\u00e3o lidem com atendimento ao p\u00fablico, sejam recolocados em home office imediatamente. A decis\u00e3o, da ju\u00edza Ana Cristina Magalh\u00e3es Fontes Guedes, foi uma resposta \u00e0 a\u00e7\u00e3o de autoria do\u00a0<a href=\"https:\/\/spbancarios.com.br\/01\/2022\/justica-determina-que-bb-retome-o-home-office-para-funcionarios-de-areas-administrativas\" target=\"_blank\" rel=\"noopener noreferrer\">Sindicato dos Banc\u00e1rios de S\u00e3o Paulo<\/a>, Osasco e Regi\u00e3o.<\/p>\n<p>Na decis\u00e3o, a ju\u00edza tamb\u00e9m determina que o Banco do Brasil volte a adotar o protocolo de seguran\u00e7a que previa o fechamento de uma depend\u00eancia do banco (ag\u00eancias ou departamentos) para sanitiza\u00e7\u00e3o quando algum trabalhador tivesse testado positivo para covid-19. O\u00a0BB havia alterado, no dia 4 de janeiro, sem qualquer negocia\u00e7\u00e3o com o Sindicato, seu Manual do Trabalho Presencial (o protocolo de seguran\u00e7a contra covid), retirando do manual esta medida, que \u00e9 fundamental para deter as contamina\u00e7\u00f5es entre trabalhadores e clientes da institui\u00e7\u00e3o financeira.<\/p>\n<p>A decis\u00e3o prev\u00ea ainda multa di\u00e1ria de R$ 50 mil caso, em at\u00e9 48h, o banco descumpra alguma das determina\u00e7\u00f5es. A import\u00e2ncia deve ser destinada ao Instituto Butantan, por ser, segundo o texto da ju\u00edza, a \u201cinstitui\u00e7\u00e3o vinculada \u00e0 Secretaria de Sa\u00fade de S\u00e3o Paulo e respons\u00e1vel pela pesquisa e produ\u00e7\u00e3o de vacinas no Estado de S\u00e3o Paulo.\u201d<\/p>\n<p><strong>Fonte: Rede Brasil Atual<\/strong><\/p>\n","protected":false},"excerpt":{"rendered":"<p>A 28\u00aa Vara do Trabalho em S\u00e3o Paulo determinou hoje (19), em car\u00e1ter de tutela antecipada, que funcion\u00e1rios do Banco do Brasil lotados em pr\u00e9dios administrativos ou departamentos, que n\u00e3o lidem com atendimento ao p\u00fablico, sejam recolocados em home office imediatamente. A decis\u00e3o, da ju\u00edza Ana Cristina Magalh\u00e3es Fontes Guedes, foi uma resposta \u00e0 a\u00e7\u00e3o [&hellip;]<\/p>\n","protected":false},"author":2,"featured_media":12036,"comment_status":"","ping_status":"","sticky":false,"template":"","format":"standard","meta":{"footnotes":""},"categories":[3],"tags":[],"class_list":["post-12037","post","type-post","status-publish","format-standard","has-post-thumbnail","hentry","category-noticias"],"_links":{"self":[{"href":"https:\/\/hostnetart.com.br\/baixada\/wp-json\/wp\/v2\/posts\/12037","targetHints":{"allow":["GET"]}}],"collection":[{"href":"https:\/\/hostnetart.com.br\/baixada\/wp-json\/wp\/v2\/posts"}],"about":[{"href":"https:\/\/hostnetart.com.br\/baixada\/wp-json\/wp\/v2\/types\/post"}],"author":[{"embeddable":true,"href":"https:\/\/hostnetart.com.br\/baixada\/wp-json\/wp\/v2\/users\/2"}],"replies":[{"embeddable":true,"href":"https:\/\/hostnetart.com.br\/baixada\/wp-json\/wp\/v2\/comments?post=12037"}],"version-history":[{"count":0,"href":"https:\/\/hostnetart.com.br\/baixada\/wp-json\/wp\/v2\/posts\/12037\/revisions"}],"wp:featuredmedia":[{"embeddable":true,"href":"https:\/\/hostnetart.com.br\/baixada\/wp-json\/wp\/v2\/media\/12036"}],"wp:attachment":[{"href":"https:\/\/hostnetart.com.br\/baixada\/wp-json\/wp\/v2\/media?parent=12037"}],"wp:term":[{"taxonomy":"category","embeddable":true,"href":"https:\/\/hostnetart.com.br\/baixada\/wp-json\/wp\/v2\/categories?post=12037"},{"taxonomy":"post_tag","embeddable":true,"href":"https:\/\/hostnetart.com.br\/baixada\/wp-json\/wp\/v2\/tags?post=12037"}],"curies":[{"name":"wp","href":"https:\/\/api.w.org\/{rel}","templated":true}]}}