{"id":12035,"date":"2022-01-19T18:07:53","date_gmt":"2022-01-19T21:07:53","guid":{"rendered":"https:\/\/hostnetart.com.br\/baixada\/sem-negociar-com-trabalhadores-santander-abrira-agencias-no-sabado-22\/"},"modified":"2022-01-19T18:07:53","modified_gmt":"2022-01-19T21:07:53","slug":"sem-negociar-com-trabalhadores-santander-abrira-agencias-no-sabado-22","status":"publish","type":"post","link":"https:\/\/hostnetart.com.br\/baixada\/sem-negociar-com-trabalhadores-santander-abrira-agencias-no-sabado-22\/","title":{"rendered":"Sem negociar com trabalhadores, Santander abrir\u00e1 ag\u00eancias no s\u00e1bado (22)"},"content":{"rendered":"<p>O Santander decidiu abrir suas tr\u00eas mil ag\u00eancias em todo o Brasil, no pr\u00f3ximo s\u00e1bado (22), das 10h \u00e0s 14h, sem qualquer negocia\u00e7\u00e3o com a representa\u00e7\u00e3o sindical dos trabalhadores. O banco se limitou a fazer uma liga\u00e7\u00e3o para a representa\u00e7\u00e3o dos trabalhadores para informar sobre a decis\u00e3o que j\u00e1 havia sido tomada, sem abrir possibilidades de negocia\u00e7\u00f5es.<\/p>\n<p>\u201c\u00c9 importante que haja negocia\u00e7\u00e3o antes da comunica\u00e7\u00e3o oficial, espa\u00e7o para colocar a posi\u00e7\u00e3o do trabalhador, as condi\u00e7\u00f5es de trabalho, as dificuldades impostas pela abertura num s\u00e1bado, mas o Santander insiste na postura antissindical e antitrabalhador\u201d, criticou a coordenadora da Comiss\u00e3o de Organiza\u00e7\u00e3o dos Empregados (COE) do Santander, Lucimara Malaquias.<\/p>\n<p>Foram convocados para o trabalho no s\u00e1bado os gerentes de neg\u00f3cios e servi\u00e7os (GNS) de 8 horas; gerentes gerais; e gerentes PJ, PF e Van Gogh. N\u00e3o trabalhar\u00e3o caixas, GNS de 6 horas e demais cargos n\u00e3o descritos acima.<\/p>\n<p><strong>&gt;&gt;&gt;&gt;&gt;<\/strong>\u00a0<a href=\"https:\/\/spbancarios.com.br\/01\/2022\/santander-carta-aberta-questiona-novo-presidente-sobre-abertura-de-agencias-no-sabado\" target=\"_blank\" rel=\"noopener noreferrer\">Em carta aberta, funcion\u00e1rios questionam presidente do Santander sobre abertura de ag\u00eancias no s\u00e1bado<\/a><\/p>\n<h3>Sem pagar horas-extras<\/h3>\n<p>O banco negou o pagamento de horas extras alegando dificuldades sist\u00eamicas para tal. Os banc\u00e1rios que trabalharem no dia 22 ter\u00e3o direito a folgar uma hora e meia para cada hora trabalhada. A compensa\u00e7\u00e3o se dar\u00e1 na semana seguinte e n\u00e3o nos seis meses praticados por meio da Pol\u00edtica Interna de Compensa\u00e7\u00e3o de Horas, que n\u00e3o foi negociada com o movimento sindical.<\/p>\n<p>\u201cAl\u00e9m de convocar para trabalhar em um s\u00e1bado, durante a pandemia, o banco ainda se nega a pagar horas extras\u201d, denunciou a coordenadora da COE\/Santander. \u201cPara abrir uma ag\u00eancia no s\u00e1bado, o banco precisa fazer altera\u00e7\u00f5es sist\u00eamicas e log\u00edsticas complexas e tudo isso foi feito em tempo recorde, mas quando se trata de beneficiar os funcion\u00e1rios, o banco sempre tem uma enorme dificuldade. Isso s\u00f3 aumenta a indigna\u00e7\u00e3o dos trabalhadores\u201d, completou.<\/p>\n<h3>Endividamento \u00e9 culpa dos bancos<\/h3>\n<p>O banco alega que a inadimpl\u00eancia est\u00e1 alta e numa crescente, o que tem levado muitos clientes a serem negativados, e, por conta disto, ficarem sem cr\u00e9dito no mercado, num momento cr\u00edtico de desemprego agravado pela crise econ\u00f4mica e sanit\u00e1ria no pa\u00eds.<\/p>\n<p>Para Lucimara, n\u00e3o adianta o banco fazer marketing para tentar se mostrar como \u201cbonzinho\u201d, como uma institui\u00e7\u00e3o preocupada com endividamento do brasileiro, mas, na pr\u00e1tica, contribuir para a situa\u00e7\u00e3o de crise econ\u00f4mica e financeira do pa\u00eds.<\/p>\n<p>\u201cO Santander e o sistema financeiro de forma geral t\u00eam grande parcela de responsabilidade pelo endividamento da popula\u00e7\u00e3o e pela crise econ\u00f4mica e financeira no pa\u00eds, tendo em vista as tarifas e juros praticados e pelo direcionamento e segmenta\u00e7\u00e3o do cr\u00e9dito apenas para p\u00fablicos que despertam seu interesse por lucros\u201d, criticou a coordenadora da COE\/Santander.<\/p>\n<p>\u201cSe o banco quer reduzir a inadimpl\u00eancia e a pobreza no pa\u00eds deve gerar empregos e parar as demiss\u00f5es; reduzir juros e tarifas; interromper a terceiriza\u00e7\u00e3o; deixar de apoiar projetos de leis que retiram direitos e reduzem a massa salarial da popula\u00e7\u00e3o; e incentivar o cr\u00e9dito para pequenas e m\u00e9dias empresas; al\u00e9m de oferecer cr\u00e9dito respons\u00e1vel para os clientes\u201d, completou.<\/p>\n<h3>Agravamento da pandemia<\/h3>\n<p>O pa\u00eds vive o agravamento da pandemia do coronav\u00edrus, junto com um surto de Influenza (H3N2), o que tem causado aumento nas contamina\u00e7\u00f5es nas ag\u00eancias e pr\u00e9dios e prejudicado os banc\u00e1rios.<\/p>\n<p>Nesta situa\u00e7\u00e3o espec\u00edfica, h\u00e1 uma quest\u00e3o social colocada: a campanha Desendivida pode ajudar milhares de clientes que j\u00e1 est\u00e3o sem cr\u00e9dito ou prestes a negativarem, num momento em que mais de 14 milh\u00f5es de pessoas est\u00e3o desempregadas e sem perspectivas de retornarem ao mercado de trabalho.<\/p>\n<p>\u201cH\u00e1 formas mais eficazes para ajudar a popula\u00e7\u00e3o, uma delas \u00e9 contratar banc\u00e1rios para que possam atender a demanda de segunda a sexta, das 10h \u00e0s 16h\u201d, sugeriu Lucimara.<\/p>\n<p>Os sindicatos constataram uma grande indigna\u00e7\u00e3o dos trabalhadores em trabalharem no s\u00e1bado, em meio a um momento cr\u00edtico da pandemia de Covid-19 e do surto de influenza. Al\u00e9m disto, ao longo da pandemia, o Santander tem exposto banc\u00e1rios ao trabalho presencial, mantido protocolos fr\u00e1geis contra Covid-19 e intensificado a terceiriza\u00e7\u00e3o que, na pr\u00e1tica, significa retirada de direitos.<\/p>\n<p>O Sindicato dos Banc\u00e1rios de S\u00e3o Paulo, Osasco e Regi\u00e3o est\u00e1 fazendo uma\u00a0<a href=\"https:\/\/pt.surveymonkey.com\/r\/P78GWHR\" target=\"_blank\" rel=\"noopener noreferrer\">pesquisa<\/a>\u00a0para aferir a insatisfa\u00e7\u00e3o dos banc\u00e1rios. Participe!<\/p>\n<p><strong>Fonte:\u00a0Reda\u00e7\u00e3o SPBanc\u00e1rios, com edi\u00e7\u00f5es da Contraf-CUT<\/strong><\/p>\n","protected":false},"excerpt":{"rendered":"<p>O Santander decidiu abrir suas tr\u00eas mil ag\u00eancias em todo o Brasil, no pr\u00f3ximo s\u00e1bado (22), das 10h \u00e0s 14h, sem qualquer negocia\u00e7\u00e3o com a representa\u00e7\u00e3o sindical dos trabalhadores. O banco se limitou a fazer uma liga\u00e7\u00e3o para a representa\u00e7\u00e3o dos trabalhadores para informar sobre a decis\u00e3o que j\u00e1 havia sido tomada, sem abrir possibilidades [&hellip;]<\/p>\n","protected":false},"author":2,"featured_media":12034,"comment_status":"","ping_status":"","sticky":false,"template":"","format":"standard","meta":{"footnotes":""},"categories":[3],"tags":[],"class_list":["post-12035","post","type-post","status-publish","format-standard","has-post-thumbnail","hentry","category-noticias"],"_links":{"self":[{"href":"https:\/\/hostnetart.com.br\/baixada\/wp-json\/wp\/v2\/posts\/12035","targetHints":{"allow":["GET"]}}],"collection":[{"href":"https:\/\/hostnetart.com.br\/baixada\/wp-json\/wp\/v2\/posts"}],"about":[{"href":"https:\/\/hostnetart.com.br\/baixada\/wp-json\/wp\/v2\/types\/post"}],"author":[{"embeddable":true,"href":"https:\/\/hostnetart.com.br\/baixada\/wp-json\/wp\/v2\/users\/2"}],"replies":[{"embeddable":true,"href":"https:\/\/hostnetart.com.br\/baixada\/wp-json\/wp\/v2\/comments?post=12035"}],"version-history":[{"count":0,"href":"https:\/\/hostnetart.com.br\/baixada\/wp-json\/wp\/v2\/posts\/12035\/revisions"}],"wp:featuredmedia":[{"embeddable":true,"href":"https:\/\/hostnetart.com.br\/baixada\/wp-json\/wp\/v2\/media\/12034"}],"wp:attachment":[{"href":"https:\/\/hostnetart.com.br\/baixada\/wp-json\/wp\/v2\/media?parent=12035"}],"wp:term":[{"taxonomy":"category","embeddable":true,"href":"https:\/\/hostnetart.com.br\/baixada\/wp-json\/wp\/v2\/categories?post=12035"},{"taxonomy":"post_tag","embeddable":true,"href":"https:\/\/hostnetart.com.br\/baixada\/wp-json\/wp\/v2\/tags?post=12035"}],"curies":[{"name":"wp","href":"https:\/\/api.w.org\/{rel}","templated":true}]}}