{"id":12033,"date":"2022-01-19T17:56:30","date_gmt":"2022-01-19T20:56:30","guid":{"rendered":"https:\/\/hostnetart.com.br\/baixada\/sindicato-dos-bancarios-da-baixada-fluminense-reintegra-funcionaria-do-bradesco\/"},"modified":"2022-01-19T17:56:30","modified_gmt":"2022-01-19T20:56:30","slug":"sindicato-dos-bancarios-da-baixada-fluminense-reintegra-funcionaria-do-bradesco","status":"publish","type":"post","link":"https:\/\/hostnetart.com.br\/baixada\/sindicato-dos-bancarios-da-baixada-fluminense-reintegra-funcionaria-do-bradesco\/","title":{"rendered":"Sindicato dos Banc\u00e1rios da Baixada Fluminense reintegra funcion\u00e1ria do Bradesco"},"content":{"rendered":"<p>2022 mal come\u00e7ou e o Sindicato dos Banc\u00e1rios da Baixada Fluminense j\u00e1 conseguiu a reintegra\u00e7\u00e3o de mais uma trabalhadora banc\u00e1ria.<\/p>\n<p>Nesta quarta-feira, 19 de janeiro, a banc\u00e1ria Juliana Casimiro de Souza Peluso foi reintegrada na ag\u00eancia\u00a0de Heli\u00f3polis, localizada em\u00a0Belford Roxo.<\/p>\n<p>A reintegra\u00e7\u00e3o foi acompanhada pelos diretores do Sindicato: Dialas Coelho e Martins.<\/p>\n<p>A funcion\u00e1ria, que tinha quase dez anos de servi\u00e7os prestados na institui\u00e7\u00e3o financeira, havia sido desligada em junho de 2021, em plena pandemia do novo coronav\u00edrus, contrariando o compromisso de n\u00e3o demiss\u00e3o que os grandes bancos assumiram.<\/p>\n<p>&#8220;Fui muito bem atendida no Sindicato. Me senti acolhida num dos piores momentos de minha vida. Queria agradecer pelo trabalho feito, pelo resultado e pelo profissionalismo. Em especial ao Rubio, Dialas e ao advogado, Luiz Paulo. Tamb\u00e9m quero dizer aos meus colegas banc\u00e1rios e banc\u00e1rias: procurem o Sindicato. Ele \u00e9 muito importante para n\u00f3s, trabalhadores&#8221;, relatou e agradeceu a banc\u00e1ria.<\/p>\n<p><span style=\"text-decoration: underline;\">IMPORTANTE<\/span><\/p>\n<p>Juliana \u00e9 sindicalizada e, logo ap\u00f3s seu desligamento, procurou atendimento no Sindicato dos Banc\u00e1rios da Baixada Fluminense, onde foi prontamente atendida pelos Departamentos Jur\u00eddico e de Sa\u00fade.<\/p>\n<p>\u00c9 fundamental que banc\u00e1rias e banc\u00e1rios, logo que sejam informados de suas demiss\u00f5es, procurem imediatamente atendimento no Sindicato.<\/p>\n<p><strong>SINDICALIZE-SE<\/strong><\/p>\n<div id=\"m_-8487676354780937271gmail-single-the-title\">\u00a0<\/div>\n<div class=\"yj6qo\">\u00a0<\/div>\n<div id=\"m_-8487676354780937271gmail-single-the-excerpt\" class=\"adL\">\u00a0<\/div>\n","protected":false},"excerpt":{"rendered":"<p>2022 mal come\u00e7ou e o Sindicato dos Banc\u00e1rios da Baixada Fluminense j\u00e1 conseguiu a reintegra\u00e7\u00e3o de mais uma trabalhadora banc\u00e1ria. Nesta quarta-feira, 19 de janeiro, a banc\u00e1ria Juliana Casimiro de Souza Peluso foi reintegrada na ag\u00eancia\u00a0de Heli\u00f3polis, localizada em\u00a0Belford Roxo. A reintegra\u00e7\u00e3o foi acompanhada pelos diretores do Sindicato: Dialas Coelho e Martins. A funcion\u00e1ria, que [&hellip;]<\/p>\n","protected":false},"author":2,"featured_media":12032,"comment_status":"","ping_status":"","sticky":false,"template":"","format":"standard","meta":{"footnotes":""},"categories":[3],"tags":[],"class_list":["post-12033","post","type-post","status-publish","format-standard","has-post-thumbnail","hentry","category-noticias"],"_links":{"self":[{"href":"https:\/\/hostnetart.com.br\/baixada\/wp-json\/wp\/v2\/posts\/12033","targetHints":{"allow":["GET"]}}],"collection":[{"href":"https:\/\/hostnetart.com.br\/baixada\/wp-json\/wp\/v2\/posts"}],"about":[{"href":"https:\/\/hostnetart.com.br\/baixada\/wp-json\/wp\/v2\/types\/post"}],"author":[{"embeddable":true,"href":"https:\/\/hostnetart.com.br\/baixada\/wp-json\/wp\/v2\/users\/2"}],"replies":[{"embeddable":true,"href":"https:\/\/hostnetart.com.br\/baixada\/wp-json\/wp\/v2\/comments?post=12033"}],"version-history":[{"count":0,"href":"https:\/\/hostnetart.com.br\/baixada\/wp-json\/wp\/v2\/posts\/12033\/revisions"}],"wp:featuredmedia":[{"embeddable":true,"href":"https:\/\/hostnetart.com.br\/baixada\/wp-json\/wp\/v2\/media\/12032"}],"wp:attachment":[{"href":"https:\/\/hostnetart.com.br\/baixada\/wp-json\/wp\/v2\/media?parent=12033"}],"wp:term":[{"taxonomy":"category","embeddable":true,"href":"https:\/\/hostnetart.com.br\/baixada\/wp-json\/wp\/v2\/categories?post=12033"},{"taxonomy":"post_tag","embeddable":true,"href":"https:\/\/hostnetart.com.br\/baixada\/wp-json\/wp\/v2\/tags?post=12033"}],"curies":[{"name":"wp","href":"https:\/\/api.w.org\/{rel}","templated":true}]}}