{"id":1203,"date":"2013-07-19T00:00:00","date_gmt":"2013-07-19T03:00:00","guid":{"rendered":"https:\/\/hostnetart.com.br\/baixada\/santander-continua-demitindo-e-desmarcando-reunioes-com-bancarios\/"},"modified":"2013-07-19T00:00:00","modified_gmt":"2013-07-19T03:00:00","slug":"santander-continua-demitindo-e-desmarcando-reunioes-com-bancarios","status":"publish","type":"post","link":"https:\/\/hostnetart.com.br\/baixada\/santander-continua-demitindo-e-desmarcando-reunioes-com-bancarios\/","title":{"rendered":"Santander continua demitindo e desmarcando reuni\u00f5es com banc\u00e1rios"},"content":{"rendered":"<p>O modelo de gest\u00e3o do Santander permanece desrespeitando os trabalhadores. As demiss\u00f5es imotivadas aumentaram no primeiro semestre, superando os n\u00fameros do mesmo per\u00edodo do ano passado. As condi\u00e7\u00f5es de trabalho pioraram com a falta de funcion\u00e1rios, as metas abusivas, o ass\u00e9dio moral, a inseguran\u00e7a e o adoecimento de muitos colegas. E as pr\u00e1ticas antissindicais e as terceiriza\u00e7\u00f5es n\u00e3o param, deixando indignados os representantes dos banc\u00e1rios.<\/p>\n<p>\u00a0<\/p>\n<p>Em vez de apostar no di\u00e1logo e na negocia\u00e7\u00e3o coletiva, o Santander entrou em contato com a Contraf-CUT na tarde desta quarta-feira (17) para comunicar que estava adiada a reuni\u00e3o do Comit\u00ea de Rela\u00e7\u00f5es Trabalhistas (CRT) marcada para a pr\u00f3xima segunda-feira (22), \u00e0s 14 horas. O banco alegou problemas de agenda e n\u00e3o anunciou nova data.<\/p>\n<p>\u00a0<\/p>\n<p>Na reuni\u00e3o adiada estava prevista a discuss\u00e3o da pauta espec\u00edfica de reivindica\u00e7\u00f5es, aprovada no Encontro Nacional dos Funcion\u00e1rios e entregue ao banco no dia 26 de junho, que n\u00e3o chegou a ser debatida na reuni\u00e3o do CRT no \u00faltimo dia 4. O novo superintendente de rela\u00e7\u00f5es sindicais do Santander, Luiz Cl\u00e1udio Xavier, que assumiu o cargo no in\u00edcio de maio, disse que ainda n\u00e3o tinha conseguido examinar todas as demandas.<\/p>\n<p>\u00a0<\/p>\n<p>A pauta cont\u00e9m propostas de emprego, condi\u00e7\u00f5es de trabalho, remunera\u00e7\u00e3o, sa\u00fade suplementar e previd\u00eancia complementar, al\u00e9m de v\u00e1rias pend\u00eancias de reuni\u00f5es anteriores do CRT.<\/p>\n<p>\u00a0<\/p>\n<p>Essa medida unilateral do banco repete a da \u00faltima sexta-feira (12), quando cancelou a reuni\u00e3o espec\u00edfica para tratar das demandas dos funcion\u00e1rios com defici\u00eancias (PCDs), que foi igualmente agendada na reuni\u00e3o do CRT. Nos meses anteriores, o banco j\u00e1 havia suspenso as reuni\u00f5es sobre o Grupo de Trabalho (GT) do Call Center e a apresenta\u00e7\u00e3o sobre a ag\u00eancia Select.<\/p>\n<p>\u00a0<\/p>\n<p>O banco limitou-se a agendar o F\u00f3rum de Sa\u00fade e Condi\u00e7\u00f5es do Trabalho para a pr\u00f3xima quinta-feira (25), \u00e0s 14 horas, bem como o GT do Call Center a ser realizado no dia 29, \u00e0s 14 horas. As duas reuni\u00f5es n\u00e3o tem local confirmado. E nada foi agendado para retomar o GT sobre o processo eleitoral do SantanderPrevi, previsto no acordo aditivo \u00e0 conven\u00e7\u00e3o coletiva.<\/p>\n<p>\u00a0<\/p>\n<p>\u00a0<\/p>\n<p><strong>Nova enrola\u00e7\u00e3o<\/strong><\/p>\n<p>\u00a0<\/p>\n<p>\u201cTrata-se de nova enrola\u00e7\u00e3o do banco em cima do movimento sindical e dos funcion\u00e1rios\u201d, protesta o secret\u00e1rio de imprensa da Contraf-CUT, Ademir Wiederkehr. \u201cO banco n\u00e3o quer negociar os problemas de emprego, condi\u00e7\u00f5es de trabalho e remunera\u00e7\u00e3o, e apela a pr\u00e1ticas antissindicais, como as recentes a\u00e7\u00f5es judiciais movidas contra v\u00e1rias entidades sindicais, al\u00e9m das terceiriza\u00e7\u00f5es ilegais, como a contrata\u00e7\u00e3o de prepostos para tentar fazer as homologa\u00e7\u00f5es nos sindicatos\u201d, destaca o dirigente sindical.<\/p>\n<p>\u00a0<\/p>\n<p>Segundo informa\u00e7\u00f5es da maioria dos sindicatos para a Confedera\u00e7\u00e3o, o banco espanhol demitiu 2.604 funcion\u00e1rios no 1\u00ba semestre deste ano, dos quais 1.820 sem justa causa.<\/p>\n<p>\u00a0<\/p>\n<p>Enquanto isso, cada diretor do banco vai receber, em m\u00e9dia, R$ 5,6 milh\u00f5es por ano, o que corresponde a 118,4 vezes o que vai ganhar um caixa no mesmo per\u00edodo, conforme proje\u00e7\u00f5es do Dieese com base no manual da assembleia de acionistas e na conven\u00e7\u00e3o coletiva dos banc\u00e1rios.<\/p>\n<p>\u00a0<\/p>\n<p>\u201cOs trabalhadores, principais respons\u00e1veis pelo lucro do banco, que representa 26% do resultado global do Santander, n\u00e3o podem ser tratados como se fossem de segunda categoria\u201d, salienta o dirigente sindical.<\/p>\n<p>\u00a0<\/p>\n<p>\u201cEsses sucessivos cancelamentos s\u00e3o injustific\u00e1veis. A situa\u00e7\u00e3o nas ag\u00eancias \u00e9 ca\u00f3tica. O banco, al\u00e9m de n\u00e3o parar com as demiss\u00f5es como temos reivindicado, fez uma reestrutura\u00e7\u00e3o, na qual retirou os coordenadores das ag\u00eancias menores, classificadas como C e D. Essa fun\u00e7\u00e3o agora \u00e9 exercida por caixas, gerentes. Ou seja, al\u00e9m de n\u00e3o darem conta do pr\u00f3prio trabalho, esses funcion\u00e1rios s\u00e3o obrigados a acumular mais essa fun\u00e7\u00e3o\u201d, afirma a coordenadora da Comiss\u00e3o de Organiza\u00e7\u00e3o dos Empregados (COE) do Santander, Maria Rosani.<\/p>\n<p>\u00a0<\/p>\n<p>\u201cEsses problemas n\u00e3o podem continuar e exigimos que o Santander trate o processo negocial com a mesma seriedade do movimento sindical\u201d, enfatiza a dirigente sindical.<\/p>\n<p>\u00a0<\/p>\n<p>Fonte: Contraf-CUT com Seeb S\u00e3o Paulo<\/p>\n","protected":false},"excerpt":{"rendered":"<p>O modelo de gest\u00e3o do Santander permanece desrespeitando os trabalhadores. As demiss\u00f5es imotivadas aumentaram no primeiro semestre, superando os n\u00fameros do mesmo per\u00edodo do ano passado. As condi\u00e7\u00f5es de trabalho pioraram com a falta de funcion\u00e1rios, as metas abusivas, o ass\u00e9dio moral, a inseguran\u00e7a e o adoecimento de muitos colegas. E as pr\u00e1ticas antissindicais e [&hellip;]<\/p>\n","protected":false},"author":1,"featured_media":0,"comment_status":"","ping_status":"","sticky":false,"template":"","format":"standard","meta":{"footnotes":""},"categories":[3],"tags":[],"class_list":["post-1203","post","type-post","status-publish","format-standard","hentry","category-noticias"],"_links":{"self":[{"href":"https:\/\/hostnetart.com.br\/baixada\/wp-json\/wp\/v2\/posts\/1203","targetHints":{"allow":["GET"]}}],"collection":[{"href":"https:\/\/hostnetart.com.br\/baixada\/wp-json\/wp\/v2\/posts"}],"about":[{"href":"https:\/\/hostnetart.com.br\/baixada\/wp-json\/wp\/v2\/types\/post"}],"author":[{"embeddable":true,"href":"https:\/\/hostnetart.com.br\/baixada\/wp-json\/wp\/v2\/users\/1"}],"replies":[{"embeddable":true,"href":"https:\/\/hostnetart.com.br\/baixada\/wp-json\/wp\/v2\/comments?post=1203"}],"version-history":[{"count":0,"href":"https:\/\/hostnetart.com.br\/baixada\/wp-json\/wp\/v2\/posts\/1203\/revisions"}],"wp:attachment":[{"href":"https:\/\/hostnetart.com.br\/baixada\/wp-json\/wp\/v2\/media?parent=1203"}],"wp:term":[{"taxonomy":"category","embeddable":true,"href":"https:\/\/hostnetart.com.br\/baixada\/wp-json\/wp\/v2\/categories?post=1203"},{"taxonomy":"post_tag","embeddable":true,"href":"https:\/\/hostnetart.com.br\/baixada\/wp-json\/wp\/v2\/tags?post=1203"}],"curies":[{"name":"wp","href":"https:\/\/api.w.org\/{rel}","templated":true}]}}