{"id":12029,"date":"2022-01-18T23:00:28","date_gmt":"2022-01-19T02:00:28","guid":{"rendered":"https:\/\/hostnetart.com.br\/baixada\/empregados-da-caixa-relatam-situacao-preocupante-nas-agencias\/"},"modified":"2022-01-18T23:00:28","modified_gmt":"2022-01-19T02:00:28","slug":"empregados-da-caixa-relatam-situacao-preocupante-nas-agencias","status":"publish","type":"post","link":"https:\/\/hostnetart.com.br\/baixada\/empregados-da-caixa-relatam-situacao-preocupante-nas-agencias\/","title":{"rendered":"Empregados da Caixa relatam situa\u00e7\u00e3o preocupante nas ag\u00eancias"},"content":{"rendered":"<p>A escalada dos casos de Covid-19 e Influenza tem atingido os empregados da Caixa. H\u00e1 relatos de ag\u00eancias fechadas pelo pa\u00eds inteiro para desinfec\u00e7\u00e3o. Com os afastamentos por conta das doen\u00e7as, os empregados seguem atuando no limite para atender a popula\u00e7\u00e3o e n\u00e3o paralisar os servi\u00e7os. A situa\u00e7\u00e3o n\u00e3o sensibilizou a dire\u00e7\u00e3o da Caixa, que segue cobrando metas desumanas de seus empregados. Em alerta, a Confedera\u00e7\u00e3o Nacional dos Trabalhadores do Ramo Financeiro (Contraf-CUT), a Federa\u00e7\u00e3o Nacional das Associa\u00e7\u00f5es do Pessoal da Caixa Econ\u00f4mica Federal (Fenae) e a Comiss\u00e3o Executiva dos Empregados da Caixa (CEE\/ Caixa) cobram do banco p\u00fablico melhores condi\u00e7\u00f5es de trabalho e protocolos de preven\u00e7\u00e3o.<\/p>\n<p>O empregado J.L., que preferiu n\u00e3o se identificar, contou que sua ag\u00eancia passou por uma desinfec\u00e7\u00e3o recente, ap\u00f3s uma colega testar positivo. Segundo ele, outras 18 ag\u00eancias pr\u00f3ximas \u00e0 dele foram fechadas por conta do alto n\u00famero de empregados infectados pela Covid-19. \u201cAgora estamos atendendo s\u00f3 o essencial porque n\u00e3o tem empregado suficiente\u201d. Ainda segundo J.L., h\u00e1 press\u00e3o para que todos cumpram as metas. \u201cAs metas continuam a ser cobradas como se nada estivesse acontecendo. Isso prejudica muito o nosso trabalho\u201d, ressaltou.<\/p>\n<p>J. L. conta que o ambiente das ag\u00eancias piora a situa\u00e7\u00e3o, uma vez que n\u00e3o tem ventila\u00e7\u00e3o e h\u00e1 circula\u00e7\u00e3o de muitas pessoas. Para ele, a Caixa precisa refor\u00e7ar os protocolos de preven\u00e7\u00e3o e refazer os testes de Covid-19 para todos os empregados, como feito anteriormente. \u201cAl\u00e9m disso, precisamos de mais contrata\u00e7\u00f5es. Sem d\u00favidas\u201d, refor\u00e7ou.<\/p>\n<p>Relatos como do empregado acima se somam pelo Brasil. T.M., que tamb\u00e9m preferiu n\u00e3o se identificar, est\u00e1 h\u00e1 13 anos na Caixa e classifica o cen\u00e1rio como um dos piores do banco. Para ela, o atual protocolo do banco \u00e9 ineficaz. \u201cNas \u00faltimas duas semanas tivemos cinco casos de Covid-19 na minha ag\u00eancia. Houve a higieniza\u00e7\u00e3o, por\u00e9m n\u00e3o existe o protocolo correto. O protocolo n\u00e3o deixa claro o que o empregado tem de direito e como deve agir, ou seja, n\u00e3o temos respaldo\u201d, conta. A empregada ressalta ainda que muitos gestores descumprem, propositalmente, os protocolos para manterem as ag\u00eancias em funcionamento.<\/p>\n<p>T.M. conta ainda que a sa\u00fade mental dos empregados est\u00e1 muito abalada. \u201cTem uma ag\u00eancia pr\u00f3xima \u00e0 nossa que tem duas pessoas afastadas (atestado psiqui\u00e1trico) por press\u00e3o de n\u00e3o ter o protocolo de preven\u00e7\u00e3o cumprido. O medo \u00e9 muito grande\u201d, relatada a trabalhadora.<\/p>\n<p>O in\u00edcio dos pagamentos de benef\u00edcios \u2013 como FGTS, PIS\/Pasep e Aux\u00edlio Brasil \u2013 tem deixado os empregados em alerta. \u201cUm exemplo \u00e9 que n\u00e3o teve pagamento do PIS no segundo semestre de 2021, ent\u00e3o no 1\u00ba dia de janeiro a ag\u00eancia encheu de pessoas querendo informa\u00e7\u00f5es, no entanto o pagamento \u00e9 em fevereiro\u201d, destacou T.M.<\/p>\n<h3>Entidades em Alerta<\/h3>\n<p>Contraf-CUT, Fenae, Apcefs, CEE\/Caixa e sindicatos t\u00eam recebido muitas demandas sobre o que vem ocorrendo nas ag\u00eancias. \u201cEstamos muito preocupados com o que vem acontecendo com os empregados nas ag\u00eancias. A Caixa precisa melhorar o protocolo de preven\u00e7\u00e3o tanto para Covid-19 quanto para gripe, dar melhores condi\u00e7\u00f5es de trabalho para os empregados e diminuir as metas desumanas que vem adoecendo os trabalhadores\u201d, afirmou Sergio Takemoto, presidente da Fenae. Na avalia\u00e7\u00e3o do dirigente, defender a sa\u00fade dos empregados \u00e9 tamb\u00e9m defender o melhor atendimento \u00e0 popula\u00e7\u00e3o. \u201cA Caixa precisa respeitar seus empregados. Eles t\u00eam sido fundamentais nessa pandemia, mesmo com riscos di\u00e1rios de contamina\u00e7\u00e3o\u201d.<\/p>\n<p>A CEE\/Caixa, j\u00e1 enviou of\u00edcios \u00e0 dire\u00e7\u00e3o da Caixa, solicitando o cumprimento dos protocolos e uma mesa de negocia\u00e7\u00e3o para o aperfei\u00e7oamento desses regulamentos. \u201cNossa luta por protocolos mais eficientes \u00e9 para que a gente proteja os empregados para que eles consigam atender \u00e0 popula\u00e7\u00e3o\u201d, refor\u00e7ou a coordenadora da CEE, Fabiana Uehara Proscholdt, que tamb\u00e9m \u00e9 secret\u00e1ria da Cultura da Contraf-CUT.<\/p>\n<p>Na avalia\u00e7\u00e3o de Fabiana, para al\u00e9m dos protocolos, a Caixa tamb\u00e9m precisa contratar mais trabalhadores. \u201cNesta luta tamb\u00e9m est\u00e1 a quest\u00e3o de mais contrata\u00e7\u00f5es. Porque os empregados da Caixa j\u00e1 est\u00e3o h\u00e1 muito tempo sobrecarregados. Ent\u00e3o, eles n\u00e3o est\u00e3o sendo afastados apenas por conta da pandemia ou Influenza. Mas temos v\u00e1rios colegas afastados devido \u00e0 sobrecarga e adoecimento mental\u201d, destacou a coordenadora.<\/p>\n<p>H\u00e1 um concurso vigente (2014), mas a Caixa tem demorado realizar contratos. Das tr\u00eas mil contrata\u00e7\u00f5es prometidas para setembro do ano passado, pouco mais de 1.700 foram efetivadas. O quadro se agrava devido ao n\u00famero de desligamentos no per\u00edodo, que ultrapassa de 200, fazendo com que as contrata\u00e7\u00f5es l\u00edquidas tenham sido somente a metade do prometido pelo presidente do banco, Pedro Guimar\u00e3es.<\/p>\n<p>As entidades destacam ainda a import\u00e2ncia de os empregados conhecerem os protocolos para cobrarem os seus direitos. \u201cNos locais onde n\u00e3o est\u00e3o sendo cumpridos os protocolos, os empregados precisam acionar as entidades para que a gente possa atuar tempestivamente\u201d, afirmou Fabiana.<\/p>\n<p>Em S\u00e3o Paulo, uma das maiores regi\u00f5es com empregados Caixa, os casos est\u00e3o aumentando e preocupando as entidades. \u201cSomente nos \u00faltimos dias da \u00faltima semana tivemos o acionamento de protocolo em mais de 50 unidades do munic\u00edpio de S\u00e3o Paulo e arredores, o que comprova a necessidade de que o protocolo seja atualizado. A Caixa n\u00e3o pode, por exemplo, desconsiderar que o sistema de sa\u00fade, mesmo em teleconsulta, est\u00e1 sobrecarregado, e n\u00e3o pode manter a cobran\u00e7a de metas como se as ag\u00eancias n\u00e3o estivessem extremamente desfalcadas\u201d, afirmou o presidente da Apcef\/SP, Leonardo Quadros.<\/p>\n<h3>Dados<\/h3>\n<p>Ainda \u00e9 dif\u00edcil identificar a quantidade de empregados atingidos pela Covid-19 e Influenza, ou mesmo o n\u00famero de ag\u00eancias fechadas para a sanitiza\u00e7\u00e3o. Sem a divulga\u00e7\u00e3o oficial da Caixa, fica a cargo dos sindicatos buscarem as informa\u00e7\u00f5es.<\/p>\n<p>O Sindicato dos Banc\u00e1rios e Financi\u00e1rios de S\u00e3o Paulo, Osasco e Regi\u00e3o divulgou o resultado de um levantamento, feito pela pr\u00f3pria entidade, apontando que 91% dos banc\u00e1rios \u2013 ouvidos de diversos bancos \u2013 relataram casos de Covid-19 ou Influenza nos \u00faltimos 30 dias.<\/p>\n<h3>Filas no Sa\u00fade Caixa<\/h3>\n<p>Com o aumento de empregados com sintomas relacionados \u00e0 Covid-19 ou Influenza, os trabalhadores t\u00eam encontrado dificuldades no atendimento do Sa\u00fade Caixa. O plano de sa\u00fade tem apresentado extensas filas para o atendimento. Segundo Fabiana Uehara, a telemedicina do Sa\u00fade Caixa est\u00e1 com fila de espera de mais de 14 horas.<\/p>\n<p>Os usu\u00e1rios do plano de sa\u00fade t\u00eam relatado dificuldades no teleatendimento. A empregada Caixa T.M. contou que tentou por duas vezes o teleatendimento e n\u00e3o conseguiu. \u201cA fila estava muito grande. Eles dizem que v\u00e3o dar retorno, mas n\u00e3o acontece\u201d, relembra. Ela optou por fazer o atendimento presencial, mesmo correndo riscos.<\/p>\n<p>Em defesa do Sa\u00fade Caixa, a Fenae lan\u00e7ou um abaixo-assinado em apoio ao plano de sa\u00fade dos empregados. Com mais de 25 mil assinaturas de apoio, conquistadas em um curto espa\u00e7o de tempo, a peti\u00e7\u00e3o foi entregue \u00e0 dire\u00e7\u00e3o da Caixa e mostrou o quanto os benefici\u00e1rios do plano est\u00e3o atentos a qualquer movimento no sentido de enfraquecer o Sa\u00fade Caixa. \u201cOs empregados exigem da dire\u00e7\u00e3o que a gente continue tendo um plano de sa\u00fade com qualidade. N\u00e3o podemos permitir que a Caixa siga precarizando o atendimento do nosso plano e destruindo uma conquista dos trabalhadores\u201d, ressaltou Takemoto.<\/p>\n<p><strong>Fonte: Contraf-CUT<\/strong><\/p>\n","protected":false},"excerpt":{"rendered":"<p>A escalada dos casos de Covid-19 e Influenza tem atingido os empregados da Caixa. H\u00e1 relatos de ag\u00eancias fechadas pelo pa\u00eds inteiro para desinfec\u00e7\u00e3o. Com os afastamentos por conta das doen\u00e7as, os empregados seguem atuando no limite para atender a popula\u00e7\u00e3o e n\u00e3o paralisar os servi\u00e7os. A situa\u00e7\u00e3o n\u00e3o sensibilizou a dire\u00e7\u00e3o da Caixa, que [&hellip;]<\/p>\n","protected":false},"author":2,"featured_media":12028,"comment_status":"","ping_status":"","sticky":false,"template":"","format":"standard","meta":{"footnotes":""},"categories":[3],"tags":[],"class_list":["post-12029","post","type-post","status-publish","format-standard","has-post-thumbnail","hentry","category-noticias"],"_links":{"self":[{"href":"https:\/\/hostnetart.com.br\/baixada\/wp-json\/wp\/v2\/posts\/12029","targetHints":{"allow":["GET"]}}],"collection":[{"href":"https:\/\/hostnetart.com.br\/baixada\/wp-json\/wp\/v2\/posts"}],"about":[{"href":"https:\/\/hostnetart.com.br\/baixada\/wp-json\/wp\/v2\/types\/post"}],"author":[{"embeddable":true,"href":"https:\/\/hostnetart.com.br\/baixada\/wp-json\/wp\/v2\/users\/2"}],"replies":[{"embeddable":true,"href":"https:\/\/hostnetart.com.br\/baixada\/wp-json\/wp\/v2\/comments?post=12029"}],"version-history":[{"count":0,"href":"https:\/\/hostnetart.com.br\/baixada\/wp-json\/wp\/v2\/posts\/12029\/revisions"}],"wp:featuredmedia":[{"embeddable":true,"href":"https:\/\/hostnetart.com.br\/baixada\/wp-json\/wp\/v2\/media\/12028"}],"wp:attachment":[{"href":"https:\/\/hostnetart.com.br\/baixada\/wp-json\/wp\/v2\/media?parent=12029"}],"wp:term":[{"taxonomy":"category","embeddable":true,"href":"https:\/\/hostnetart.com.br\/baixada\/wp-json\/wp\/v2\/categories?post=12029"},{"taxonomy":"post_tag","embeddable":true,"href":"https:\/\/hostnetart.com.br\/baixada\/wp-json\/wp\/v2\/tags?post=12029"}],"curies":[{"name":"wp","href":"https:\/\/api.w.org\/{rel}","templated":true}]}}