{"id":12025,"date":"2022-01-18T22:44:40","date_gmt":"2022-01-19T01:44:40","guid":{"rendered":"https:\/\/hostnetart.com.br\/baixada\/bancarios-querem-que-bancos-aumentem-seguranca-sanitaria\/"},"modified":"2022-01-18T22:44:40","modified_gmt":"2022-01-19T01:44:40","slug":"bancarios-querem-que-bancos-aumentem-seguranca-sanitaria","status":"publish","type":"post","link":"https:\/\/hostnetart.com.br\/baixada\/bancarios-querem-que-bancos-aumentem-seguranca-sanitaria\/","title":{"rendered":"Banc\u00e1rios querem que bancos aumentem seguran\u00e7a sanit\u00e1ria"},"content":{"rendered":"<p>O Comando Nacional dos Banc\u00e1rios cobrou que os bancos mantenham os protocolos de seguran\u00e7a sanit\u00e1ria para garantir a sa\u00fade e a vida da categoria, assim como reduzir a propaga\u00e7\u00e3o e o cont\u00e1gio da popula\u00e7\u00e3o pelo v\u00edrus da Covid-19 e suas variantes. A representa\u00e7\u00e3o dos trabalhadores tamb\u00e9m solicitou a suspens\u00e3o de visitas a clientes neste momento de alta de casos de infec\u00e7\u00e3o; a retomada do teletrabalho em home office; melhorias do atendimento em telemedicina; o compromisso com a n\u00e3o-demiss\u00e3o; e a volta do controle de acesso \u00e0s ag\u00eancias banc\u00e1rias, entre outras reivindica\u00e7\u00f5es.<\/p>\n<p>\u201cJ\u00e1 hav\u00edamos falado com os bancos anteriormente sobre a necessidade da manuten\u00e7\u00e3o da seguran\u00e7a quando fosse retomada as atividades. Mas, neste momento em que a Covid-19 est\u00e1 se espalhando, tanto nas capitais quanto no interior dos estados, de uma forma muito r\u00e1pida (e, juntamente com ela, a gripe \u2013H3N2), os bancos retomaram as atividades e flexibilizaram os protocolos sem considerar este cen\u00e1rio, o que prejudica a seguran\u00e7a da categoria, dos clientes e de toda a popula\u00e7\u00e3o\u201d, observou a presidenta da Confedera\u00e7\u00e3o Nacional dos Trabalhadores do Ramo Financeiro (Contraf-CUT), Juvandia Moreira, que tamb\u00e9m \u00e9 uma das coordenadoras do Comando Nacional dos Banc\u00e1rios. \u201cOs banc\u00e1rios com sintomas de gripe, ou de Covid-19 precisam ser afastados e a ag\u00eancia tem que ser sanitizada, essa \u00e9 a regra! Al\u00e9m disso, tem que fazer testes em quem est\u00e1 com sintoma e nos seus colegas de trabalho\u201d, completou.<\/p>\n<p>\u201cManter os protocolos \u00e9 importante n\u00e3o apenas para garantir a sa\u00fade dos banc\u00e1rios, mas tamb\u00e9m para evitar o cont\u00e1gio da popula\u00e7\u00e3o e o surgimento de novas variantes\u201d, acrescentou o secret\u00e1rio de Sa\u00fade da Contraf-CUT, Mauro Salles.<\/p>\n<h3><strong>EPIs e protocolos<\/strong><\/h3>\n<p>A presidenta do Sindicato dos Banc\u00e1rios de S\u00e3o Paulo, Osasco e Regi\u00e3o, Ivone Silva, que tamb\u00e9m \u00e9 coordenadora do Comando Nacional dos Banc\u00e1rios, lembrou que estamos vivendo, novamente, uma situa\u00e7\u00e3o emergencial. \u201cE, neste momento, precisamos ter a agilidade, a preocupa\u00e7\u00e3o e aten\u00e7\u00e3o que tivemos no in\u00edcio da pandemia. N\u00f3s e os bancos precisamos nos manter firmes para que a categoria n\u00e3o seja contaminada e nem para que as ag\u00eancias sejam focos de propaga\u00e7\u00e3o da doen\u00e7a. Alertamos para que os protocolos sejam mantidos e os bancos garantam a distribui\u00e7\u00e3o de EPIs e demais materiais de seguran\u00e7a e sanitiza\u00e7\u00e3o\u201d, disse.<\/p>\n<h3><strong>Protocolos<\/strong><\/h3>\n<ul>\n<li>Sanitiza\u00e7\u00e3o das ag\u00eancias e unidades administrativas com casos confirmados;<\/li>\n<li>Afastamentos de banc\u00e1rios com casos confirmados e suspeitos at\u00e9 a sa\u00edda do resultado do teste;<\/li>\n<li>Testagem dos banc\u00e1rios;<\/li>\n<li>Exig\u00eancia do passaporte da vacina dos clientes;<\/li>\n<li>Distribui\u00e7\u00e3o de m\u00e1scaras adequadas (PFF2\/N95) para os funcion\u00e1rios;<\/li>\n<li>Protocolo unificado;<\/li>\n<li>Retomada do teletrabalho em home office;<\/li>\n<li>Controle de acesso de clientes;<\/li>\n<li>Redu\u00e7\u00e3o do hor\u00e1rio de atendimento para diminuir tempo de exposi\u00e7\u00e3o;<\/li>\n<li>Garantia de \u00e1lcool-gel nas ag\u00eancias e departamentos;<\/li>\n<li>Manuten\u00e7\u00e3o de marca\u00e7\u00e3o do distanciamento;<\/li>\n<li>Suspens\u00e3o de visitas a clientes, pelo menos neste momento de alta de casos de infec\u00e7\u00e3o;<\/li>\n<li>Melhorar o atendimento da telemedicina;<\/li>\n<li>Compromisso com a n\u00e3o-demiss\u00e3o;<\/li>\n<li>Antecipa\u00e7\u00e3o da vacina\u00e7\u00e3o contra a gripe.<\/li>\n<\/ul>\n<h3><strong>Pr\u00f3ximas reuni\u00f5es<\/strong><\/h3>\n<p>A Federa\u00e7\u00e3o Nacional dos Bancos (Fenaban) vai reunir os bancos para analisar as demandas apresentadas pelo Comando Nacional dos Banc\u00e1rios e dar\u00e1 a resposta para representa\u00e7\u00e3o dos trabalhadores. Uma nova reuni\u00e3o para tratar do assunto est\u00e1 prevista para ocorrer na semana que vem.<\/p>\n<p>Al\u00e9m disso, da parte dos trabalhadores, cada comiss\u00e3o espec\u00edfica de trabalhadores deve se reunir e buscar negocia\u00e7\u00e3o com os respectivos bancos.<\/p>\n<p><strong>Fonte: Contraf-CUT<\/strong><\/p>\n","protected":false},"excerpt":{"rendered":"<p>O Comando Nacional dos Banc\u00e1rios cobrou que os bancos mantenham os protocolos de seguran\u00e7a sanit\u00e1ria para garantir a sa\u00fade e a vida da categoria, assim como reduzir a propaga\u00e7\u00e3o e o cont\u00e1gio da popula\u00e7\u00e3o pelo v\u00edrus da Covid-19 e suas variantes. A representa\u00e7\u00e3o dos trabalhadores tamb\u00e9m solicitou a suspens\u00e3o de visitas a clientes neste momento [&hellip;]<\/p>\n","protected":false},"author":2,"featured_media":12024,"comment_status":"","ping_status":"","sticky":false,"template":"","format":"standard","meta":{"footnotes":""},"categories":[3],"tags":[],"class_list":["post-12025","post","type-post","status-publish","format-standard","has-post-thumbnail","hentry","category-noticias"],"_links":{"self":[{"href":"https:\/\/hostnetart.com.br\/baixada\/wp-json\/wp\/v2\/posts\/12025","targetHints":{"allow":["GET"]}}],"collection":[{"href":"https:\/\/hostnetart.com.br\/baixada\/wp-json\/wp\/v2\/posts"}],"about":[{"href":"https:\/\/hostnetart.com.br\/baixada\/wp-json\/wp\/v2\/types\/post"}],"author":[{"embeddable":true,"href":"https:\/\/hostnetart.com.br\/baixada\/wp-json\/wp\/v2\/users\/2"}],"replies":[{"embeddable":true,"href":"https:\/\/hostnetart.com.br\/baixada\/wp-json\/wp\/v2\/comments?post=12025"}],"version-history":[{"count":0,"href":"https:\/\/hostnetart.com.br\/baixada\/wp-json\/wp\/v2\/posts\/12025\/revisions"}],"wp:featuredmedia":[{"embeddable":true,"href":"https:\/\/hostnetart.com.br\/baixada\/wp-json\/wp\/v2\/media\/12024"}],"wp:attachment":[{"href":"https:\/\/hostnetart.com.br\/baixada\/wp-json\/wp\/v2\/media?parent=12025"}],"wp:term":[{"taxonomy":"category","embeddable":true,"href":"https:\/\/hostnetart.com.br\/baixada\/wp-json\/wp\/v2\/categories?post=12025"},{"taxonomy":"post_tag","embeddable":true,"href":"https:\/\/hostnetart.com.br\/baixada\/wp-json\/wp\/v2\/tags?post=12025"}],"curies":[{"name":"wp","href":"https:\/\/api.w.org\/{rel}","templated":true}]}}