{"id":12023,"date":"2022-01-18T22:41:32","date_gmt":"2022-01-19T01:41:32","guid":{"rendered":"https:\/\/hostnetart.com.br\/baixada\/movimento-sindical-reivindica-retomada-do-home-office-no-santander\/"},"modified":"2022-01-18T22:41:32","modified_gmt":"2022-01-19T01:41:32","slug":"movimento-sindical-reivindica-retomada-do-home-office-no-santander","status":"publish","type":"post","link":"https:\/\/hostnetart.com.br\/baixada\/movimento-sindical-reivindica-retomada-do-home-office-no-santander\/","title":{"rendered":"Movimento sindical reivindica retomada do home office no Santander"},"content":{"rendered":"<p>Em\u00a0<a href=\"https:\/\/spbancarios.com.br\/sites\/default\/files\/anexos\/Covid%20e%20Influenza_JAN22.pdf\" target=\"_blank\" rel=\"noopener noreferrer\">of\u00edcio enviado<\/a>\u00a0ao departamento de Rela\u00e7\u00f5es Sindicais do banco Santander, Confedera\u00e7\u00e3o Nacional dos Trabalhadores do Ramo Financeiro (Contraf-CUT), por meio da Comiss\u00e3o de Organiza\u00e7\u00e3o dos Empregados (COE) do Santander, reivindicou que banco retome a ado\u00e7\u00e3o do regime de home office para grande parte dos funcion\u00e1rios e tamb\u00e9m do rod\u00edzio de equipes nos departamentos do banco.<\/p>\n<p>A demanda foi motivada pelo aumento de casos de Covid-19 e de Influenza (H3N2), o movimento sindical banc\u00e1rio.<\/p>\n<p>\u201cO crescimento das contamina\u00e7\u00f5es por Covid-19 e Influenza entre a popula\u00e7\u00e3o j\u00e1 \u00e9 percebido no Santander, onde houve aumento do n\u00famero de funcion\u00e1rios infectados. Esperamos que o banco aja com a celeridade e a responsabilidade que a situa\u00e7\u00e3o exige, priorizando a sa\u00fade e a vida de seus trabalhadores. Os especialistas est\u00e3o prevendo uma piora do cen\u00e1rio nas pr\u00f3ximas semanas, mas o banco n\u00e3o pode aguardar por isso para tomar as medidas que j\u00e1 se mostraram eficazes ao longo desses mais de dois anos de pandemia. O momento exige a\u00e7\u00e3o mais do que mensagens institucionais\u201d, cobrou a coordenadora da Comiss\u00e3o de Organiza\u00e7\u00e3o dos Empregados (COE) do Santander, Lucimara Malaquias.<\/p>\n<h3>Outras reivindica\u00e7\u00f5es<\/h3>\n<p>Na carta direcionada ao banco, as entidades de representa\u00e7\u00e3o dos trabalhadores tamb\u00e9m reivindicam melhorias para o atendimento dos trabalhadores nos conv\u00eanios m\u00e9dicos, com a melhora do fluxo de atendimento da telemedicina e a retomada do atendimento de telemedicina do Albert Einstein, que foi suspenso em setembro passado. Reivindicam tamb\u00e9m que as ag\u00eancias e pr\u00e9dios administrativos sejam higienizados com mais frequ\u00eancia, inclusive seus sistemas de ventila\u00e7\u00e3o e ar condicionado.<\/p>\n<p><strong>Fonte: Contraf-CUT<\/strong><\/p>\n","protected":false},"excerpt":{"rendered":"<p>Em\u00a0of\u00edcio enviado\u00a0ao departamento de Rela\u00e7\u00f5es Sindicais do banco Santander, Confedera\u00e7\u00e3o Nacional dos Trabalhadores do Ramo Financeiro (Contraf-CUT), por meio da Comiss\u00e3o de Organiza\u00e7\u00e3o dos Empregados (COE) do Santander, reivindicou que banco retome a ado\u00e7\u00e3o do regime de home office para grande parte dos funcion\u00e1rios e tamb\u00e9m do rod\u00edzio de equipes nos departamentos do banco. A [&hellip;]<\/p>\n","protected":false},"author":2,"featured_media":12022,"comment_status":"","ping_status":"","sticky":false,"template":"","format":"standard","meta":{"footnotes":""},"categories":[3],"tags":[],"class_list":["post-12023","post","type-post","status-publish","format-standard","has-post-thumbnail","hentry","category-noticias"],"_links":{"self":[{"href":"https:\/\/hostnetart.com.br\/baixada\/wp-json\/wp\/v2\/posts\/12023","targetHints":{"allow":["GET"]}}],"collection":[{"href":"https:\/\/hostnetart.com.br\/baixada\/wp-json\/wp\/v2\/posts"}],"about":[{"href":"https:\/\/hostnetart.com.br\/baixada\/wp-json\/wp\/v2\/types\/post"}],"author":[{"embeddable":true,"href":"https:\/\/hostnetart.com.br\/baixada\/wp-json\/wp\/v2\/users\/2"}],"replies":[{"embeddable":true,"href":"https:\/\/hostnetart.com.br\/baixada\/wp-json\/wp\/v2\/comments?post=12023"}],"version-history":[{"count":0,"href":"https:\/\/hostnetart.com.br\/baixada\/wp-json\/wp\/v2\/posts\/12023\/revisions"}],"wp:featuredmedia":[{"embeddable":true,"href":"https:\/\/hostnetart.com.br\/baixada\/wp-json\/wp\/v2\/media\/12022"}],"wp:attachment":[{"href":"https:\/\/hostnetart.com.br\/baixada\/wp-json\/wp\/v2\/media?parent=12023"}],"wp:term":[{"taxonomy":"category","embeddable":true,"href":"https:\/\/hostnetart.com.br\/baixada\/wp-json\/wp\/v2\/categories?post=12023"},{"taxonomy":"post_tag","embeddable":true,"href":"https:\/\/hostnetart.com.br\/baixada\/wp-json\/wp\/v2\/tags?post=12023"}],"curies":[{"name":"wp","href":"https:\/\/api.w.org\/{rel}","templated":true}]}}