{"id":12017,"date":"2022-01-17T04:00:24","date_gmt":"2022-01-17T07:00:24","guid":{"rendered":"https:\/\/hostnetart.com.br\/baixada\/situacao-de-bancarios-com-covid-se-agrava-em-todo-brasil-sindicatos-e-bancos-se-reunem-na-terca\/"},"modified":"2022-01-17T04:00:24","modified_gmt":"2022-01-17T07:00:24","slug":"situacao-de-bancarios-com-covid-se-agrava-em-todo-brasil-sindicatos-e-bancos-se-reunem-na-terca","status":"publish","type":"post","link":"https:\/\/hostnetart.com.br\/baixada\/situacao-de-bancarios-com-covid-se-agrava-em-todo-brasil-sindicatos-e-bancos-se-reunem-na-terca\/","title":{"rendered":"Situa\u00e7\u00e3o de banc\u00e1rios com covid se agrava em todo Brasil. Sindicatos e bancos se re\u00fanem na ter\u00e7a"},"content":{"rendered":"<div class=\"the-content\">\n<p>A situa\u00e7\u00e3o nas ag\u00eancias banc\u00e1rias e departamentos em S\u00e3o Paulo, Osasco e regi\u00e3o se agravou na \u00faltima semana, ap\u00f3s serem registrados 500 casos confirmados de banc\u00e1rios com covid-19. Pelo menos 150 ag\u00eancias foram fechadas no per\u00edodo. O mesmo est\u00e1 ocorrendo em outras cidades do Brasil. Com isso, o Comando Nacional da categoria solicitou a antecipa\u00e7\u00e3o da mesa de negocia\u00e7\u00e3o com a federa\u00e7\u00e3o dos bancos (Fenaban) para tratar do tema. A reuni\u00e3o, prevista para a quinta (20), ser\u00e1 realizada agora na ter\u00e7a-feira (18), \u00e0s 14h.<\/p>\n<p class=\"has-background\">O objetivo dos representantes dos trabalhadores \u00e9 discutir a ado\u00e7\u00e3o de medidas preventivas para proteger a categoria. Um dos pontos a ser tratado no encontro, realizado de forma virtual, ser\u00e1 a retomada e at\u00e9 mesmo a amplia\u00e7\u00e3o do\u00a0<em>home office<\/em>. Desde o \u00faltimo trimestre do ano passado, a medida deixou de ser adotada por alguns bancos.<\/p>\n<p>\u201cQueremos chamar a aten\u00e7\u00e3o da Fenaban e dos bancos para a gravidade do momento. O cont\u00e1gio est\u00e1 muito mais elevado. Se n\u00e3o forem tomadas medidas, podemos voltar a perder muitas vidas\u201d, alerta o vice-presidente da Confedera\u00e7\u00e3o Nacional dos Trabalhadores do Ramo Financeiro (<a href=\"https:\/\/contrafcut.com.br\/noticias\/comando-nacional-dos-bancarios-vai-cobrar-da-feanaban-volta-do-home-office\/\" target=\"_blank\" rel=\"noopener noreferrer\">Contraf-CUT<\/a>), Vinicius Assump\u00e7\u00e3o.<\/p>\n<h2><span style=\"text-decoration: underline;\">Responsabilidades<\/span><\/h2>\n<p>O dirigente lembra que, no in\u00edcio da pandemia, Comando e Fenaban firmaram um acordo com medidas protetivas importantes. \u201cFlexibilizar as medidas protetivas neste momento \u00e9 uma tremenda irresponsabilidade. Os bancos que n\u00e3o levarem em conta a gravidade do momento podem ser respons\u00e1veis pelo aumento da doen\u00e7a e do n\u00famero de mortes na categoria\u201d, critica. \u201cEstamos passando pelo pior momento da pandemia. N\u00e3o tem sentido argumentar que os banc\u00e1rios n\u00e3o devem voltar ao\u00a0<em>home office<\/em>. Vamos cobrar fortemente isso, mas tamb\u00e9m outras medidas que foram flexibilizadas, como rod\u00edzio e controle de atendimento nas ag\u00eancias\u201d, conclui.<\/p>\n<p>A Fenaban afirma que todos os protocolos continuam sendo respeitados.<\/p>\n<h2><span style=\"text-decoration: underline;\">Desrespeito aos protocolos<\/span><\/h2>\n<p>O sindicato de S\u00e3o Paulo vem recebendo den\u00fancias e visitando locais de trabalho para garantir que os protocolos de seguran\u00e7a sejam respeitados. Dentre eles, a sanitiza\u00e7\u00e3o da ag\u00eancia, o afastamento de banc\u00e1rios com suspeita de contamina\u00e7\u00e3o e a testagem dos funcion\u00e1rios pr\u00f3ximos.<\/p>\n<p>No entanto, nesta quinta-feira (13), duas ag\u00eancias do Banco do Brasil (BB) foram alvo de protesto na regi\u00e3o da Avenida Paulista. O sindicato denuncia demora na avalia\u00e7\u00e3o dos casos suspeitos e desrespeito aos protocolos de seguran\u00e7a no combate \u00e0 doen\u00e7a. O banco \u00e9 acusado de ter alterado de forma unilateral os protocolos previstos no manual para o trabalho presencial. A interven\u00e7\u00e3o teria provocado aumento dos casos da doen\u00e7a.<\/p>\n<p>\u201cO descumprimento aos protocolos diz respeito ao mau uso de m\u00e1scaras nas unidades do Banco do Brasil e tamb\u00e9m \u00e0 falta de dispensa adequada dos funcion\u00e1rios e de sanitiza\u00e7\u00e3o dos locais\u201d, afirma Neiva Ribeiro, secret\u00e1ria-geral do sindicato. \u201cEstamos atuando para que todos os bancos respeitem os protocolos e n\u00e3o agravem ainda mais a situa\u00e7\u00e3o, prejudicando trabalhadores e clientes\u201d, destaca a dirigente.\u00a0<\/p>\n<p>A entidade informa que nas \u00faltimas duas semanas recebeu den\u00fancias de descumprimento dos protocolos que resultaram em mais de 250 funcion\u00e1rios do BB contaminados pelo coronav\u00edrus na cidade de S\u00e3o Paulo. Aproximadamente um ter\u00e7o desse n\u00famero (80) atua nas depend\u00eancias de uma \u00fanica unidade: o Centro Empresarial S\u00e3o Paulo (Cenesp).<\/p>\n<p>O movimento sindical banc\u00e1rios j\u00e1 acionou o Minist\u00e9rio P\u00fablico do Trabalho (MPT) contra a decis\u00e3o do BB de alterar o manual de seguran\u00e7a sobre a covid-19.<\/p>\n<\/div>\n<div class=\"column large-12 small-12 no-padding\">\n<div class=\"post-content--tags\">\n<div class=\"post-content--section-title fz-14 mr-15\"><strong>Fonte: Rede Brasil Atual<\/strong><\/div>\n<\/div>\n<\/div>\n","protected":false},"excerpt":{"rendered":"<p>A situa\u00e7\u00e3o nas ag\u00eancias banc\u00e1rias e departamentos em S\u00e3o Paulo, Osasco e regi\u00e3o se agravou na \u00faltima semana, ap\u00f3s serem registrados 500 casos confirmados de banc\u00e1rios com covid-19. Pelo menos 150 ag\u00eancias foram fechadas no per\u00edodo. O mesmo est\u00e1 ocorrendo em outras cidades do Brasil. Com isso, o Comando Nacional da categoria solicitou a antecipa\u00e7\u00e3o [&hellip;]<\/p>\n","protected":false},"author":2,"featured_media":12016,"comment_status":"","ping_status":"","sticky":false,"template":"","format":"standard","meta":{"footnotes":""},"categories":[3],"tags":[],"class_list":["post-12017","post","type-post","status-publish","format-standard","has-post-thumbnail","hentry","category-noticias"],"_links":{"self":[{"href":"https:\/\/hostnetart.com.br\/baixada\/wp-json\/wp\/v2\/posts\/12017","targetHints":{"allow":["GET"]}}],"collection":[{"href":"https:\/\/hostnetart.com.br\/baixada\/wp-json\/wp\/v2\/posts"}],"about":[{"href":"https:\/\/hostnetart.com.br\/baixada\/wp-json\/wp\/v2\/types\/post"}],"author":[{"embeddable":true,"href":"https:\/\/hostnetart.com.br\/baixada\/wp-json\/wp\/v2\/users\/2"}],"replies":[{"embeddable":true,"href":"https:\/\/hostnetart.com.br\/baixada\/wp-json\/wp\/v2\/comments?post=12017"}],"version-history":[{"count":0,"href":"https:\/\/hostnetart.com.br\/baixada\/wp-json\/wp\/v2\/posts\/12017\/revisions"}],"wp:featuredmedia":[{"embeddable":true,"href":"https:\/\/hostnetart.com.br\/baixada\/wp-json\/wp\/v2\/media\/12016"}],"wp:attachment":[{"href":"https:\/\/hostnetart.com.br\/baixada\/wp-json\/wp\/v2\/media?parent=12017"}],"wp:term":[{"taxonomy":"category","embeddable":true,"href":"https:\/\/hostnetart.com.br\/baixada\/wp-json\/wp\/v2\/categories?post=12017"},{"taxonomy":"post_tag","embeddable":true,"href":"https:\/\/hostnetart.com.br\/baixada\/wp-json\/wp\/v2\/tags?post=12017"}],"curies":[{"name":"wp","href":"https:\/\/api.w.org\/{rel}","templated":true}]}}