{"id":12015,"date":"2022-01-17T03:52:26","date_gmt":"2022-01-17T06:52:26","guid":{"rendered":"https:\/\/hostnetart.com.br\/baixada\/brasil-precisa-criar-sistema-de-relacoes-do-trabalho-que-preserve-direitos-e-valorize-negociacao\/"},"modified":"2022-01-17T03:52:26","modified_gmt":"2022-01-17T06:52:26","slug":"brasil-precisa-criar-sistema-de-relacoes-do-trabalho-que-preserve-direitos-e-valorize-negociacao","status":"publish","type":"post","link":"https:\/\/hostnetart.com.br\/baixada\/brasil-precisa-criar-sistema-de-relacoes-do-trabalho-que-preserve-direitos-e-valorize-negociacao\/","title":{"rendered":"Brasil precisa criar sistema de rela\u00e7\u00f5es do trabalho que preserve direitos e valorize negocia\u00e7\u00e3o"},"content":{"rendered":"<p>Em agosto de 2003, no in\u00edcio do primeiro mandato de Luiz In\u00e1cio Lula da Silva, o governo instalou o F\u00f3rum Nacional do Trabalho (FNT), encarregado de apresentar um novo sistema de rela\u00e7\u00f5es trabalhistas, mexendo tanto na legisla\u00e7\u00e3o como na organiza\u00e7\u00e3o sindical. Durante quase um ano e meio, representantes do governo, trabalhadores e empres\u00e1rios se reuniram para discutir e tentar harmonizar pontos de vista \u00e0s vezes bastante divergentes. Desse esfor\u00e7o surgiram uma proposta de emenda \u00e0 Constitui\u00e7\u00e3o e um anteprojeto de lei, que n\u00e3o foram adiante. Uma tentativa de \u201cconcerta\u00e7\u00e3o\u201d que fracassou, por v\u00e1rios fatores. Quase 20 anos depois, o tema volta ao debate, com uma \u201creforma\u201d aprovada sem negocia\u00e7\u00e3o e mudan\u00e7as profundas no mercado de trabalho.<\/p>\n<p>Para o ent\u00e3o coordenador do FNT, Osvaldo Bargas, para apresentar mudan\u00e7as efetivas os atores precisam levar esses fatores em considera\u00e7\u00e3o. \u201cTem que fazer um diagn\u00f3stico. O Brasil precisa construir um sistema de rela\u00e7\u00f5es do trabalho e n\u00e3o fazer reformas pontuais\u201d, afirma. O sistema atual est\u00e1 \u201cfalido\u201d, segundo ele. \u00c9 preciso pensar tanto no modelo de prote\u00e7\u00e3o social como na organiza\u00e7\u00e3o sindical.\u00a0<\/p>\n<h3>Resist\u00eancia dos dois lados<\/h3>\n<p>Secret\u00e1rio nacional de Rela\u00e7\u00f5es do Trabalho no governo Lula e coordenador do FNT, Bargas testemunhou resist\u00eancias a mudan\u00e7as tanto de representantes dos empres\u00e1rios como dos trabalhadores. Ele diz defender um modelo que tenha por base a negocia\u00e7\u00e3o coletiva. Para isso, \u00e9 preciso manter certo patamar de direitos e criar condi\u00e7\u00f5es para que as representa\u00e7\u00f5es sindicais tenham representa\u00e7\u00e3o efetiva.<\/p>\n<p>O FNT era organizado em nove grupos tem\u00e1ticos: organiza\u00e7\u00e3o sindical, negocia\u00e7\u00e3o coletiva, sistema de composi\u00e7\u00e3o de conflitos, legisla\u00e7\u00e3o do trabalho, normas administrativas sobre condi\u00e7\u00f5es de trabalho, organiza\u00e7\u00e3o administrativa e judici\u00e1ria, qualifica\u00e7\u00e3o e certifica\u00e7\u00e3o profissional, micro e pequenas empresas e autogest\u00e3o e informalidade. Todas as propostas eram encaminhadas a uma comiss\u00e3o de sistematiza\u00e7\u00e3o e, por fim, submetidas a uma plen\u00e1ria. Pelos trabalhadores, participaram representantes de seis centrais sindicais e pelos empres\u00e1rios, negociadores de cinco confedera\u00e7\u00f5es.<\/p>\n<div class=\"wp-block-columns are-vertically-aligned-center has-background\">\n<div class=\"wp-block-column is-vertically-aligned-center\">\n<h3 class=\"has-luminous-vivid-orange-color has-text-color\"><em>\u201cDistribui\u00e7\u00e3o de renda se faz com sindicalismo, com sal\u00e1rio. Direitos como 13\u00ba, jornada, foi luta sindical. N\u00e3o \u00e9 o parlamento quem conquista, s\u00e3o os sindicatos. O parlamento ratifica\u201d<\/em><\/h3>\n<\/div>\n<div class=\"wp-block-column is-vertically-aligned-center\">\n<figure class=\"wp-block-image size-full\"><img fetchpriority=\"high\" decoding=\"async\" class=\"wp-image-539166 lazyloaded\" src=\"https:\/\/www.redebrasilatual.com.br\/wp-content\/uploads\/2022\/01\/bargas.jpg\" sizes=\"(max-width: 383px) 100vw, 383px\" srcset=\"https:\/\/www.redebrasilatual.com.br\/wp-content\/uploads\/2022\/01\/bargas.jpg 383w, https:\/\/www.redebrasilatual.com.br\/wp-content\/uploads\/2022\/01\/bargas-360x244.jpg 360w\" alt=\"rela\u00e7\u00f5es de trabalho\nGeraldo Magela\/Ag\u00eancia Senado\" width=\"383\" height=\"260\" data-ll-status=\"loaded\" \/><figcaption>Osvaldo Bargas (Foto: Geraldo Magela\/Ag\u00eancia Senado)<\/figcaption><\/figure>\n<\/div>\n<\/div>\n<h3>Monop\u00f3lio de representa\u00e7\u00e3o<\/h3>\n<p>Uma das propostas era de estabelecer crit\u00e9rios de representatividade para a exist\u00eancia e manuten\u00e7\u00e3o de entidades sindicais. Uma desses crit\u00e9rios seria a fixa\u00e7\u00e3o de um percentual de trabalhadores filiados. Bargas critica o modelo sindical ent\u00e3o vigente: \u201cO Estado te d\u00e1 o monop\u00f3lio de representa\u00e7\u00e3o. E n\u00e3o precisa de s\u00f3cios\u201d. Havia o chamado imposto sindical, compuls\u00f3rio, cobrado anualmente e equivalente a um dia de trabalho (no caso dos empregadores, a cobran\u00e7a se dava com base no capital social). E grande quantidade do que o ex-secret\u00e1rio chama de \u201csindicatos de carimbo\u201d, com exist\u00eancia formal, mas sem representatividade.<\/p>\n<p>A ideia era abolir gradualmente a contribui\u00e7\u00e3o sindical \u2013 em tr\u00eas anos para entidades de trabalhadores e cinco para empregadores. No primeiro caso, a contribui\u00e7\u00e3o seria substitu\u00edda por uma taxa negocial, aprovada em assembleia e com limite definido. Haveria prazo para estabelecer uma lei de prote\u00e7\u00e3o \u00e0 organiza\u00e7\u00e3o sindical e \u00e0 negocia\u00e7\u00e3o coletiva, que pela proposta do f\u00f3rum poderia ocorrer por setor econ\u00f4mico ou ramo de atividade, em todos os n\u00edveis (nacional, interestadual, estadual, municipal, intermunicipal, por empresa ou grupo de empresas). Como diz Bargas, seria criado um c\u00f3digo do trabalho \u201cque pudesse nortear os direitos b\u00e1sicos e os acordos coletivos\u201d.<\/p>\n<h3>Pol\u00edticas p\u00fablicas<\/h3>\n<p>O modelo triparte adotado pelo FNT se repetiu recentemente na Espanha, que rediscutiu seu sistema trabalhista.\u00a0<a href=\"https:\/\/www.redebrasilatual.com.br\/trabalho\/2022\/01\/revisao-reforma-trabalhista-alguns-setores-revogar-lei-aurea\/\" target=\"_blank\" rel=\"noopener noreferrer\">Um debate que vem sendo acompanhado de perto por Lula.\u00a0<\/a>\u201cAgora o acordo espanhol recupera a centralidade do di\u00e1logo tripartite para a formula\u00e7\u00e3o das pol\u00edticas p\u00fablicas e fortalece a negocia\u00e7\u00e3o coletiva, retoma a valoriza\u00e7\u00e3o dos sindicatos e afirma a preval\u00eancia dos contratos coletivos setoriais sobre os acordos por empresa, ampliando sua efic\u00e1cia para todos os trabalhadores e terceirizados\u201d, afirma, em artigo, o soci\u00f3logo Clemente Ganz L\u00facio, ex-diretor t\u00e9cnico do Dieese.<\/p>\n<p>O secret\u00e1rio-geral da CCOO (central sindical espanhola), Unai Sordo, considerou \u201cambicioso\u201d o acordo feito naquele pa\u00eds. Por abordar, segundo ele, um leque de temas que nas \u00faltimas reformas trabalhistas \u201chaviam desregulamentado e precarizado de maneira significativa\u201d. Assim, diz ele, o equil\u00edbrio na negocia\u00e7\u00e3o coletiva se torna um elemento chave. O acordo permitiu a volta da chamada ultratividade, princ\u00edpio que permite a manuten\u00e7\u00e3o dos acordos coletivos mesmo ap\u00f3s sua vig\u00eancia, enquanto se discute um novo texto.<a href=\"https:\/\/www.redebrasilatual.com.br\/trabalho\/2021\/06\/cinco-anos-depois-stf-comeca-a-julgar-ultratividade-dos-acordos-coletivos\/\">\u00a0No Brasil, a ultratividade foi suspensa por decis\u00e3o do Supremo Tribunal Federal (STF).<\/a><\/p>\n<p>J\u00e1 a \u201creforma\u201d feita em 2017 no Brasil, no governo Temer, foi em grande parte inspirada em sugest\u00f5es patronais, particularmente as da Confedera\u00e7\u00e3o Nacional da Ind\u00fastria (CNI). Sem negocia\u00e7\u00e3o tripartite, flexibilizou direitos e enfraqueceu a representa\u00e7\u00e3o sindical, abolindo de uma vez o imposto. \u00c0 \u00e9poca, seus defensores afirmaram que as mudan\u00e7as trariam \u201cseguran\u00e7a jur\u00eddica\u201d e proporcionariam a cria\u00e7\u00e3o de milh\u00f5es de empregos. Mas as pend\u00eancias legais prosseguiram e o desemprego s\u00f3 n\u00e3o aumentou mais devido ao trabalho informal.<\/p>\n<h3>Distribui\u00e7\u00e3o de renda<\/h3>\n<p>S\u00e3o vari\u00e1veis que precisam ser consideradas antes de qualquer mudan\u00e7a, diz o ex-secret\u00e1rio, ele tamb\u00e9m um ex-metal\u00fargico e diretor no sindicato do ABC na mesma \u00e9poca de Lula. O mercado de trabalho atual tem menos gente no setor industrial e mais pessoas em ocupa\u00e7\u00f5es prec\u00e1rias, com menos renda e prote\u00e7\u00e3o.<\/p>\n<p>\u201cSe o PT quer fazer uma discuss\u00e3o s\u00e9ria sobre isso, tem que resolver o problema do sindicato\u201d, afirma Bargas, defendendo um modelo que permita a sobreviv\u00eancia das entidades, mas tamb\u00e9m atribua responsabilidades de representa\u00e7\u00e3o e negocia\u00e7\u00e3o efetivas. Disso tamb\u00e9m depende, sustenta o ex-secret\u00e1rio, o pr\u00f3prio desenvolvimento econ\u00f4mico. \u201cDistribui\u00e7\u00e3o de renda se faz com sindicalismo, com sal\u00e1rio. Direitos como 13\u00ba, jornada, foi luta sindical. N\u00e3o \u00e9 o parlamento quem conquista, s\u00e3o os sindicatos. O parlamento ratifica.\u201d<\/p>\n<p><strong>Fonte: Rede Brasil Atual<\/strong><\/p>\n","protected":false},"excerpt":{"rendered":"<p>Em agosto de 2003, no in\u00edcio do primeiro mandato de Luiz In\u00e1cio Lula da Silva, o governo instalou o F\u00f3rum Nacional do Trabalho (FNT), encarregado de apresentar um novo sistema de rela\u00e7\u00f5es trabalhistas, mexendo tanto na legisla\u00e7\u00e3o como na organiza\u00e7\u00e3o sindical. Durante quase um ano e meio, representantes do governo, trabalhadores e empres\u00e1rios se reuniram [&hellip;]<\/p>\n","protected":false},"author":2,"featured_media":12014,"comment_status":"","ping_status":"","sticky":false,"template":"","format":"standard","meta":{"footnotes":""},"categories":[3],"tags":[],"class_list":["post-12015","post","type-post","status-publish","format-standard","has-post-thumbnail","hentry","category-noticias"],"_links":{"self":[{"href":"https:\/\/hostnetart.com.br\/baixada\/wp-json\/wp\/v2\/posts\/12015","targetHints":{"allow":["GET"]}}],"collection":[{"href":"https:\/\/hostnetart.com.br\/baixada\/wp-json\/wp\/v2\/posts"}],"about":[{"href":"https:\/\/hostnetart.com.br\/baixada\/wp-json\/wp\/v2\/types\/post"}],"author":[{"embeddable":true,"href":"https:\/\/hostnetart.com.br\/baixada\/wp-json\/wp\/v2\/users\/2"}],"replies":[{"embeddable":true,"href":"https:\/\/hostnetart.com.br\/baixada\/wp-json\/wp\/v2\/comments?post=12015"}],"version-history":[{"count":0,"href":"https:\/\/hostnetart.com.br\/baixada\/wp-json\/wp\/v2\/posts\/12015\/revisions"}],"wp:featuredmedia":[{"embeddable":true,"href":"https:\/\/hostnetart.com.br\/baixada\/wp-json\/wp\/v2\/media\/12014"}],"wp:attachment":[{"href":"https:\/\/hostnetart.com.br\/baixada\/wp-json\/wp\/v2\/media?parent=12015"}],"wp:term":[{"taxonomy":"category","embeddable":true,"href":"https:\/\/hostnetart.com.br\/baixada\/wp-json\/wp\/v2\/categories?post=12015"},{"taxonomy":"post_tag","embeddable":true,"href":"https:\/\/hostnetart.com.br\/baixada\/wp-json\/wp\/v2\/tags?post=12015"}],"curies":[{"name":"wp","href":"https:\/\/api.w.org\/{rel}","templated":true}]}}