{"id":12013,"date":"2022-01-14T12:06:58","date_gmt":"2022-01-14T15:06:58","guid":{"rendered":"https:\/\/hostnetart.com.br\/baixada\/comando-nacional-dos-bancarios-vai-cobrar-da-feanaban-volta-do-home-office\/"},"modified":"2022-01-14T12:06:58","modified_gmt":"2022-01-14T15:06:58","slug":"comando-nacional-dos-bancarios-vai-cobrar-da-feanaban-volta-do-home-office","status":"publish","type":"post","link":"https:\/\/hostnetart.com.br\/baixada\/comando-nacional-dos-bancarios-vai-cobrar-da-feanaban-volta-do-home-office\/","title":{"rendered":"Comando Nacional dos Banc\u00e1rios vai cobrar da Fenaban volta do home office"},"content":{"rendered":"<p>O Comando Nacional dos Banc\u00e1rios vai se reunir na pr\u00f3xima ter\u00e7a-feira (18) com a Federa\u00e7\u00e3o Nacional dos Bancos (Fenaban) para discutir a ado\u00e7\u00e3o de medidas preventivas para proteger a categoria diante do aumento no n\u00famero de casos de contaminados pela Covid-19 que atinge todo o Brasil. Um dos pontos a ser tratado no encontro, que acontecer\u00e1 de forma virtual, ser\u00e1 a retomada e, at\u00e9 mesmo, a amplia\u00e7\u00e3o do home office, que deixou de ser adotado por alguns bancos.<\/p>\n<p>\u201cNos queremos chamar a aten\u00e7\u00e3o da Fenaban e dos bancos para a gravidade do momento. O cont\u00e1gio est\u00e1 muito mais elevado e se n\u00e3o forem tomadas medidas, podemos voltar a perder muitas vidas\u201d, alertou o vice-presidente da Confedera\u00e7\u00e3o Nacional dos Trabalhadores do Ramo Financeiro (Contraf-CUT), Vinicius Assump\u00e7\u00e3o.<\/p>\n<p>O VP lembra que, no in\u00edcio da pandemia, o Comando Nacional dos Banc\u00e1rios e a Fenaban firmaram um acordo com medidas protetivas que foi importante. \u201cTivemos medidas fortes quando come\u00e7ou a pandemia. Flexibilizar as medidas protetivas neste momento \u00e9 uma tremenda irresponsabilidade. Os bancos que n\u00e3o levarem em conta a gravidade do momento podem ser respons\u00e1veis pelo aumento da doen\u00e7a e do n\u00famero de mortes na categoria. Estamos passando pelo pior momento da pandemia. N\u00e3o tem sentido argumentar que os banc\u00e1rios n\u00e3o devem voltar ao home office. Vamos cobrar fortemente isso, mas tamb\u00e9m outras medidas que foram flexibilizadas, como rod\u00edzio e controle de atendimento nas ag\u00eancias.\u201d<\/p>\n<p>\u201cNeste momento de mais uma onda da pandemia, na qual o cont\u00e1gio se mostra muito maior, todo cuidado \u00e9 pouco. Desde in\u00edcio da pandemia buscamos a prote\u00e7\u00e3o da vida e da sa\u00fade como elemento central. Infelizmente, a Covid-19 n\u00e3o nos d\u00e1 tr\u00e9gua. Por isso, n\u00f3s n\u00e3o podemos baixar a guarda nas medidas protetivas. Os bancos precisam, urgentemente, praticar protocolos r\u00edgidos, que se mostraram eficazes, para proteger seus trabalhadores. \u00c9 assustador o n\u00famero de contaminados nos ambientes de trabalho e nos preocupa que os bancos n\u00e3o entenderem a gravidade do momento\u201d, lamentou Mauro Salles, secret\u00e1rio de Sa\u00fade da Contraf-CUT.<\/p>\n<p><strong>Fonte: Contraf-CUT<\/strong><\/p>\n","protected":false},"excerpt":{"rendered":"<p>O Comando Nacional dos Banc\u00e1rios vai se reunir na pr\u00f3xima ter\u00e7a-feira (18) com a Federa\u00e7\u00e3o Nacional dos Bancos (Fenaban) para discutir a ado\u00e7\u00e3o de medidas preventivas para proteger a categoria diante do aumento no n\u00famero de casos de contaminados pela Covid-19 que atinge todo o Brasil. Um dos pontos a ser tratado no encontro, que [&hellip;]<\/p>\n","protected":false},"author":2,"featured_media":12012,"comment_status":"","ping_status":"","sticky":false,"template":"","format":"standard","meta":{"footnotes":""},"categories":[3],"tags":[],"class_list":["post-12013","post","type-post","status-publish","format-standard","has-post-thumbnail","hentry","category-noticias"],"_links":{"self":[{"href":"https:\/\/hostnetart.com.br\/baixada\/wp-json\/wp\/v2\/posts\/12013","targetHints":{"allow":["GET"]}}],"collection":[{"href":"https:\/\/hostnetart.com.br\/baixada\/wp-json\/wp\/v2\/posts"}],"about":[{"href":"https:\/\/hostnetart.com.br\/baixada\/wp-json\/wp\/v2\/types\/post"}],"author":[{"embeddable":true,"href":"https:\/\/hostnetart.com.br\/baixada\/wp-json\/wp\/v2\/users\/2"}],"replies":[{"embeddable":true,"href":"https:\/\/hostnetart.com.br\/baixada\/wp-json\/wp\/v2\/comments?post=12013"}],"version-history":[{"count":0,"href":"https:\/\/hostnetart.com.br\/baixada\/wp-json\/wp\/v2\/posts\/12013\/revisions"}],"wp:featuredmedia":[{"embeddable":true,"href":"https:\/\/hostnetart.com.br\/baixada\/wp-json\/wp\/v2\/media\/12012"}],"wp:attachment":[{"href":"https:\/\/hostnetart.com.br\/baixada\/wp-json\/wp\/v2\/media?parent=12013"}],"wp:term":[{"taxonomy":"category","embeddable":true,"href":"https:\/\/hostnetart.com.br\/baixada\/wp-json\/wp\/v2\/categories?post=12013"},{"taxonomy":"post_tag","embeddable":true,"href":"https:\/\/hostnetart.com.br\/baixada\/wp-json\/wp\/v2\/tags?post=12013"}],"curies":[{"name":"wp","href":"https:\/\/api.w.org\/{rel}","templated":true}]}}