{"id":12011,"date":"2022-01-14T12:03:19","date_gmt":"2022-01-14T15:03:19","guid":{"rendered":"https:\/\/hostnetart.com.br\/baixada\/mpt-pede-esclarecimentos-ao-bb-sobre-mudancas-no-manual-de-trabalho-presencial\/"},"modified":"2022-01-14T12:03:19","modified_gmt":"2022-01-14T15:03:19","slug":"mpt-pede-esclarecimentos-ao-bb-sobre-mudancas-no-manual-de-trabalho-presencial","status":"publish","type":"post","link":"https:\/\/hostnetart.com.br\/baixada\/mpt-pede-esclarecimentos-ao-bb-sobre-mudancas-no-manual-de-trabalho-presencial\/","title":{"rendered":"MPT pede esclarecimentos ao BB sobre mudan\u00e7as no Manual de Trabalho Presencial"},"content":{"rendered":"<p>A pedido da Confedera\u00e7\u00e3o Nacional dos Trabalhadores do Ramo Financeiro (Contraf-CUT), o Minist\u00e9rio P\u00fablico do Trabalho realizou, na tarde dessa quarta-feira (12), uma audi\u00eancia de media\u00e7\u00e3o para o Banco do Brasil explicar a decis\u00e3o unilateral de alterar o Manual de Trabalho Presencial, que dita os protocolos de seguran\u00e7a sanit\u00e1ria para reduzir as chances de cont\u00e1gio pela Covid-19 em suas unidades.<\/p>\n<p>O ponto que preocupa os trabalhadores e que gerou o pedido de audi\u00eancia ao MPT foi a retirada do item que determina o encerramento de expediente da depend\u00eancia no mesmo dia da confirma\u00e7\u00e3o de funcion\u00e1rio com teste positivo para Covid-19.<\/p>\n<p>\u201cA retirada desse protocolo de seguran\u00e7a preocupa o movimento sindical pelo aumento exponencial dos casos de contamina\u00e7\u00e3o que estamos registrando em unidades de todo o pa\u00eds\u201d, destacou o coordenador da Comiss\u00e3o de Empresa dos Funcion\u00e1rios do Banco do Brasil (CEBB), Jo\u00e3o Fukunaga, durante a audi\u00eancia.<\/p>\n<p>Na tentativa de justificar a retirada do protocolo, os representantes do banco disseram que, no caso de unidades menores, quando houvesse a confirma\u00e7\u00e3o de um trabalhador doente, o espa\u00e7o seria fechado e todos enviados para o trabalho em home office. Mas, no caso de unidades maiores, haveria o isolamento da \u00e1rea onde fosse detectado que um trabalhador esteve doente. Al\u00e9m disso, somente colegas pr\u00f3ximos ou que tiveram contato direto com o funcion\u00e1rio positivado durante um eventual almo\u00e7o ou caf\u00e9, seriam enviados para o trabalho remoto.<\/p>\n<p>O banco tamb\u00e9m afirmou que o Manual, desta forma, estaria mais seguro, porque ampliava as possibilidades de autodeclara\u00e7\u00e3o de trabalhadores que eventualmente tiveram contato com colegas contaminados. Entretanto, al\u00e9m de o ponto sobre a autodeclara\u00e7\u00e3o n\u00e3o estar expl\u00edcito no Manual, o banco n\u00e3o soube explicar os crit\u00e9rios t\u00e9cnicos que amparam a sua decis\u00e3o para alterar o texto.<\/p>\n<p>Os representantes dos trabalhadores pontuaram que o BB \u00e9 uma empresa com mais de 90 mil pessoas. Portanto, a necessidade de um Manual com um texto claro. Caso contr\u00e1rio, os gestores n\u00e3o saber\u00e3o como proceder em todos os casos. O movimento sindical pontuou, ainda, que n\u00e3o \u00e9 poss\u00edvel entender porque o Manual ficou mais abrangente, se agora existe necessidade maior de explicar, e de forma subjetiva, quando ou n\u00e3o dispensar os funcion\u00e1rios no caso de haver a confirma\u00e7\u00e3o de uma pessoa contaminada.<\/p>\n<p>Apesar desses apontamentos, o banco insistiu em manter a mudan\u00e7a no Manual de Trabalho Presencial. Diante do impasse, o subprocurador-geral do Minist\u00e9rio P\u00fablico do Trabalho, Dr. Francisco G\u00e9rson Marques de Lima, suspendeu a audi\u00eancia e pediu para que o Banco do Brasil elabore uma Nota Explicativa sobre o ponto suprimido no Manual.<\/p>\n<p>A continua\u00e7\u00e3o da audi\u00eancia foi agendada para o dia 27 de janeiro, \u00e0s 14h30. At\u00e9 l\u00e1, o banco dever\u00e1 se reunir com a entidade sindical para tratar dos aspectos da Nota Explicativa.<\/p>\n<p>\u201cN\u00f3s precisamos de um esclarecimento. N\u00e3o podemos ter atitudes diferentes em depend\u00eancias distintas e que, ao mesmo tempo, s\u00e3o semelhantes. Uma ag\u00eancia fecha porque teve um caso, mas a outra n\u00e3o por qual motiva\u00e7\u00e3o? O banco est\u00e1 seguindo qual orienta\u00e7\u00e3o? Se n\u00e3o for bem esclarecido o conflito continuar\u00e1 existindo\u201d, ressaltou a advogada Renata Cabral, s\u00f3cia de Crivelli Advogados, que assessora a Contraf-CUT.<\/p>\n<p><strong>Fonte: Contraf-CUT<\/strong><\/p>\n","protected":false},"excerpt":{"rendered":"<p>A pedido da Confedera\u00e7\u00e3o Nacional dos Trabalhadores do Ramo Financeiro (Contraf-CUT), o Minist\u00e9rio P\u00fablico do Trabalho realizou, na tarde dessa quarta-feira (12), uma audi\u00eancia de media\u00e7\u00e3o para o Banco do Brasil explicar a decis\u00e3o unilateral de alterar o Manual de Trabalho Presencial, que dita os protocolos de seguran\u00e7a sanit\u00e1ria para reduzir as chances de cont\u00e1gio [&hellip;]<\/p>\n","protected":false},"author":2,"featured_media":12010,"comment_status":"","ping_status":"","sticky":false,"template":"","format":"standard","meta":{"footnotes":""},"categories":[3],"tags":[],"class_list":["post-12011","post","type-post","status-publish","format-standard","has-post-thumbnail","hentry","category-noticias"],"_links":{"self":[{"href":"https:\/\/hostnetart.com.br\/baixada\/wp-json\/wp\/v2\/posts\/12011","targetHints":{"allow":["GET"]}}],"collection":[{"href":"https:\/\/hostnetart.com.br\/baixada\/wp-json\/wp\/v2\/posts"}],"about":[{"href":"https:\/\/hostnetart.com.br\/baixada\/wp-json\/wp\/v2\/types\/post"}],"author":[{"embeddable":true,"href":"https:\/\/hostnetart.com.br\/baixada\/wp-json\/wp\/v2\/users\/2"}],"replies":[{"embeddable":true,"href":"https:\/\/hostnetart.com.br\/baixada\/wp-json\/wp\/v2\/comments?post=12011"}],"version-history":[{"count":0,"href":"https:\/\/hostnetart.com.br\/baixada\/wp-json\/wp\/v2\/posts\/12011\/revisions"}],"wp:featuredmedia":[{"embeddable":true,"href":"https:\/\/hostnetart.com.br\/baixada\/wp-json\/wp\/v2\/media\/12010"}],"wp:attachment":[{"href":"https:\/\/hostnetart.com.br\/baixada\/wp-json\/wp\/v2\/media?parent=12011"}],"wp:term":[{"taxonomy":"category","embeddable":true,"href":"https:\/\/hostnetart.com.br\/baixada\/wp-json\/wp\/v2\/categories?post=12011"},{"taxonomy":"post_tag","embeddable":true,"href":"https:\/\/hostnetart.com.br\/baixada\/wp-json\/wp\/v2\/tags?post=12011"}],"curies":[{"name":"wp","href":"https:\/\/api.w.org\/{rel}","templated":true}]}}