{"id":12009,"date":"2022-01-14T11:59:05","date_gmt":"2022-01-14T14:59:05","guid":{"rendered":"https:\/\/hostnetart.com.br\/baixada\/gt-de-saude-cobra-medidas-mais-rigorosas-contra-covid-19-do-itau\/"},"modified":"2022-01-14T11:59:05","modified_gmt":"2022-01-14T14:59:05","slug":"gt-de-saude-cobra-medidas-mais-rigorosas-contra-covid-19-do-itau","status":"publish","type":"post","link":"https:\/\/hostnetart.com.br\/baixada\/gt-de-saude-cobra-medidas-mais-rigorosas-contra-covid-19-do-itau\/","title":{"rendered":"GT de Sa\u00fade cobra medidas mais rigorosas contra Covid-19 do Ita\u00fa"},"content":{"rendered":"<p>O Grupo de Trabalho (GT) de Sa\u00fade do Ita\u00fa se reuniu com a dire\u00e7\u00e3o do banco, na tarde desta quarta-feira (12), para entregar of\u00edcio sobre protocolos e medidas para reduzir a alta contamina\u00e7\u00e3o dos funcion\u00e1rios por Covid-19.<\/p>\n<p>Como medidas preventivas, o GT reivindica o fornecimento de m\u00e1scaras N95, que s\u00e3o compat\u00edveis com o alto \u00edndice de cont\u00e1gio; limita\u00e7\u00e3o do n\u00famero de clientes dentro das ag\u00eancias; fim do fechamento definitivo das ag\u00eancias; testagem de todos os trabalhadores da ag\u00eancia, banc\u00e1rios e terceirizados.<\/p>\n<p>O GT cobra ainda o cumprimento do protocolo de afastamento; fechamento de ag\u00eancias e sanitiza\u00e7\u00e3o adequada em casos de contamina\u00e7\u00e3o de banc\u00e1rios e terceirizados; amplia\u00e7\u00e3o da equipe de teleconsulta; n\u00e3o direcionamento de trabalhadores de ag\u00eancias contaminadas para outras ag\u00eancias; adequa\u00e7\u00e3o do protocolo ao cen\u00e1rio atual que contabiliza uma explos\u00e3o de afastamentos; afastamento de trabalhadores contaminados pelo surto de gripe; e reavalia\u00e7\u00e3o do hor\u00e1rio banc\u00e1rio, que voltou ao normal no in\u00edcio deste m\u00eas.<\/p>\n<p>\u201cA sobrecarga de trabalho dos banc\u00e1rios que sofrem com a redu\u00e7\u00e3o de quadro e fechamento de ag\u00eancias j\u00e1 provoca grande adoecimento. A explos\u00e3o de casos de Covid-19, aliada ao surto de gripe, tem provocado um caos dentro do banco, sobrecarregando os funcion\u00e1rios. E, com o fechamento das ag\u00eancias por contamina\u00e7\u00e3o, as ag\u00eancias que est\u00e3o abertas est\u00e3o atendendo um n\u00famero absurdo de clientes, o que diminui o distanciamento e aumenta o risco de cont\u00e1gio\u201d, afirmou Luciana Duarte, coordenadora do GT.<\/p>\n<p>Outra reivindica\u00e7\u00e3o \u00e9 que o Ita\u00fa n\u00e3o implemente o novo prazo de afastamento estabelecido pelo Minist\u00e9rio da Sa\u00fade, pois existem estudos que contrariam a medida, uma vez que leva ao retorno precoce do funcion\u00e1rio, ainda vetor da doen\u00e7a, ao ambiente de trabalho.<\/p>\n<p>\u201cDiante da explos\u00e3o nos casos de Covid-19 e da influenza entre os banc\u00e1rios \u00e9 responsabilidade do banco o cumprimento dos protocolos para preservar a sa\u00fade dos trabalhadores\u201d, lembrou Sergio Francisco, dirigente sindical.<\/p>\n<p>O banco informou que medidas est\u00e3o sendo revistas e firmou o compromisso de responder a demanda. O banco comunicou ainda que revisou o programa de retorno ao trabalho e que os que estiveram afastados por mais de 180 dias ser\u00e3o diretamente encaminhados ao programa. Trabalhadores com per\u00edodo inferior de afastamento, poder\u00e3o ser encaminhados, pela medicina ocupacional, ao exame de retorno.<\/p>\n<p>O atendendo tamb\u00e9m uma antiga reivindica\u00e7\u00e3o dos trabalhadores de que os atestados m\u00e9dicos poder\u00e3o ser cadastrados diretamente no IU conecta, sem passar pelos gestores.<\/p>\n<p><strong>Fonte: Contraf-CUT<\/strong><\/p>\n","protected":false},"excerpt":{"rendered":"<p>O Grupo de Trabalho (GT) de Sa\u00fade do Ita\u00fa se reuniu com a dire\u00e7\u00e3o do banco, na tarde desta quarta-feira (12), para entregar of\u00edcio sobre protocolos e medidas para reduzir a alta contamina\u00e7\u00e3o dos funcion\u00e1rios por Covid-19. Como medidas preventivas, o GT reivindica o fornecimento de m\u00e1scaras N95, que s\u00e3o compat\u00edveis com o alto \u00edndice [&hellip;]<\/p>\n","protected":false},"author":2,"featured_media":12008,"comment_status":"","ping_status":"","sticky":false,"template":"","format":"standard","meta":{"footnotes":""},"categories":[3],"tags":[],"class_list":["post-12009","post","type-post","status-publish","format-standard","has-post-thumbnail","hentry","category-noticias"],"_links":{"self":[{"href":"https:\/\/hostnetart.com.br\/baixada\/wp-json\/wp\/v2\/posts\/12009","targetHints":{"allow":["GET"]}}],"collection":[{"href":"https:\/\/hostnetart.com.br\/baixada\/wp-json\/wp\/v2\/posts"}],"about":[{"href":"https:\/\/hostnetart.com.br\/baixada\/wp-json\/wp\/v2\/types\/post"}],"author":[{"embeddable":true,"href":"https:\/\/hostnetart.com.br\/baixada\/wp-json\/wp\/v2\/users\/2"}],"replies":[{"embeddable":true,"href":"https:\/\/hostnetart.com.br\/baixada\/wp-json\/wp\/v2\/comments?post=12009"}],"version-history":[{"count":0,"href":"https:\/\/hostnetart.com.br\/baixada\/wp-json\/wp\/v2\/posts\/12009\/revisions"}],"wp:featuredmedia":[{"embeddable":true,"href":"https:\/\/hostnetart.com.br\/baixada\/wp-json\/wp\/v2\/media\/12008"}],"wp:attachment":[{"href":"https:\/\/hostnetart.com.br\/baixada\/wp-json\/wp\/v2\/media?parent=12009"}],"wp:term":[{"taxonomy":"category","embeddable":true,"href":"https:\/\/hostnetart.com.br\/baixada\/wp-json\/wp\/v2\/categories?post=12009"},{"taxonomy":"post_tag","embeddable":true,"href":"https:\/\/hostnetart.com.br\/baixada\/wp-json\/wp\/v2\/tags?post=12009"}],"curies":[{"name":"wp","href":"https:\/\/api.w.org\/{rel}","templated":true}]}}