{"id":12001,"date":"2022-01-12T16:36:11","date_gmt":"2022-01-12T19:36:11","guid":{"rendered":"https:\/\/hostnetart.com.br\/baixada\/bb-exige-visitas-presenciais-mesmo-diante-do-aumento-de-casos-de-covid-19\/"},"modified":"2022-01-12T16:36:11","modified_gmt":"2022-01-12T19:36:11","slug":"bb-exige-visitas-presenciais-mesmo-diante-do-aumento-de-casos-de-covid-19","status":"publish","type":"post","link":"https:\/\/hostnetart.com.br\/baixada\/bb-exige-visitas-presenciais-mesmo-diante-do-aumento-de-casos-de-covid-19\/","title":{"rendered":"BB exige visitas presenciais mesmo diante do aumento de casos de Covid-19"},"content":{"rendered":"<p>Mesmo diante do aumento no \u00edndice de contamina\u00e7\u00e3o por Covid-19 e pela nova variante da Influenza, o Banco do Brasil est\u00e1 exigindo que seus gerentes PJ fa\u00e7am visitas presenciais para atingir as metas.<\/p>\n<p>\u201cA den\u00fancia veio do Sindicato dos Banc\u00e1rios do ABC, em S\u00e3o Paulo, somando-se a outras den\u00fancias que estamos recebendo de v\u00e1rias partes do pa\u00eds sobre o descaso da dire\u00e7\u00e3o do banco com a sa\u00fade e vida das trabalhadoras e dos trabalhadores\u201d, lamenta Luciana Bagno, representante da Federa\u00e7\u00e3o dos Trabalhadores do Ramo Financeiro de Minas Gerais (Fetrafi\/MG). \u201cOu seja, sob o argumento de n\u00e3o colocar as metas em risco, os gerentes PJ est\u00e3o, agora, sendo obrigados a colocar a sa\u00fade deles e a dos clientes em risco\u201d, completa.<\/p>\n<p>Um colaborador do BB denunciou o seguinte ao movimento sindical: \u201cNem sequer est\u00e1 sendo mencionada a situa\u00e7\u00e3o que estamos passando. Sei da demanda de v\u00e1rias ag\u00eancias que est\u00e3o fechando diariamente, mas h\u00e1 grande risco de estarmos disseminando ainda mais doen\u00e7as em nossas ag\u00eancias e lares\u201d. O funcion\u00e1rio disse ainda ter escutado de seu superior, durante uma reuni\u00e3o realizada nesta semana, que todos precisavam \u201cgastar os sapatos, ir de encontro ao cliente\u201d, para garantir as metas do per\u00edodo.<\/p>\n<p>Luciana Bagno avalia que, diante do cen\u00e1rio pand\u00eamico, \u00e9 preciso flexibilizar o indicador do Conex\u00e3o, o programa de metas do banco. \u201cSe o banco diz que cuida do que \u00e9 valioso para as pessoas, que ele cuide da vida dos seus funcion\u00e1rios\u201d, observa.<\/p>\n<h3>Vidas em risco<\/h3>\n<p>Unidades do BB em todo o pa\u00eds est\u00e3o registrando o aumento de funcion\u00e1rios contaminados. O movimento sindical aponta que boa parte do adoecimento de colaboradores poderia ter sido evitada se o banco n\u00e3o tivesse levado adiante seu planejamento de retorno precoce ao trabalho presencial nas \u00e1reas administrativas.<\/p>\n<p>Outra tomada de decis\u00e3o incoerente da administra\u00e7\u00e3o do BB foi a divulga\u00e7\u00e3o, no dia 4 de janeiro, de um novo manual de seguran\u00e7a contra a Covid-19, produzido de forma unilateral e substituindo o anterior, acordado entre o BB, movimento sindical e o Minist\u00e9rio P\u00fablico do Trabalho.<\/p>\n<p>\u201cO movimento sindical acionou o MPT contra as mudan\u00e7as no manual de seguran\u00e7a sanit\u00e1ria, mudan\u00e7as essas feitas de forma unilateral pelo banco, que foi intimado pelo minist\u00e9rio a comparecer em audi\u00eancia sobre esta quest\u00e3o nesta quarta-feira, dia 12 de janeiro\u201d, destaca Jo\u00e3o Fukunaga, coordenador da Comiss\u00e3o de Empresa dos Funcion\u00e1rios do Banco do Brasil (CEBB).<\/p>\n<p>\u201cVamos continuar usando todos os instrumentos necess\u00e1rios para cobrar do banco medidas que s\u00e3o fundamentais para assegurar a sa\u00fado dos trabalhadores. Entendemos que o cen\u00e1rio mundial de pandemia \u00e9 algo sem precedentes na nossa hist\u00f3ria recente, como sociedade humana de produ\u00e7\u00e3o industrial e oferta de servi\u00e7os, mas temos recursos t\u00e9cnicos oferecidos pela ci\u00eancia, que s\u00e3o os protocolos de seguran\u00e7a, para reduzir as formas de cont\u00e1gio\u201d, pondera Fukunaga. \u201cO risco de n\u00e3o observarmos esses protocolos \u00e9 sermos, novamente, obrigados a vivenciar os lockdowns que, a\u00ed sim, afetar\u00e3o muito mais as metas em todos os setores econ\u00f4micos\u201d, ressalta o coordenador da CEBB.<\/p>\n<p>\u201cEnquanto o banco liga para\u00a0<a href=\"https:\/\/contrafcut.com.br\/noticias\/pandemia-nao-acabou-e-presidente-e-diretor-do-bb-continuam-desrespeitando-protocolos-de-saude\/)\">reclamar das mat\u00e9rias<\/a>, n\u00e3o toma atitudes para preservar vidas, refor\u00e7ando a pol\u00edtica genocida em algumas \u00e1reas, agora no varejo. Essa atitude, infelizmente, traz a discuss\u00e3o pol\u00edtica e ideol\u00f3gica para dentro do BB, afinal o vice-presidente de varejo Carlos Mota foi cabo eleitoral do atual governo, premiado de superintendente estadual para vice-presidente, passando por cima de todo e qualquer processo de sele\u00e7\u00e3o. Parece que est\u00e3o todos os apoiadores deste governo de m\u00e3os dadas para negar a realidade de contamina\u00e7\u00e3o e colocar as pessoas em risco\u201d, conclui Fukunaga.<\/p>\n<p><strong>Fonte: Contraf-CUT<\/strong><\/p>\n","protected":false},"excerpt":{"rendered":"<p>Mesmo diante do aumento no \u00edndice de contamina\u00e7\u00e3o por Covid-19 e pela nova variante da Influenza, o Banco do Brasil est\u00e1 exigindo que seus gerentes PJ fa\u00e7am visitas presenciais para atingir as metas. \u201cA den\u00fancia veio do Sindicato dos Banc\u00e1rios do ABC, em S\u00e3o Paulo, somando-se a outras den\u00fancias que estamos recebendo de v\u00e1rias partes [&hellip;]<\/p>\n","protected":false},"author":2,"featured_media":12000,"comment_status":"","ping_status":"","sticky":false,"template":"","format":"standard","meta":{"footnotes":""},"categories":[3],"tags":[],"class_list":["post-12001","post","type-post","status-publish","format-standard","has-post-thumbnail","hentry","category-noticias"],"_links":{"self":[{"href":"https:\/\/hostnetart.com.br\/baixada\/wp-json\/wp\/v2\/posts\/12001","targetHints":{"allow":["GET"]}}],"collection":[{"href":"https:\/\/hostnetart.com.br\/baixada\/wp-json\/wp\/v2\/posts"}],"about":[{"href":"https:\/\/hostnetart.com.br\/baixada\/wp-json\/wp\/v2\/types\/post"}],"author":[{"embeddable":true,"href":"https:\/\/hostnetart.com.br\/baixada\/wp-json\/wp\/v2\/users\/2"}],"replies":[{"embeddable":true,"href":"https:\/\/hostnetart.com.br\/baixada\/wp-json\/wp\/v2\/comments?post=12001"}],"version-history":[{"count":0,"href":"https:\/\/hostnetart.com.br\/baixada\/wp-json\/wp\/v2\/posts\/12001\/revisions"}],"wp:featuredmedia":[{"embeddable":true,"href":"https:\/\/hostnetart.com.br\/baixada\/wp-json\/wp\/v2\/media\/12000"}],"wp:attachment":[{"href":"https:\/\/hostnetart.com.br\/baixada\/wp-json\/wp\/v2\/media?parent=12001"}],"wp:term":[{"taxonomy":"category","embeddable":true,"href":"https:\/\/hostnetart.com.br\/baixada\/wp-json\/wp\/v2\/categories?post=12001"},{"taxonomy":"post_tag","embeddable":true,"href":"https:\/\/hostnetart.com.br\/baixada\/wp-json\/wp\/v2\/tags?post=12001"}],"curies":[{"name":"wp","href":"https:\/\/api.w.org\/{rel}","templated":true}]}}