{"id":11999,"date":"2022-01-12T16:34:36","date_gmt":"2022-01-12T19:34:36","guid":{"rendered":"https:\/\/hostnetart.com.br\/baixada\/empregados-da-caixa-cobram-negociacao-de-protocolos-mais-rigorosos\/"},"modified":"2022-01-12T16:34:36","modified_gmt":"2022-01-12T19:34:36","slug":"empregados-da-caixa-cobram-negociacao-de-protocolos-mais-rigorosos","status":"publish","type":"post","link":"https:\/\/hostnetart.com.br\/baixada\/empregados-da-caixa-cobram-negociacao-de-protocolos-mais-rigorosos\/","title":{"rendered":"Empregados da Caixa cobram negocia\u00e7\u00e3o de protocolos mais rigorosos"},"content":{"rendered":"<p>A Comiss\u00e3o Executiva dos Empregados da Caixa (CEE\/Caixa) cobra o agendamento de reuni\u00e3o para discuss\u00e3o de protocolos mais rigorosos para a preven\u00e7\u00e3o contra a Covid-19 e contra a Influenza. Na \u00faltima sexta-feira (7), foi enviado um of\u00edcio para a vice-presidenta de Estrat\u00e9gia e Pessoas da Caixa, Magda Lucia Dias Cardoso de Carvalho. Os representantes dos empregados tamb\u00e9m reivindicam um refor\u00e7o na divulga\u00e7\u00e3o e aplica\u00e7\u00e3o dos protocolos vigentes.<\/p>\n<p>\u201cO aumento do \u00edndice de contamina\u00e7\u00e3o pelo coronav\u00edrus, al\u00e9m da nova variante da influenza, \u00e9 alarmante. Recebemos diversas den\u00fancias de empregados por todo o Brasil do descaso de gestores quanto ao cumprimento dos protocolos vigentes\u201d, afirmou Fabiana Uehara Proscholdt, coordenadora da CEE\/Caixa e secret\u00e1ria da Cultura da Confedera\u00e7\u00e3o Nacional dos Trabalhadores do Ramo Financeiro (Contraf-CUT).<\/p>\n<p>Ela revela que, em conversas, a Caixa diz que tem refor\u00e7ado as orienta\u00e7\u00f5es sobre protocolos. \u201cEntretanto, entendemos que essas a\u00e7\u00f5es ainda est\u00e3o muito t\u00edmidas. \u00c9 necess\u00e1rio um enfrentamento mais ostensivo, pois o momento exige isso. Os hospitais est\u00e3o lotados e a telemedicina do Sa\u00fade Caixa est\u00e1 com fila de espera de mais de 14 horas. O sistema de sa\u00fade j\u00e1 mostra sinais de novo colapso por todo o pa\u00eds.\u201d<\/p>\n<p>Fabiana lembra ainda que a Caixa completa 161 anos nesta quarta-feira (12). \u201cA dire\u00e7\u00e3o tem que respeitar os trabalhadores e uma das formas de respeitar \u00e9 garantindo sa\u00fade e condi\u00e7\u00f5es de trabalho para todos\u201d, finalizou.<\/p>\n<p><strong>Fonte: Contraf-CUT<\/strong><\/p>\n","protected":false},"excerpt":{"rendered":"<p>A Comiss\u00e3o Executiva dos Empregados da Caixa (CEE\/Caixa) cobra o agendamento de reuni\u00e3o para discuss\u00e3o de protocolos mais rigorosos para a preven\u00e7\u00e3o contra a Covid-19 e contra a Influenza. Na \u00faltima sexta-feira (7), foi enviado um of\u00edcio para a vice-presidenta de Estrat\u00e9gia e Pessoas da Caixa, Magda Lucia Dias Cardoso de Carvalho. Os representantes dos [&hellip;]<\/p>\n","protected":false},"author":2,"featured_media":11998,"comment_status":"","ping_status":"","sticky":false,"template":"","format":"standard","meta":{"footnotes":""},"categories":[3],"tags":[],"class_list":["post-11999","post","type-post","status-publish","format-standard","has-post-thumbnail","hentry","category-noticias"],"_links":{"self":[{"href":"https:\/\/hostnetart.com.br\/baixada\/wp-json\/wp\/v2\/posts\/11999","targetHints":{"allow":["GET"]}}],"collection":[{"href":"https:\/\/hostnetart.com.br\/baixada\/wp-json\/wp\/v2\/posts"}],"about":[{"href":"https:\/\/hostnetart.com.br\/baixada\/wp-json\/wp\/v2\/types\/post"}],"author":[{"embeddable":true,"href":"https:\/\/hostnetart.com.br\/baixada\/wp-json\/wp\/v2\/users\/2"}],"replies":[{"embeddable":true,"href":"https:\/\/hostnetart.com.br\/baixada\/wp-json\/wp\/v2\/comments?post=11999"}],"version-history":[{"count":0,"href":"https:\/\/hostnetart.com.br\/baixada\/wp-json\/wp\/v2\/posts\/11999\/revisions"}],"wp:featuredmedia":[{"embeddable":true,"href":"https:\/\/hostnetart.com.br\/baixada\/wp-json\/wp\/v2\/media\/11998"}],"wp:attachment":[{"href":"https:\/\/hostnetart.com.br\/baixada\/wp-json\/wp\/v2\/media?parent=11999"}],"wp:term":[{"taxonomy":"category","embeddable":true,"href":"https:\/\/hostnetart.com.br\/baixada\/wp-json\/wp\/v2\/categories?post=11999"},{"taxonomy":"post_tag","embeddable":true,"href":"https:\/\/hostnetart.com.br\/baixada\/wp-json\/wp\/v2\/tags?post=11999"}],"curies":[{"name":"wp","href":"https:\/\/api.w.org\/{rel}","templated":true}]}}