{"id":11997,"date":"2022-01-12T13:27:50","date_gmt":"2022-01-12T16:27:50","guid":{"rendered":"https:\/\/hostnetart.com.br\/baixada\/caixa-economica-federal-completa-161-anos-nesta-quarta-feira-12\/"},"modified":"2022-01-12T13:27:50","modified_gmt":"2022-01-12T16:27:50","slug":"caixa-economica-federal-completa-161-anos-nesta-quarta-feira-12","status":"publish","type":"post","link":"https:\/\/hostnetart.com.br\/baixada\/caixa-economica-federal-completa-161-anos-nesta-quarta-feira-12\/","title":{"rendered":"Caixa Econ\u00f4mica Federal completa 161 anos nesta quarta-feira (12)"},"content":{"rendered":"<p>Nesta quarta-feira, dia 12 de janeiro, a Caixa Econ\u00f4mica Federal comemora mais um anivers\u00e1rio: 161 anos!<\/p>\n<p>A Caixa \u00e9 fundamental para os brasileiros e brasileiras: no sonho da casa pr\u00f3pria, no diploma universit\u00e1rio, no saneamento b\u00e1sico, na prote\u00e7\u00e3o ao trabalhador do Fundo de Garantia Por Tempo de Servi\u00e7o (FGTS) e at\u00e9 apoiando quem mais precisou na pandemia da Covid-19.<\/p>\n<p>H\u00e1 161 anos, a Caixa tem sido essencial, seja na sua atua\u00e7\u00e3o econ\u00f4mica, pol\u00edtica ou social.<\/p>\n","protected":false},"excerpt":{"rendered":"<p>Nesta quarta-feira, dia 12 de janeiro, a Caixa Econ\u00f4mica Federal comemora mais um anivers\u00e1rio: 161 anos! A Caixa \u00e9 fundamental para os brasileiros e brasileiras: no sonho da casa pr\u00f3pria, no diploma universit\u00e1rio, no saneamento b\u00e1sico, na prote\u00e7\u00e3o ao trabalhador do Fundo de Garantia Por Tempo de Servi\u00e7o (FGTS) e at\u00e9 apoiando quem mais precisou [&hellip;]<\/p>\n","protected":false},"author":2,"featured_media":11996,"comment_status":"","ping_status":"","sticky":false,"template":"","format":"standard","meta":{"footnotes":""},"categories":[3],"tags":[],"class_list":["post-11997","post","type-post","status-publish","format-standard","has-post-thumbnail","hentry","category-noticias"],"_links":{"self":[{"href":"https:\/\/hostnetart.com.br\/baixada\/wp-json\/wp\/v2\/posts\/11997","targetHints":{"allow":["GET"]}}],"collection":[{"href":"https:\/\/hostnetart.com.br\/baixada\/wp-json\/wp\/v2\/posts"}],"about":[{"href":"https:\/\/hostnetart.com.br\/baixada\/wp-json\/wp\/v2\/types\/post"}],"author":[{"embeddable":true,"href":"https:\/\/hostnetart.com.br\/baixada\/wp-json\/wp\/v2\/users\/2"}],"replies":[{"embeddable":true,"href":"https:\/\/hostnetart.com.br\/baixada\/wp-json\/wp\/v2\/comments?post=11997"}],"version-history":[{"count":0,"href":"https:\/\/hostnetart.com.br\/baixada\/wp-json\/wp\/v2\/posts\/11997\/revisions"}],"wp:featuredmedia":[{"embeddable":true,"href":"https:\/\/hostnetart.com.br\/baixada\/wp-json\/wp\/v2\/media\/11996"}],"wp:attachment":[{"href":"https:\/\/hostnetart.com.br\/baixada\/wp-json\/wp\/v2\/media?parent=11997"}],"wp:term":[{"taxonomy":"category","embeddable":true,"href":"https:\/\/hostnetart.com.br\/baixada\/wp-json\/wp\/v2\/categories?post=11997"},{"taxonomy":"post_tag","embeddable":true,"href":"https:\/\/hostnetart.com.br\/baixada\/wp-json\/wp\/v2\/tags?post=11997"}],"curies":[{"name":"wp","href":"https:\/\/api.w.org\/{rel}","templated":true}]}}