{"id":11995,"date":"2022-01-11T17:06:05","date_gmt":"2022-01-11T20:06:05","guid":{"rendered":"https:\/\/hostnetart.com.br\/baixada\/pandemia-nao-acabou-e-presidente-e-diretor-do-bb-continuam-desrespeitando-protocolos-de-saude\/"},"modified":"2022-01-11T17:06:05","modified_gmt":"2022-01-11T20:06:05","slug":"pandemia-nao-acabou-e-presidente-e-diretor-do-bb-continuam-desrespeitando-protocolos-de-saude","status":"publish","type":"post","link":"https:\/\/hostnetart.com.br\/baixada\/pandemia-nao-acabou-e-presidente-e-diretor-do-bb-continuam-desrespeitando-protocolos-de-saude\/","title":{"rendered":"Pandemia n\u00e3o acabou e presidente e diretor do BB continuam desrespeitando protocolos de sa\u00fade"},"content":{"rendered":"<div class=\"elementor-element elementor-element-194680ec elementor-widget elementor-widget-theme-post-content\" data-id=\"194680ec\" data-element_type=\"widget\" data-widget_type=\"theme-post-content.default\">\n<div class=\"elementor-widget-container\">\n<p>Enquanto voltam a aumentar os casos de contamina\u00e7\u00e3o pela variante \u00d4micron, da Covid-19, e, agora, pelo novo v\u00edrus da gripe (H3N2) em todo o pa\u00eds e entre os funcion\u00e1rios do Banco do Brasil, em consequ\u00eancia da precoce retomada ao trabalho presencial nas \u00e1reas administrativas, o presidente do BB, Fausto de Andrade Ribeiro, compartilha foto sem m\u00e1scara nas depend\u00eancias do banco, desta vez ao lado do diretor de opera\u00e7\u00f5es, Jo\u00e3o Leocir Dal-Rosso Frescura.<\/p>\n<p>Esta n\u00e3o \u00e9 a primeira vez que Fausto \u00e9 flagrado sem m\u00e1scara. Em visitas a ag\u00eancias de v\u00e1rias partes do pa\u00eds, o presidente do banco vem refor\u00e7ando o descaso pelo manual de trabalho presencial, dispensando o uso do equipamento de seguran\u00e7a.<\/p>\n<p>\u201cEssas imagens s\u00e3o sintom\u00e1ticas. Como cobrar o respeito ao manual de seguran\u00e7a contra a Covid-19, se quem deveria ser o primeiro a fazer \u00e9 a alta c\u00fapula do banco?\u201d, questiona o coordenador da Comiss\u00e3o de Empresa dos Funcion\u00e1rios do Banco do Brasil (CEBB), Jo\u00e3o Fukunaga.<\/p>\n<p>\u201cDiante do quadro do aumento de funcion\u00e1rios adoecidos nas depend\u00eancias do banco, em decis\u00e3o unilateral a dire\u00e7\u00e3o divulgou, na primeira semana do ano, um novo manual contra a Covid-19, excluindo v\u00e1rios protocolos de seguran\u00e7a que foram estabelecidos no manual anterior, acordado entre o BB, movimento sindical e o Minist\u00e9rio P\u00fablico do Trabalho\u201d, lembra, Fukunaga ao completar que as reivindica\u00e7\u00f5es dos trabalhadores, por outro lado, n\u00e3o s\u00e3o feitas sem bases t\u00e9cnicas. \u201cRetirar, neste momento, o item de fechamento de unidade por contamina\u00e7\u00e3o de Covid-19 \u00e9, ao mesmo tempo, pregar contra o pr\u00f3prio funcion\u00e1rio e colocar a vida em \u00faltimo plano\u201d, arremata.<\/p>\n<h3>Negacionismo expl\u00edcito<\/h3>\n<p>Em setembro, a Confedera\u00e7\u00e3o Nacional dos Trabalhadores do Ramo Financeiro (Contraf-CUT) publicou os resultados de pesquisa, encomendada ao Dieese, comprovando o papel do home office na prote\u00e7\u00e3o da sa\u00fade dos banc\u00e1rios. O trabalho apontou que, entre aqueles que ficaram em teletrabalho durante o \u00e1pice da pandemia, 77% n\u00e3o apresentaram diagn\u00f3stico positivo de Convid-19, contra 23% contagiados. Por outro lado, entre os que n\u00e3o estiveram em teletrabalho, o percentual de contamina\u00e7\u00e3o foi de 38%.<\/p>\n<p>\u201cAo impor um cronograma de retorno ao trabalho presencial de 100% dos funcion\u00e1rios das \u00e1reas administrativas, cumprido at\u00e9 o final de dezembro passado, o banco n\u00e3o apenas desconsiderou a pesquisa encomendada pela Contraf-CUT, como tamb\u00e9m os relat\u00f3rios oficiais da OMS (Organiza\u00e7\u00e3o Mundial da Sa\u00fade) que afirmam que a pandemia ainda n\u00e3o acabou\u201d, pondera Fukunaga. \u201cUma nova cepa do v\u00edrus Covid-19 est\u00e1 em circula\u00e7\u00e3o, com capacidade muito mais r\u00e1pida de cont\u00e1gio e que tem contribu\u00eddo para filas enormes no teleatendimento da Cassi e nos hospitais das redes particular e p\u00fablica\u201d, complementa.<\/p>\n<p>\u201cO n\u00famero de funcion\u00e1rios adoecidos s\u00f3 n\u00e3o \u00e9 pior gra\u00e7as a press\u00e3o dos trabalhadores nas mesas de negocia\u00e7\u00e3o que fez com que imunossuprimidos (indiv\u00edduos que possuem uma condi\u00e7\u00e3o de sa\u00fade que faz com que seus corpos respondam menos a qualquer tipo de vacina), pessoas em tratamento contra o c\u00e2ncer e com defici\u00eancia auditiva, al\u00e9m das gr\u00e1vidas, pudessem continuar em teletrabalho\u201d, explica ainda Get\u00falio Maciel, representante da Comiss\u00e3o de Empresa BB e dirigente sindical do Fetec-CUT\/SP.<\/p>\n<p>Na foto mais recente sem m\u00e1scara, Fausto aparece ao lado do diretor Jo\u00e3o Leocir Dal-Rosso Frescura, conhecido como Piti. Em v\u00e1rios casos confirmados de colegas infectados nos centros operacionais, Piti, que \u00e9 o diretor de opera\u00e7\u00f5es vinculados a esses prefixos, teria se recusado a dispensar os funcion\u00e1rios das depend\u00eancias que necessitavam e protocolos de limpeza e quarentena, conforme estabelecido no primeiro manual de seguran\u00e7a, acordado junto ao MPT, ap\u00f3s cobran\u00e7a da CEBB, mas substitu\u00eddo pelo novo manual publicado recentemente de forma unilateral pelo banco.<\/p>\n<p>\u201cEssa mudan\u00e7a do manual de retorno presencial, de forma unilateral, pelo BB, ap\u00f3s a cobran\u00e7a do cumprimento de seus itens, \u00e9 um absurdo e mostra que, para este diretor do banco, vale tudo para se destacar, desde servir cafezinho como bom menino, at\u00e9 colocar em risco a vida dos funcion\u00e1rios do BB. Vemos, certamente, a pol\u00edtica mortu\u00e1ria deste atual governo atuando na Diope\u201d, avalia Fukunaga.<\/p>\n<h3>BB recebe intima\u00e7\u00e3o<\/h3>\n<p>O movimento sindical, por meio da Contraf, acionou o MPT contra a decis\u00e3o do BB de alterar o manual de seguran\u00e7a sobre a Covid-19. O Banco j\u00e1 foi intimado pelo Minist\u00e9rio P\u00fablico do Trabalho a comparecer em uma audi\u00eancia sobre a quest\u00e3o no dia 12 de janeiro.<\/p>\n<\/div>\n<\/div>\n<div class=\"elementor-element elementor-element-12fb8eb elementor-widget elementor-widget-heading\" data-id=\"12fb8eb\" data-element_type=\"widget\" data-widget_type=\"heading.default\">\n<div class=\"elementor-widget-container\"><strong>Fonte: Contraf-CUT<\/strong><\/div>\n<\/div>\n","protected":false},"excerpt":{"rendered":"<p>Enquanto voltam a aumentar os casos de contamina\u00e7\u00e3o pela variante \u00d4micron, da Covid-19, e, agora, pelo novo v\u00edrus da gripe (H3N2) em todo o pa\u00eds e entre os funcion\u00e1rios do Banco do Brasil, em consequ\u00eancia da precoce retomada ao trabalho presencial nas \u00e1reas administrativas, o presidente do BB, Fausto de Andrade Ribeiro, compartilha foto sem [&hellip;]<\/p>\n","protected":false},"author":2,"featured_media":11994,"comment_status":"","ping_status":"","sticky":false,"template":"","format":"standard","meta":{"footnotes":""},"categories":[3],"tags":[],"class_list":["post-11995","post","type-post","status-publish","format-standard","has-post-thumbnail","hentry","category-noticias"],"_links":{"self":[{"href":"https:\/\/hostnetart.com.br\/baixada\/wp-json\/wp\/v2\/posts\/11995","targetHints":{"allow":["GET"]}}],"collection":[{"href":"https:\/\/hostnetart.com.br\/baixada\/wp-json\/wp\/v2\/posts"}],"about":[{"href":"https:\/\/hostnetart.com.br\/baixada\/wp-json\/wp\/v2\/types\/post"}],"author":[{"embeddable":true,"href":"https:\/\/hostnetart.com.br\/baixada\/wp-json\/wp\/v2\/users\/2"}],"replies":[{"embeddable":true,"href":"https:\/\/hostnetart.com.br\/baixada\/wp-json\/wp\/v2\/comments?post=11995"}],"version-history":[{"count":0,"href":"https:\/\/hostnetart.com.br\/baixada\/wp-json\/wp\/v2\/posts\/11995\/revisions"}],"wp:featuredmedia":[{"embeddable":true,"href":"https:\/\/hostnetart.com.br\/baixada\/wp-json\/wp\/v2\/media\/11994"}],"wp:attachment":[{"href":"https:\/\/hostnetart.com.br\/baixada\/wp-json\/wp\/v2\/media?parent=11995"}],"wp:term":[{"taxonomy":"category","embeddable":true,"href":"https:\/\/hostnetart.com.br\/baixada\/wp-json\/wp\/v2\/categories?post=11995"},{"taxonomy":"post_tag","embeddable":true,"href":"https:\/\/hostnetart.com.br\/baixada\/wp-json\/wp\/v2\/tags?post=11995"}],"curies":[{"name":"wp","href":"https:\/\/api.w.org\/{rel}","templated":true}]}}