{"id":11993,"date":"2022-01-11T17:04:18","date_gmt":"2022-01-11T20:04:18","guid":{"rendered":"https:\/\/hostnetart.com.br\/baixada\/revisao-da-reforma-trabalhista-sera-feita-de-forma-pactuada-diz-marinho\/"},"modified":"2022-01-11T17:04:18","modified_gmt":"2022-01-11T20:04:18","slug":"revisao-da-reforma-trabalhista-sera-feita-de-forma-pactuada-diz-marinho","status":"publish","type":"post","link":"https:\/\/hostnetart.com.br\/baixada\/revisao-da-reforma-trabalhista-sera-feita-de-forma-pactuada-diz-marinho\/","title":{"rendered":"Revis\u00e3o da \u2018reforma\u2019 trabalhista ser\u00e1 feita de forma \u2018pactuada\u2019, diz Marinho"},"content":{"rendered":"<p>O ex-ministro do Trabalho e da Previd\u00eancia Social e ex-prefeito de S\u00e3o Bernardo do Campo Luiz Marinho defendeu nesta segunda-feira (10) a revoga\u00e7\u00e3o das \u201creformas\u201d trabalhistas implementadas nos governos Temer e Bolsonaro. Segundo ele, \u00e9 preciso um novo pacto, envolvendo governo, lideran\u00e7as dos trabalhadores e dos empres\u00e1rios. O objetivo a ser perseguido \u00e9 a cria\u00e7\u00e3o de empregos de qualidade, com direitos para a classe trabalhadora. Assim como na Espanha, que recentemente\u00a0<a href=\"https:\/\/www.redebrasilatual.com.br\/mundo\/2022\/01\/espanha-revoga-reforma-trabalhista-precarizou-trabalho-nao-criou-emprego\/\">revogou os efeitos nocivos da reforma trabalhista<\/a>\u00a0de 2012, a precariza\u00e7\u00e3o no Brasil n\u00e3o resultou no aumento da gera\u00e7\u00e3o de emprego, conforme foi prometido. Pelo contr\u00e1rio. O que se viu, tanto l\u00e1 como aqui, foi a amplia\u00e7\u00e3o do trabalho informal e do subemprego, com redu\u00e7\u00e3o da massa salarial.<\/p>\n<p>\u201cO que precisaremos \u00e9 repensar a legisla\u00e7\u00e3o trabalhista\u201d, disse o ex-ministro em entrevista no programa\u00a0<em><a href=\"https:\/\/www.youtube.com\/watch?v=VYaIV45ZipU\">Bom para Todos<\/a><\/em>, da\u00a0<strong>TVT<\/strong>. \u201cEvidentemente, de forma pactuada, como ocorreu na Espanha. A partir da negocia\u00e7\u00e3o entre governo, lideran\u00e7as empres\u00e1rias e lideran\u00e7as trabalhistas. Para repactuar um processo de valoriza\u00e7\u00e3o do mercado de trabalho. Buscando, dessa forma, gerar empregos de qualidade\u201d, acrescentou Marinho, que tamb\u00e9m presidiu a CUT e o Sindicato dos Metal\u00fargicos do ABC.<\/p>\n<p>Al\u00e9m disso, o atual presidente estadual do PT em S\u00e3o Paulo deixou um\u00a0<a href=\"https:\/\/www.redebrasilatual.com.br\/politica\/2022\/01\/reforma-trabalhista-midia-tradicional-defesa-indefensavel\/\">recado aos cr\u00edticos<\/a>\u00a0a essa e outras propostas para um prov\u00e1vel\u00a0<a href=\"https:\/\/www.redebrasilatual.com.br\/politica\/2022\/01\/luiz-marinho-dobrar-bancadas-sao-paulo\/\">governo petista em 2022<\/a>. \u201cQuem est\u00e1 assustado, j\u00e1 sabe como n\u00f3s governamos. E saber\u00e1 que vamos governar, de novo, buscando representar todos os segmentos. Por\u00e9m, com muita clareza sobre quem devemos priorizar.\u201d<\/p>\n<h2><span style=\"text-decoration: underline;\">Experi\u00eancia espanhola<\/span><\/h2>\n<p>Nesse sentido, o ex-presidente Luiz In\u00e1cio Lula da Silva (PT) far\u00e1 reuni\u00e3o virtual, nesta ter\u00e7a-feira (11), com representantes do governo da Espanha. Em pauta, as mudan\u00e7as no mercado de trabalho e na reforma trabalhista naquele pa\u00eds. O intuito, de acordo com Marinho, \u00e9 conhecer melhor a experi\u00eancia espanhola. Especialmente sobre como se fizeram as corre\u00e7\u00f5es de problemas no decorrer desse processo de negocia\u00e7\u00e3o.<\/p>\n<p>Marinho afirmou que a inten\u00e7\u00e3o n\u00e3o \u00e9 \u201ctransplantar\u201d para o Brasil o processo espanhol, mas adapt\u00e1-lo, de acordo com as especificidades do mercado de trabalho e da sociedade brasileiras. \u201c\u00c9 plenamente poss\u00edvel construir um acordo como esse aqui no Brasil. Far\u00edamos isso independente do que a Espanha fez. N\u00e3o vamos fazer porque a Espanha fez, mas porque \u00e9 uma necessidade.\u201d<\/p>\n<h2><span style=\"text-decoration: underline;\">Sal\u00e1rio m\u00ednimo<\/span><\/h2>\n<p>Como exemplo da capacidade de negocia\u00e7\u00e3o dos governos petistas, Marinho citou a pol\u00edtica de valoriza\u00e7\u00e3o do sal\u00e1rio m\u00ednimo. Adotada desde 2004 e estabelecida por lei desde 2007, a nova f\u00f3rmula, previa um mecanismo de valoriza\u00e7\u00e3o que repunha as perdas inflacion\u00e1rias do ano anterior e concedia aumento real de acordo com o crescimento do PIB de dois anos antes. No entanto, o governo\u00a0<a href=\"https:\/\/www.redebrasilatual.com.br\/economia\/2019\/04\/governo-bolsonaro-acaba-com-politica-de-valorizacao-do-salario-minimo\/\" target=\"_blank\" rel=\"noopener noreferrer\">Bolsonaro colocou fim<\/a>\u00a0a essa pol\u00edtica em 2019. Desde ent\u00e3o, os sal\u00e1rios s\u00e3o reajustados apenas pela infla\u00e7\u00e3o.<\/p>\n<p>A valoriza\u00e7\u00e3o do sal\u00e1rio m\u00ednimo, segundo Marinho, \u00e9 uma das principais ferramentas para acelerar a recupera\u00e7\u00e3o do poder de compra dos trabalhadores. Como o m\u00ednimo serve de baliza no conjunto das negocia\u00e7\u00f5es salariais, essa pol\u00edtica trouxe impactos positivos inclusive para trabalhadores informais. \u201cAntes disso, o sal\u00e1rio m\u00ednimo nem sequer comprava uma cesta b\u00e1sica. N\u00f3s deixamos com pouco mais de duas cestas b\u00e1sicas. Temos que retomar a valoriza\u00e7\u00e3o do sal\u00e1rio m\u00ednimo e incrementar essa pol\u00edtica\u201d, ressaltou. Com a mudan\u00e7a no crit\u00e9rio de reajuste, o poder de compra do m\u00ednimo vem retrocedendo. Atualmente, equivale a pouco mais de uma cesta b\u00e1sica e meia.<\/p>\n<p><strong>Fonte: Rede Brasil Atual<\/strong><\/p>\n","protected":false},"excerpt":{"rendered":"<p>O ex-ministro do Trabalho e da Previd\u00eancia Social e ex-prefeito de S\u00e3o Bernardo do Campo Luiz Marinho defendeu nesta segunda-feira (10) a revoga\u00e7\u00e3o das \u201creformas\u201d trabalhistas implementadas nos governos Temer e Bolsonaro. Segundo ele, \u00e9 preciso um novo pacto, envolvendo governo, lideran\u00e7as dos trabalhadores e dos empres\u00e1rios. O objetivo a ser perseguido \u00e9 a cria\u00e7\u00e3o [&hellip;]<\/p>\n","protected":false},"author":2,"featured_media":11992,"comment_status":"","ping_status":"","sticky":false,"template":"","format":"standard","meta":{"footnotes":""},"categories":[3],"tags":[],"class_list":["post-11993","post","type-post","status-publish","format-standard","has-post-thumbnail","hentry","category-noticias"],"_links":{"self":[{"href":"https:\/\/hostnetart.com.br\/baixada\/wp-json\/wp\/v2\/posts\/11993","targetHints":{"allow":["GET"]}}],"collection":[{"href":"https:\/\/hostnetart.com.br\/baixada\/wp-json\/wp\/v2\/posts"}],"about":[{"href":"https:\/\/hostnetart.com.br\/baixada\/wp-json\/wp\/v2\/types\/post"}],"author":[{"embeddable":true,"href":"https:\/\/hostnetart.com.br\/baixada\/wp-json\/wp\/v2\/users\/2"}],"replies":[{"embeddable":true,"href":"https:\/\/hostnetart.com.br\/baixada\/wp-json\/wp\/v2\/comments?post=11993"}],"version-history":[{"count":0,"href":"https:\/\/hostnetart.com.br\/baixada\/wp-json\/wp\/v2\/posts\/11993\/revisions"}],"wp:featuredmedia":[{"embeddable":true,"href":"https:\/\/hostnetart.com.br\/baixada\/wp-json\/wp\/v2\/media\/11992"}],"wp:attachment":[{"href":"https:\/\/hostnetart.com.br\/baixada\/wp-json\/wp\/v2\/media?parent=11993"}],"wp:term":[{"taxonomy":"category","embeddable":true,"href":"https:\/\/hostnetart.com.br\/baixada\/wp-json\/wp\/v2\/categories?post=11993"},{"taxonomy":"post_tag","embeddable":true,"href":"https:\/\/hostnetart.com.br\/baixada\/wp-json\/wp\/v2\/tags?post=11993"}],"curies":[{"name":"wp","href":"https:\/\/api.w.org\/{rel}","templated":true}]}}