{"id":11987,"date":"2022-01-11T16:04:18","date_gmt":"2022-01-11T19:04:18","guid":{"rendered":"https:\/\/hostnetart.com.br\/baixada\/saiba-por-que-o-salario-minimo-do-brasil-esta-entre-os-mais-baixos-do-mundo\/"},"modified":"2022-01-11T16:04:18","modified_gmt":"2022-01-11T19:04:18","slug":"saiba-por-que-o-salario-minimo-do-brasil-esta-entre-os-mais-baixos-do-mundo","status":"publish","type":"post","link":"https:\/\/hostnetart.com.br\/baixada\/saiba-por-que-o-salario-minimo-do-brasil-esta-entre-os-mais-baixos-do-mundo\/","title":{"rendered":"Saiba por que o sal\u00e1rio m\u00ednimo do Brasil est\u00e1 entre os mais baixos do mundo"},"content":{"rendered":"<p>Come\u00e7a mais um ano e, diante de uma crise financeira que faz com que\u00a0<a href=\"https:\/\/cps.fgv.br\/DesigualdadePandemia\" target=\"_blank\" rel=\"noopener noreferrer\">27,7 milh\u00f5es de pessoas no Brasil estejam vivendo abaixo da linha da pobreza<\/a>, os olhos e os bolsos dos trabalhadores se voltam ao an\u00fancio do reajuste do sal\u00e1rio m\u00ednimo.\u00a0\u00a0<\/p>\n<p>Pelo terceiro ano seguido, no entanto, o governo Bolsonaro (PL) alterou o valor do sal\u00e1rio m\u00ednimo apenas com o que \u00e9 obrigat\u00f3rio pela Constitui\u00e7\u00e3o: o reajuste de acordo com a infla\u00e7\u00e3o anual acumulada (medida pelo INPC, o \u00cdndice Nacional de Pre\u00e7os ao Consumidor). Na pr\u00e1tica, significa que n\u00e3o h\u00e1 aumento real no poder de compra.\u00a0\u00a0<\/p>\n<p>A partir desse m\u00eas de janeiro, o novo sal\u00e1rio m\u00ednimo passou de R$1.100 para R$1.212. Antes desses dois anos em que o aumento real\u00a0foi exatamente 0%, em fevereiro de 2020 o governo reajustou a remunera\u00e7\u00e3o m\u00ednima com p\u00edfios 0,3% acima da infla\u00e7\u00e3o.\u00a0\u00a0\u00a0<\/p>\n<p><a href=\"https:\/\/www.brasildefato.com.br\/2021\/12\/06\/analise-inflacao-de-alimentos-num-contexto-de-salarios-miseraveis\" target=\"_blank\" rel=\"noopener noreferrer\"><strong>::\u00a0An\u00e1lise | Infla\u00e7\u00e3o de alimentos num contexto de sal\u00e1rios miser\u00e1veis ::<\/strong><\/a><\/p>\n<p>E assim, em compara\u00e7\u00e3o com os 35 pa\u00edses membros da OCDE (Organiza\u00e7\u00e3o para a Coopera\u00e7\u00e3o e Desenvolvimento Econ\u00f4mico), o Brasil figura como o segundo pa\u00eds com o menor sal\u00e1rio m\u00ednimo.\u00a0\u00a0<\/p>\n<p>O estudo divulgado pela plataforma CupomValido a partir de dados do OCDE e do World Bank sobre a remunera\u00e7\u00e3o de trabalhadores no mundo mostra que a Austr\u00e1lia \u00e9 a que oferece o melhor sal\u00e1rio m\u00ednimo e o M\u00e9xico, o pior, com o Brasil vindo logo em seguida.\u00a0<\/p>\n<p class=\"ckeditor-subtitle\"><em>Pol\u00edtica de desvaloriza\u00e7\u00e3o do sal\u00e1rio m\u00ednimo\u00a0<\/em><\/p>\n<p>Desde que assumiu, o presidente Bolsonaro vem seguindo \u00e0 risca o abandono da pol\u00edtica de valoriza\u00e7\u00e3o real do sal\u00e1rio m\u00ednimo defendido por seu ministro da Economia, Paulo Guedes.\u00a0\u00a0<\/p>\n<p>Em setembro de 2020, Guedes \u2013 cuja pol\u00edtica econ\u00f4mica fez engordar\u00a0<a href=\"https:\/\/www.brasildefato.com.br\/2021\/10\/12\/offshore-ou-guedes-nao-acredita-na-economia-do-pais-ou-quer-se-beneficiar-diz-leda-paulani\" target=\"_blank\" rel=\"noopener noreferrer\">suas contas em para\u00edso fiscal nas Ilhas Virgens<\/a>\u00a0&#8211; chegou a\u00a0<a href=\"https:\/\/www1.folha.uol.com.br\/mercado\/2020\/09\/guedes-afirma-que-aumentar-salario-minimo-seria-condenar-pessoas-ao-desemprego.shtml\" target=\"_blank\" rel=\"noopener noreferrer\">afirmar<\/a>\u00a0que \u00e9 preciso ter \u201ccuidado\u201d ao fazer esse tipo de ajuste, j\u00e1 que o aumento do sal\u00e1rio m\u00ednimo poderia condenar pessoas ao desemprego.\u00a0\u00a0<\/p>\n<p>Conforme explica a economista e doutora em Desenvolvimento Econ\u00f4mico pela Unicamp, Juliane Furno, a ideia\u00a0vocalizada por Guedes \u00e9 a de uma perspectiva liberal econ\u00f4mica.\u00a0<\/p>\n<p>&#8220;Por exemplo, em per\u00edodos de crise como o que a gente est\u00e1 vivendo, a exist\u00eancia de um sal\u00e1rio m\u00ednimo seria um impeditivo para que mais pessoas adentrassem no mercado de trabalho, porque existem pessoas dispostas a trabalhar e a contratar, mas essas dispostas a contratar n\u00e3o poderiam pagar o m\u00ednimo, e as que est\u00e3o dispostas a trabalhar se disporiam a trabalhar por menos que o m\u00ednimo&#8221;, ilustra Furno.<\/p>\n<p>Para a economista, no entanto, essa correla\u00e7\u00e3o &#8220;\u00e9 um mito&#8221;:\u00a0&#8220;No per\u00edodo em que vigorou a pol\u00edtica de valoriza\u00e7\u00e3o do sal\u00e1rio m\u00ednimo\u00a0o desemprego chegou em sua menor marca hist\u00f3rica. E a\u00a0informalidade cedeu tamb\u00e9m&#8221;.<\/p>\n<p><a href=\"https:\/\/www.brasildefato.com.br\/2021\/12\/31\/entenda-como-o-salario-minimo-teve-aumento-real-de-59-com-lula-e-dilma-e-de-0-com-bolsonaro#:~:text=O%20presidente%20da%20Rep%C3%BAblica%2C%20Jair,atual%2C%20de%20R%24%201.100.\" target=\"_blank\" rel=\"noopener noreferrer\"><strong>::Entenda como o sal\u00e1rio m\u00ednimo teve aumento real de 59% com Lula e Dilma e de 0% com Bolsonaro::<\/strong><\/a>\u00a0<\/p>\n<p lang=\"PT-BR\" xml:lang=\"PT-BR\">O atual cen\u00e1rio brasileiro, em que\u00a0<a href=\"https:\/\/www.dieese.org.br\/notatecnica\/2021\/notaTec265SalarioMinimo.html\" target=\"_blank\" rel=\"noopener noreferrer\">o sal\u00e1rio m\u00ednimo tem o poder de comprar apenas 1,73 cesta b\u00e1sica<\/a>, \u00e9 resultado de escolhas pol\u00edticas e econ\u00f4micas que se arrastam h\u00e1 anos.\u00a0<\/p>\n<p>Antes de Bolsonaro, o governo de Michel Temer (MDB) \u2013 se somarmos os reajustes de janeiro de 2017, 2018 e tamb\u00e9m de 2019 (j\u00e1 que este foi definido ainda na gest\u00e3o do emedebista) &#8211; aumentou o sal\u00e1rio m\u00ednimo em 0,79% acima da infla\u00e7\u00e3o.\u00a0<\/p>\n<p>Durante as gest\u00f5es petistas que o antecederam, somando os governos de Dilma Rousseff e de Luiz In\u00e1cio Lula da Silva (entre abril de 2003 e janeiro de 2016), o \u00edndice teve um aumento real\u00a0de 59,21%.\u00a0\u00a0<\/p>\n<p class=\"ckeditor-img-caption\"><img decoding=\"async\" src=\"https:\/\/images01.brasildefato.com.br\/0e8887f828e170b53aec98e7005ae642.jpeg\" \/><br \/>Evolu\u00e7\u00e3o do aumento real (acima da infla\u00e7\u00e3o) do sal\u00e1rio m\u00ednimo no Brasil ao longo dos anos \/ Dieese \/ IBGE<\/p>\n<p>Essa pol\u00edtica foi fruto de acordo firmado entre o Executivo e centrais sindicais, que realizaram uma campanha reivindicando aumento real do \u00edndice, com tr\u00eas marchas at\u00e9 Bras\u00edlia em 2004.\u00a0\u00a0<\/p>\n<p>Como resultado\u00a0se estabeleceu que, para al\u00e9m da corre\u00e7\u00e3o de acordo com a infla\u00e7\u00e3o, o reajuste da remunera\u00e7\u00e3o m\u00ednima no pa\u00eds teria anualmente um crescimento real. O seu c\u00e1lculo levava em conta o PIB (Produto Interno Bruto) do pa\u00eds e a antecipa\u00e7\u00e3o da data-base (revis\u00e3o salarial e das condi\u00e7\u00f5es de trabalho fixadas em acordos, conven\u00e7\u00f5es ou diss\u00eddios coletivos).\u00a0\u00a0<\/p>\n<p>O modelo para calcular o reajuste do sal\u00e1rio m\u00ednimo com essa valoriza\u00e7\u00e3o foi transformado\u00a0em lei pela gest\u00e3o de Rousseff, com vig\u00eancia\u00a0entre 2015 e 2018. Em seguida, foi abandonado.\u00a0\u00a0<\/p>\n<p><a href=\"https:\/\/www.brasildefato.com.br\/2022\/01\/07\/centrais-sindicais-querem-seguir-passos-da-espanha-e-debater-revogacao-da-reforma-trabalhista\" target=\"_blank\" rel=\"noopener noreferrer\"><strong>::\u00a0Centrais sindicais querem seguir passos da Espanha e debater revoga\u00e7\u00e3o da reforma trabalhista ::<\/strong><\/a><\/p>\n<p>&#8220;Foi muito importante essa pol\u00edtica de valoriza\u00e7\u00e3o do sal\u00e1rio&#8221;, avalia Furno, ao argumentar que entre 2003 e 2014 o ganho real na remunera\u00e7\u00e3o m\u00ednima foi de 74%. &#8220;Se levava em considera\u00e7\u00e3o que, para al\u00e9m de n\u00e3o terem perda pelo processo inflacion\u00e1rio, os trabalhadores &#8211; como s\u00e3o quem produz a riqueza social &#8211;\u00a0deveriam se beneficiar do ganho econ\u00f4mico&#8221;, descreve. \u00a0<\/p>\n<p>Na vis\u00e3o de Furno, essa foi &#8220;a principal pol\u00edtica social dos governos Lula e Dilma&#8221;, pois em sua opini\u00e3o &#8220;reduziu n\u00e3o s\u00f3 a desigualdade funcional da renda, mas tamb\u00e9m as desigualdades de ra\u00e7a e g\u00eanero, j\u00e1 que a\u00a0maioria dos trabalhadores que recebem sal\u00e1rio m\u00ednimo s\u00e3o os mais pobres. E\u00a0a pobreza no Brasil \u00e9 essencialmente negra e feminina&#8221;.<\/p>\n<p>&#8220;O sal\u00e1rio m\u00ednimo \u00e9 tamb\u00e9m o piso de refer\u00eancia dos benef\u00edcios da seguridade social, al\u00e9m de ser um instrumento importante de regula\u00e7\u00e3o macro-econ\u00f4mica&#8221;, elenca Juliane Furno, ao destacar que o cen\u00e1rio atual estaria ainda pior caso a pol\u00edtica de valoriza\u00e7\u00e3o do sal\u00e1rio m\u00ednimo n\u00e3o tivesse existido. &#8220;Infelizmente est\u00e1 sendo desmontada&#8221;, aponta.<\/p>\n<p>Atualmente,\u00a0<a href=\"https:\/\/www.dieese.org.br\/notatecnica\/2021\/notaTec265SalarioMinimo.html\" target=\"_blank\" rel=\"noopener noreferrer\">conforme mostra o Dieese<\/a>, esse poder de compra que permite a um trabalhador que recebe R$1212 por m\u00eas adquirir menos que duas cestas b\u00e1sicas \u00e9 o menor da m\u00e9dia entre 2008 e 2020.\u00a0<\/p>\n<p><strong>Fonte: Brasil de Fato<\/strong><\/p>\n","protected":false},"excerpt":{"rendered":"<p>Come\u00e7a mais um ano e, diante de uma crise financeira que faz com que\u00a027,7 milh\u00f5es de pessoas no Brasil estejam vivendo abaixo da linha da pobreza, os olhos e os bolsos dos trabalhadores se voltam ao an\u00fancio do reajuste do sal\u00e1rio m\u00ednimo.\u00a0\u00a0 Pelo terceiro ano seguido, no entanto, o governo Bolsonaro (PL) alterou o valor [&hellip;]<\/p>\n","protected":false},"author":2,"featured_media":11986,"comment_status":"","ping_status":"","sticky":false,"template":"","format":"standard","meta":{"footnotes":""},"categories":[3],"tags":[],"class_list":["post-11987","post","type-post","status-publish","format-standard","has-post-thumbnail","hentry","category-noticias"],"_links":{"self":[{"href":"https:\/\/hostnetart.com.br\/baixada\/wp-json\/wp\/v2\/posts\/11987","targetHints":{"allow":["GET"]}}],"collection":[{"href":"https:\/\/hostnetart.com.br\/baixada\/wp-json\/wp\/v2\/posts"}],"about":[{"href":"https:\/\/hostnetart.com.br\/baixada\/wp-json\/wp\/v2\/types\/post"}],"author":[{"embeddable":true,"href":"https:\/\/hostnetart.com.br\/baixada\/wp-json\/wp\/v2\/users\/2"}],"replies":[{"embeddable":true,"href":"https:\/\/hostnetart.com.br\/baixada\/wp-json\/wp\/v2\/comments?post=11987"}],"version-history":[{"count":0,"href":"https:\/\/hostnetart.com.br\/baixada\/wp-json\/wp\/v2\/posts\/11987\/revisions"}],"wp:featuredmedia":[{"embeddable":true,"href":"https:\/\/hostnetart.com.br\/baixada\/wp-json\/wp\/v2\/media\/11986"}],"wp:attachment":[{"href":"https:\/\/hostnetart.com.br\/baixada\/wp-json\/wp\/v2\/media?parent=11987"}],"wp:term":[{"taxonomy":"category","embeddable":true,"href":"https:\/\/hostnetart.com.br\/baixada\/wp-json\/wp\/v2\/categories?post=11987"},{"taxonomy":"post_tag","embeddable":true,"href":"https:\/\/hostnetart.com.br\/baixada\/wp-json\/wp\/v2\/tags?post=11987"}],"curies":[{"name":"wp","href":"https:\/\/api.w.org\/{rel}","templated":true}]}}