{"id":11985,"date":"2022-01-10T17:47:24","date_gmt":"2022-01-10T20:47:24","guid":{"rendered":"https:\/\/hostnetart.com.br\/baixada\/calendario-de-pagamento-do-abono-pis-pasep-e-aprovado-confira\/"},"modified":"2022-01-10T17:47:24","modified_gmt":"2022-01-10T20:47:24","slug":"calendario-de-pagamento-do-abono-pis-pasep-e-aprovado-confira","status":"publish","type":"post","link":"https:\/\/hostnetart.com.br\/baixada\/calendario-de-pagamento-do-abono-pis-pasep-e-aprovado-confira\/","title":{"rendered":"Calend\u00e1rio de pagamento do abono PIS\/Pasep \u00e9 aprovado. Confira"},"content":{"rendered":"<p>O calend\u00e1rio de pagamentos do abono salarial do PIS\/Pasep referente a 2020 foi aprovado pelo Conselho de Desenvolvimento do Fundo do Amparo ao Trabalhador (Codefat), na \u00faltima nesta sexta-feira (7). \u00a0<\/p>\n<p>O cronograma prev\u00ea o in\u00edcio do pagamento em 8 de fevereiro para quem recebe valores do programa de Integra\u00e7\u00e3o Social (PIS) e 15 do mesmo m\u00eas para servidores p\u00fablicos beneficiados pelo Programa de Forma\u00e7\u00e3o do Patrim\u00f4nio do Servidor P\u00fablico (Pasep). No total, cerca de 23 milh\u00f5es de trabalhadores receber\u00e3o um total de aproximadamente R$ 21 milh\u00f5es.\u00a0<\/p>\n<p class=\"ckeditor-subtitle\"><span style=\"text-decoration: underline;\">Quem pode receber?\u00a0<\/span><\/p>\n<p>Aqueles que t\u00eam direito ao abono salarial s\u00e3o os trabalhadores que exerceram qualquer atividade remunerada por mais de 30 dias em 2020, com carteira assina e recebe at\u00e9 dois sal\u00e1rios m\u00ednimos por m\u00eas R$ 2.424. Estar inscrito no PIS-Pasep por pelo menos cinco anos e ter os dados atualizados na Rela\u00e7\u00e3o Anual de Informa\u00e7\u00f5es Sociais (Rais) pelo empregador tamb\u00e9m s\u00e3o requisitos. \u00a0<\/p>\n<p>O valor do abandono depende da quantidade de meses em que o trabalhador esteve empregado com carteira assinada em 2020, n\u00e3o ultrapassando o valor de um sal\u00e1rio m\u00ednimo (R$ 1.212).\u00a0<\/p>\n<p class=\"ckeditor-subtitle\"><span style=\"text-decoration: underline;\">Fundo PIS\/Pasep \u00a0<\/span><\/p>\n<p>Entre 1971 e 4 de outubro de 1988, as empresas e \u00f3rg\u00e3os p\u00fablicos transferiam um valor no fundo PIS\/Pasep em nome de cada um dos funcion\u00e1rios. O saque, no entanto, s\u00f3 era liberado em caso de aposentadoria, doen\u00e7a grave ou ao completar 70 anos. O Fundo foi descontinuado pela Constitui\u00e7\u00e3o Federal de 1988, mas isso n\u00e3o trouxe efeito para o pagamento do abono salarial. \u00a0<\/p>\n<p>O abono do PIS\/Pasep \u00e9 um benef\u00edcio que concede at\u00e9 R$1.212 para pessoas que possuem contrato com carteira assinada h\u00e1, pelo menos, cinco anos, como colocado acima. S\u00f3 recebe o valor total, dois sal\u00e1rios m\u00ednimos, quem trabalhou os 12 meses do ano anterior. Trabalhadores do setor p\u00fablico recebem o Pasep, por meio do n\u00famero final da inscri\u00e7\u00e3o; do setor privado pelo PIS, por meio do m\u00eas de nascimento.\u00a0<\/p>\n<p class=\"ckeditor-subtitle\"><strong>Confira o calend\u00e1rio\u00a0<\/strong><\/p>\n<p class=\"ckeditor-subtitle\">PIS\u00a0<\/p>\n<p>Janeiro: 8 de fevereiro \u00a0<br \/>Fevereiro 10 de fevereiro \u00a0<br \/>Mar\u00e7o 15 de fevereiro\u00a0<br \/>Abril 17 de fevereiro \u00a0<br \/>Maio 22 de fevereiro \u00a0<br \/>Junho 24 de fevereiro\u00a0<br \/>Julho 15 de mar\u00e7o\u00a0<br \/>Agosto 17 de mar\u00e7o \u00a0<br \/>Setembro 22 de mar\u00e7o\u00a0<br \/>Outubro 24 de mar\u00e7o\u00a0<\/p>\n<p class=\"ckeditor-subtitle\">Pasep \u00a0<\/p>\n<p>0 e 1: 15 de fevereiro \u00a0<br \/>2 e 3: 17 de fevereiro \u00a0<br \/>4: 22 de fevereiro \u00a0<br \/>5: 24 de fevereiro \u00a0<br \/>6: 15 de mar\u00e7o\u00a0<br \/>7: 17 de mar\u00e7o \u00a0<br \/>8: 22 de mar\u00e7o\u00a0<br \/>9: 24 de mar\u00e7o\u00a0<\/p>\n<p><strong>Fonte: Brasil de fato<\/strong><\/p>\n","protected":false},"excerpt":{"rendered":"<p>O calend\u00e1rio de pagamentos do abono salarial do PIS\/Pasep referente a 2020 foi aprovado pelo Conselho de Desenvolvimento do Fundo do Amparo ao Trabalhador (Codefat), na \u00faltima nesta sexta-feira (7). \u00a0 O cronograma prev\u00ea o in\u00edcio do pagamento em 8 de fevereiro para quem recebe valores do programa de Integra\u00e7\u00e3o Social (PIS) e 15 do [&hellip;]<\/p>\n","protected":false},"author":2,"featured_media":11984,"comment_status":"","ping_status":"","sticky":false,"template":"","format":"standard","meta":{"footnotes":""},"categories":[3],"tags":[],"class_list":["post-11985","post","type-post","status-publish","format-standard","has-post-thumbnail","hentry","category-noticias"],"_links":{"self":[{"href":"https:\/\/hostnetart.com.br\/baixada\/wp-json\/wp\/v2\/posts\/11985","targetHints":{"allow":["GET"]}}],"collection":[{"href":"https:\/\/hostnetart.com.br\/baixada\/wp-json\/wp\/v2\/posts"}],"about":[{"href":"https:\/\/hostnetart.com.br\/baixada\/wp-json\/wp\/v2\/types\/post"}],"author":[{"embeddable":true,"href":"https:\/\/hostnetart.com.br\/baixada\/wp-json\/wp\/v2\/users\/2"}],"replies":[{"embeddable":true,"href":"https:\/\/hostnetart.com.br\/baixada\/wp-json\/wp\/v2\/comments?post=11985"}],"version-history":[{"count":0,"href":"https:\/\/hostnetart.com.br\/baixada\/wp-json\/wp\/v2\/posts\/11985\/revisions"}],"wp:featuredmedia":[{"embeddable":true,"href":"https:\/\/hostnetart.com.br\/baixada\/wp-json\/wp\/v2\/media\/11984"}],"wp:attachment":[{"href":"https:\/\/hostnetart.com.br\/baixada\/wp-json\/wp\/v2\/media?parent=11985"}],"wp:term":[{"taxonomy":"category","embeddable":true,"href":"https:\/\/hostnetart.com.br\/baixada\/wp-json\/wp\/v2\/categories?post=11985"},{"taxonomy":"post_tag","embeddable":true,"href":"https:\/\/hostnetart.com.br\/baixada\/wp-json\/wp\/v2\/tags?post=11985"}],"curies":[{"name":"wp","href":"https:\/\/api.w.org\/{rel}","templated":true}]}}