{"id":11981,"date":"2022-01-10T17:40:59","date_gmt":"2022-01-10T20:40:59","guid":{"rendered":"https:\/\/hostnetart.com.br\/baixada\/cee-caixa-reivindica-afastamento-de-empregados-com-atestado\/"},"modified":"2022-01-10T17:40:59","modified_gmt":"2022-01-10T20:40:59","slug":"cee-caixa-reivindica-afastamento-de-empregados-com-atestado","status":"publish","type":"post","link":"https:\/\/hostnetart.com.br\/baixada\/cee-caixa-reivindica-afastamento-de-empregados-com-atestado\/","title":{"rendered":"CEE\/Caixa reivindica afastamento de empregados com atestado"},"content":{"rendered":"<p>A Comiss\u00e3o Executiva dos Empregados da Caixa (CEE\/ Caixa)\u00a0<a href=\"https:\/\/contrafcut.com.br\/wp-content\/uploads\/2022\/01\/ofcontraf00822-1.pdf\" target=\"_blank\" rel=\"noopener noreferrer\">enviou um of\u00edcio, na tarde de sexta-feira (7),<\/a>\u00a0em protesto quanto ao n\u00e3o afastamento de trabalhadores doentes de suas atividades laborais, bem como solicitar que seja emitida orienta\u00e7\u00e3o nacional urgente a fim de garantir o afastamento das atividades de todo(a) empregado(a) que apresente atestado m\u00e9dico.<\/p>\n<p>\u201cAs entidades sindicais receberam den\u00fancias que os trabalhadores atendidos no teleatendimento do Sa\u00fade Caixa, apesar de estarem de atestado m\u00e9dico, est\u00e3o sendo direcionados para o trabalho telepresencial. Ora, independentemente da doen\u00e7a identificada, o trabalhador de atestado m\u00e9dico deve ser sumariamente afastado do trabalho, enquanto perdurar o per\u00edodo do atestado m\u00e9dico\u201d, afirmou Fabiana Uehara Proscholdt, coordenadora da CEE\/ Caixa e secret\u00e1ria da Cultura da Confedera\u00e7\u00e3o Nacional dos Trabalhadores do Ramo Financeiro (Contraf-CUT).<\/p>\n<p>\u201cO atestado m\u00e9dico \u00e9 concedido a quem estiver doente e garante a licen\u00e7a m\u00e9dica para a plena e adequada recupera\u00e7\u00e3o de sua sa\u00fade. Cabe destacar que os afastamentos de at\u00e9 15 dias s\u00e3o \u00f4nus da empresa, apenas per\u00edodos superiores a 15 dias s\u00e3o encaminhados ao INSS\u201d, completou.<\/p>\n<p><strong>Fonte: Contraf-CUT<\/strong><\/p>\n","protected":false},"excerpt":{"rendered":"<p>A Comiss\u00e3o Executiva dos Empregados da Caixa (CEE\/ Caixa)\u00a0enviou um of\u00edcio, na tarde de sexta-feira (7),\u00a0em protesto quanto ao n\u00e3o afastamento de trabalhadores doentes de suas atividades laborais, bem como solicitar que seja emitida orienta\u00e7\u00e3o nacional urgente a fim de garantir o afastamento das atividades de todo(a) empregado(a) que apresente atestado m\u00e9dico. \u201cAs entidades sindicais [&hellip;]<\/p>\n","protected":false},"author":2,"featured_media":11980,"comment_status":"","ping_status":"","sticky":false,"template":"","format":"standard","meta":{"footnotes":""},"categories":[3],"tags":[],"class_list":["post-11981","post","type-post","status-publish","format-standard","has-post-thumbnail","hentry","category-noticias"],"_links":{"self":[{"href":"https:\/\/hostnetart.com.br\/baixada\/wp-json\/wp\/v2\/posts\/11981","targetHints":{"allow":["GET"]}}],"collection":[{"href":"https:\/\/hostnetart.com.br\/baixada\/wp-json\/wp\/v2\/posts"}],"about":[{"href":"https:\/\/hostnetart.com.br\/baixada\/wp-json\/wp\/v2\/types\/post"}],"author":[{"embeddable":true,"href":"https:\/\/hostnetart.com.br\/baixada\/wp-json\/wp\/v2\/users\/2"}],"replies":[{"embeddable":true,"href":"https:\/\/hostnetart.com.br\/baixada\/wp-json\/wp\/v2\/comments?post=11981"}],"version-history":[{"count":0,"href":"https:\/\/hostnetart.com.br\/baixada\/wp-json\/wp\/v2\/posts\/11981\/revisions"}],"wp:featuredmedia":[{"embeddable":true,"href":"https:\/\/hostnetart.com.br\/baixada\/wp-json\/wp\/v2\/media\/11980"}],"wp:attachment":[{"href":"https:\/\/hostnetart.com.br\/baixada\/wp-json\/wp\/v2\/media?parent=11981"}],"wp:term":[{"taxonomy":"category","embeddable":true,"href":"https:\/\/hostnetart.com.br\/baixada\/wp-json\/wp\/v2\/categories?post=11981"},{"taxonomy":"post_tag","embeddable":true,"href":"https:\/\/hostnetart.com.br\/baixada\/wp-json\/wp\/v2\/tags?post=11981"}],"curies":[{"name":"wp","href":"https:\/\/api.w.org\/{rel}","templated":true}]}}