{"id":11975,"date":"2022-01-07T17:12:41","date_gmt":"2022-01-07T20:12:41","guid":{"rendered":"https:\/\/hostnetart.com.br\/baixada\/o-que-voce-precisa-saber-das-novas-regras-da-reforma-da-previdencia-para-2022\/"},"modified":"2022-01-07T17:12:41","modified_gmt":"2022-01-07T20:12:41","slug":"o-que-voce-precisa-saber-das-novas-regras-da-reforma-da-previdencia-para-2022","status":"publish","type":"post","link":"https:\/\/hostnetart.com.br\/baixada\/o-que-voce-precisa-saber-das-novas-regras-da-reforma-da-previdencia-para-2022\/","title":{"rendered":"O que voc\u00ea precisa saber das novas regras da reforma da previd\u00eancia para 2022?"},"content":{"rendered":"<p>Quem est\u00e1 prestes a se aposentar precisa ficar ligado. A\u00a0<a href=\"https:\/\/www.brasildefato.com.br\/2019\/10\/22\/reforma-da-previdencia-e-aprovada-e-aposentadoria-fica-mais-dificil-para-trabalhador\" target=\"_blank\" rel=\"noopener noreferrer\">reforma da Previd\u00eancia, aprovada em 2019<\/a>, estabeleceu regras autom\u00e1ticas de transi\u00e7\u00e3o, que tornam mais r\u00edgida a concess\u00e3o de benef\u00edcios a cada ano.<\/p>\n<p>As mudan\u00e7as valem para quem j\u00e1 estava no mercado de trabalho no momento da promulga\u00e7\u00e3o da Emenda Constitucional, feita no segundo ano do governo Bolsonaro.\u00a0\u00a0<\/p>\n<p class=\"ckeditor-subtitle\"><span style=\"text-decoration: underline;\">Aposentadoria por idade\u00a0<\/span><\/p>\n<p>Desde que a reforma foi aprovada, a cada ano que passa s\u00e3o acrescidos seis meses na idade m\u00ednima em que as mulheres podem se aposentar. Antes era de 60 anos e agora, a partir de 2022, \u00e9 de 61 anos e meio.\u00a0\u00a0<\/p>\n<p>Para os homens, desde 2019 foi fixado que \u00e9 preciso ter ao menos 65 anos para se aposentar por idade. Para ambos os sexos, \u00e9 preciso que a contribui\u00e7\u00e3o \u00e0 previd\u00eancia tenha sido feita por ao menos 15 anos.\u00a0\u00a0<\/p>\n<p class=\"ckeditor-subtitle\"><span style=\"text-decoration: underline;\">Aposentadoria por tempo de contribui\u00e7\u00e3o\u00a0<\/span><\/p>\n<p>As mudan\u00e7as nas regras da aposentadoria por tempo de contribui\u00e7\u00e3o s\u00e3o, para o economista e professor da Unicamp Eduardo Fagnani, as mais graves.\u00a0\u00a0<\/p>\n<p>Para essa modalidade s\u00e3o contabilizados pontos, que s\u00e3o a soma da idade da pessoa com o tempo de contribui\u00e7\u00e3o.\u00a0\u00a0<\/p>\n<p>A transi\u00e7\u00e3o da reforma da previd\u00eancia aumenta, a cada ano, um ponto do total exigido para que a pessoa tenha acesso ao direito de se aposentar. De 2021 para 2022, a exig\u00eancia no caso das mulheres passou de 88 para 89 pontos e, no caso dos homens, de 98 para 99 pontos.\u00a0<\/p>\n<p>Esse crescimento anual seguir\u00e1 nos pr\u00f3ximos 11 anos, at\u00e9 o momento em que ser\u00e3o exigidos 100 pontos para as mulheres e 105 aos homens.\u00a0<\/p>\n<p>Uma segunda op\u00e7\u00e3o de aposentadoria por tempo de contribui\u00e7\u00e3o prev\u00ea uma idade m\u00ednima menor para aquelas pessoas que t\u00eam um longo tempo de contribui\u00e7\u00e3o.\u00a0\u00a0<\/p>\n<p>Essa op\u00e7\u00e3o vai sofrer, tamb\u00e9m, um acr\u00e9scimo de seis meses na idade m\u00ednima at\u00e9 2031. Agora em 2022, est\u00e1 em 57 anos e meio para mulheres e 62 anos e meio para os homens.\u00a0\u00a0<\/p>\n<p>Al\u00e9m disso, em qualquer uma dessas duas formas, \u00e9 preciso que a popula\u00e7\u00e3o feminina tenha contribu\u00eddo durante 30 anos e a masculina, durante 35.\u00a0<\/p>\n<p class=\"ckeditor-subtitle\"><span style=\"text-decoration: underline;\">Regras da previd\u00eancia descoladas do mundo do trabalho no Brasil\u00a0<\/span><\/p>\n<p>Questionado sobre as pessoas mais afetadas pelas novas regras da seguridade social, Fagnani foi categ\u00f3rico. \u201cA imensa maioria da popula\u00e7\u00e3o brasileira que \u00e9 pobre\u201d.\u00a0\u00a0<\/p>\n<p>O economista \u00e9 autor do livro\u00a0<em>Previd\u00eancia: o debate desonesto \u2013 subs\u00eddios para a a\u00e7\u00e3o social e parlamentar: pontos inaceit\u00e1veis da reforma de Bolsonaro<\/em>, publicado em 2019 pela editora Contracorrente.\u00a0<\/p>\n<p>Em sua vis\u00e3o, um dos maiores \u201cequ\u00edvocos ou crueldades\u201d das novas normas \u00e9 o fato de elas n\u00e3o considerarem a situa\u00e7\u00e3o do mercado de trabalho brasileiro, que ficou ainda mais grave com a pandemia.\u00a0<\/p>\n<p>\u201cTemos cerca de 13 milh\u00f5es de desempregados e 5 milh\u00f5es de desalentados. N\u00e3o contribuem com a previd\u00eancia. Dos que t\u00eam emprego, cerca de 40 milh\u00f5es est\u00e3o por conta pr\u00f3pria, em trabalhos prec\u00e1rios e informais. N\u00e3o contribuem\u201d, delineia Fagnani.\u00a0<\/p>\n<p>\u201cIsso significa que, nessa situa\u00e7\u00e3o, dificilmente as pessoas v\u00e3o conseguir acumular os pontos ou contribuir por 15 anos\u201d, descreve.\u00a0\u00a0<\/p>\n<p>Eduardo Fagnani calcula que, se atualmente cerca de 40 milh\u00f5es de pessoas recebem uma aposentadoria de em m\u00e9dia R$1200, e considerando que tenham um ou dois membros da fam\u00edlia que usufruem conjuntamente do benef\u00edcio, s\u00e3o de 90 a 120 milh\u00f5es de pessoas que dependem direta ou indiretamente da renda do idoso.\u00a0\u00a0<\/p>\n<p>\u201cAt\u00e9 mais do que o aux\u00edlio emergencial, foi isso o que salvou muita gente nessa pandemia\u201d, afirma.\u00a0\u00a0<\/p>\n<p>\u201cNo Brasil n\u00e3o se via, at\u00e9 recentemente, velho pedindo esmola na rua. Porque com a Constitui\u00e7\u00e3o de 1988 aprovamos um modelo de previd\u00eancia generoso no qual mais de 80% dos idosos t\u00eam como fonte de renda ao menos a previd\u00eancia. Isso n\u00e3o vai existir no futuro\u201d, alerta Fagnani. \u201cOs velhos n\u00e3o v\u00e3o mais ter a condi\u00e7\u00e3o de se aposentar\u201d.\u00a0\u00a0<\/p>\n<p>\u201cEsse \u00e9 um tema fundamental para as for\u00e7as populares e democr\u00e1ticas no Brasil\u201d, afirma o economista: \u201cAssim como a reforma trabalhista, a reforma da previd\u00eancia precisa ser revertida, amenizada. Isso \u00e9 uma tarefa para a sustenta\u00e7\u00e3o da democracia no Brasil\u201d.<\/p>\n<p><strong>Fonte: Brasil de Fato<\/strong><\/p>\n","protected":false},"excerpt":{"rendered":"<p>Quem est\u00e1 prestes a se aposentar precisa ficar ligado. A\u00a0reforma da Previd\u00eancia, aprovada em 2019, estabeleceu regras autom\u00e1ticas de transi\u00e7\u00e3o, que tornam mais r\u00edgida a concess\u00e3o de benef\u00edcios a cada ano. As mudan\u00e7as valem para quem j\u00e1 estava no mercado de trabalho no momento da promulga\u00e7\u00e3o da Emenda Constitucional, feita no segundo ano do governo [&hellip;]<\/p>\n","protected":false},"author":2,"featured_media":11974,"comment_status":"","ping_status":"","sticky":false,"template":"","format":"standard","meta":{"footnotes":""},"categories":[3],"tags":[],"class_list":["post-11975","post","type-post","status-publish","format-standard","has-post-thumbnail","hentry","category-noticias"],"_links":{"self":[{"href":"https:\/\/hostnetart.com.br\/baixada\/wp-json\/wp\/v2\/posts\/11975","targetHints":{"allow":["GET"]}}],"collection":[{"href":"https:\/\/hostnetart.com.br\/baixada\/wp-json\/wp\/v2\/posts"}],"about":[{"href":"https:\/\/hostnetart.com.br\/baixada\/wp-json\/wp\/v2\/types\/post"}],"author":[{"embeddable":true,"href":"https:\/\/hostnetart.com.br\/baixada\/wp-json\/wp\/v2\/users\/2"}],"replies":[{"embeddable":true,"href":"https:\/\/hostnetart.com.br\/baixada\/wp-json\/wp\/v2\/comments?post=11975"}],"version-history":[{"count":0,"href":"https:\/\/hostnetart.com.br\/baixada\/wp-json\/wp\/v2\/posts\/11975\/revisions"}],"wp:featuredmedia":[{"embeddable":true,"href":"https:\/\/hostnetart.com.br\/baixada\/wp-json\/wp\/v2\/media\/11974"}],"wp:attachment":[{"href":"https:\/\/hostnetart.com.br\/baixada\/wp-json\/wp\/v2\/media?parent=11975"}],"wp:term":[{"taxonomy":"category","embeddable":true,"href":"https:\/\/hostnetart.com.br\/baixada\/wp-json\/wp\/v2\/categories?post=11975"},{"taxonomy":"post_tag","embeddable":true,"href":"https:\/\/hostnetart.com.br\/baixada\/wp-json\/wp\/v2\/tags?post=11975"}],"curies":[{"name":"wp","href":"https:\/\/api.w.org\/{rel}","templated":true}]}}