{"id":11971,"date":"2022-01-07T17:07:16","date_gmt":"2022-01-07T20:07:16","guid":{"rendered":"https:\/\/hostnetart.com.br\/baixada\/cerca-de-50-dos-funcionarios-do-banco-central-ja-aderiram-ao-movimento-de-entrega-de-cargos\/"},"modified":"2022-01-07T17:07:16","modified_gmt":"2022-01-07T20:07:16","slug":"cerca-de-50-dos-funcionarios-do-banco-central-ja-aderiram-ao-movimento-de-entrega-de-cargos","status":"publish","type":"post","link":"https:\/\/hostnetart.com.br\/baixada\/cerca-de-50-dos-funcionarios-do-banco-central-ja-aderiram-ao-movimento-de-entrega-de-cargos\/","title":{"rendered":"Cerca de 50% dos funcion\u00e1rios do Banco Central j\u00e1 aderiram ao movimento de entrega de cargos"},"content":{"rendered":"<p>A mobiliza\u00e7\u00e3o de carreiras da elite do funcionalismo federal por reajuste salarial vem se amplificando no \u00e2mbito do Banco Central (BC). Em boletim divulgado nesta quinta-feira (6), o Sindicato Nacional dos Funcion\u00e1rios do BC (Sinal) informou que j\u00e1 houve ades\u00e3o de cerca de 50% do quadro \u00e0 articula\u00e7\u00e3o que busca\u00a0<a href=\"https:\/\/www.brasildefato.com.br\/2022\/01\/06\/mobilizacao-do-funcionalismo-avanca-e-mais-de-160-auditores-do-trabalho-ja-entregaram-cargos\" target=\"_blank\" rel=\"noopener noreferrer\">convencer os servidores\u00a0<\/a>comissionados a entregarem seus cargos e os demais a n\u00e3o aceitarem substitu\u00ed-los.<\/p>\n<p>O primeiro levantamento parcial, que contabiliza fun\u00e7\u00f5es entregues desde o final de 2021, quando se iniciou o movimento, mostra que cerca de 1.700 trabalhadores assinaram as listas que indicam o nome dos participantes.<\/p>\n<p><a href=\"https:\/\/www.brasildefato.com.br\/2021\/11\/29\/em-nova-renuncia-em-massa-na-educacao-52-profissionais-do-capes-se-demitem-veja-repercussao\" target=\"_blank\" rel=\"noopener noreferrer\"><strong>::Leia tamb\u00e9m |\u00a0Em nova ren\u00fancia em massa na Educa\u00e7\u00e3o, 52 profissionais da Capes se demitem; veja repercuss\u00e3o::<\/strong><\/a><\/p>\n<p>\u201cEstamos em janeiro, que \u00e9 um m\u00eas de f\u00e9rias, e mesmo assim conseguimos essa ades\u00e3o\u201d, comemora o presidente do Sinal, F\u00e1bio Faiad.<\/p>\n<p>O n\u00famero engloba tanto pessoas que j\u00e1 ocupavam fun\u00e7\u00f5es de confian\u00e7a e entregaram os cargos quanto substitutos fixos e eventuais outros suplentes que pudessem ser eventualmente\u00a0<a href=\"https:\/\/www.brasildefato.com.br\/2022\/01\/05\/uniao-de-servidores-por-aumento-pode-ser-obstaculo-para-bolsonaro-em-2022-mexeu-num-vespeiro\" target=\"_blank\" rel=\"noopener noreferrer\">convocados para assumir<\/a>\u00a0essas cadeiras.<\/p>\n<p>O sindicato ainda n\u00e3o sabe informar a quantidade espec\u00edfica de comissionados que desistiram do posto. Segundo a entidade, o levantamento \u00e9 complexo e por isso os dados mais detalhados ser\u00e3o divulgados somente no in\u00edcio da pr\u00f3xima semana, quando o grupo ser\u00e1 recebido pelo presidente da institui\u00e7\u00e3o, Roberto Campos Neto.<\/p>\n<p>Previsto para a pr\u00f3xima ter\u00e7a (11), o espa\u00e7o na agenda \u00e9 o \u00faltimo feito da mobiliza\u00e7\u00e3o. O grupo vinha se queixando da falta de canal de di\u00e1logo\u00a0<a href=\"https:\/\/www.brasildefato.com.br\/2021\/02\/08\/entenda-os-riscos-da-autonomia-do-banco-central-projeto-pode-ser-votado-nesta-terca\" target=\"_blank\" rel=\"noopener noreferrer\">com a dire\u00e7\u00e3o do banco<\/a>, que tamb\u00e9m n\u00e3o tem comentado o assunto junto \u00e0 imprensa. \u00a0<\/p>\n<p>\u201cFoi o primeiro resultado positivo desse trabalho, ent\u00e3o, a gente tem que comemorar isso\u201d, afirma Faiad.<\/p>\n<p>Os\u00a0<a href=\"https:\/\/www.brasildefato.com.br\/2021\/02\/10\/apos-forte-oposicao-autonomia-do-banco-central-e-aprovada-na-camara\" target=\"_blank\" rel=\"noopener noreferrer\">funcion\u00e1rios do Bacen\u00a0<\/a>reclamam uma corre\u00e7\u00e3o de 26,3% nos sal\u00e1rios, que sofreram o \u00faltimo aumento em 2019. O percentual demandado resulta do c\u00e1lculo da infla\u00e7\u00e3o de l\u00e1 pra c\u00e1.<\/p>\n<p>\u201cN\u00e3o \u00e9 nem aumento salarial exatamente. Nem estamos pedindo isso. Queremos pelo menos a corre\u00e7\u00e3o de acordo com a infla\u00e7\u00e3o, que \u00e9 o que todo trabalhador tem direito\u201d, argumenta Faiad.<\/p>\n<p><a href=\"https:\/\/www.brasildefato.com.br\/2022\/01\/05\/uniao-de-servidores-por-aumento-pode-ser-obstaculo-para-bolsonaro-em-2022-mexeu-num-vespeiro\" target=\"_blank\" rel=\"noopener noreferrer\"><strong>::Uni\u00e3o de servidores por aumento deve ser obst\u00e1culo para Bolsonaro em 2022: &#8220;Mexeu num vespeiro&#8221;::<\/strong><\/a><\/p>\n<p class=\"ckeditor-subtitle\"><span style=\"text-decoration: underline;\">Geral<\/span><\/p>\n<p>O movimento de entrega de cargos comissionados na administra\u00e7\u00e3o federal se d\u00e1 tamb\u00e9m em outras carreiras que pedem reajuste e outras demandas. Entre os auditores do trabalho, por exemplo, cerca de 53% dos que ocupavam postos de comando j\u00e1 desistiram das fun\u00e7\u00f5es.<\/p>\n<p>Na Receita Federal, um total de 1.237 auditores fiscais liberaram os cargos de chefia, segundo dados do Sindifisco Nacional, entidade que representa o segmento. Todos essas organiza\u00e7\u00f5es integram o F\u00f3rum Nacional Permanente de Carreiras T\u00edpicas de Estado (Fonacate), que prepara uma mobiliza\u00e7\u00e3o nacional para o pr\u00f3ximo dia 18. \u00a0<\/p>\n<p><strong>Fonte: Brasil de Fato<\/strong><\/p>\n","protected":false},"excerpt":{"rendered":"<p>A mobiliza\u00e7\u00e3o de carreiras da elite do funcionalismo federal por reajuste salarial vem se amplificando no \u00e2mbito do Banco Central (BC). Em boletim divulgado nesta quinta-feira (6), o Sindicato Nacional dos Funcion\u00e1rios do BC (Sinal) informou que j\u00e1 houve ades\u00e3o de cerca de 50% do quadro \u00e0 articula\u00e7\u00e3o que busca\u00a0convencer os servidores\u00a0comissionados a entregarem seus [&hellip;]<\/p>\n","protected":false},"author":2,"featured_media":11970,"comment_status":"","ping_status":"","sticky":false,"template":"","format":"standard","meta":{"footnotes":""},"categories":[3],"tags":[],"class_list":["post-11971","post","type-post","status-publish","format-standard","has-post-thumbnail","hentry","category-noticias"],"_links":{"self":[{"href":"https:\/\/hostnetart.com.br\/baixada\/wp-json\/wp\/v2\/posts\/11971","targetHints":{"allow":["GET"]}}],"collection":[{"href":"https:\/\/hostnetart.com.br\/baixada\/wp-json\/wp\/v2\/posts"}],"about":[{"href":"https:\/\/hostnetart.com.br\/baixada\/wp-json\/wp\/v2\/types\/post"}],"author":[{"embeddable":true,"href":"https:\/\/hostnetart.com.br\/baixada\/wp-json\/wp\/v2\/users\/2"}],"replies":[{"embeddable":true,"href":"https:\/\/hostnetart.com.br\/baixada\/wp-json\/wp\/v2\/comments?post=11971"}],"version-history":[{"count":0,"href":"https:\/\/hostnetart.com.br\/baixada\/wp-json\/wp\/v2\/posts\/11971\/revisions"}],"wp:featuredmedia":[{"embeddable":true,"href":"https:\/\/hostnetart.com.br\/baixada\/wp-json\/wp\/v2\/media\/11970"}],"wp:attachment":[{"href":"https:\/\/hostnetart.com.br\/baixada\/wp-json\/wp\/v2\/media?parent=11971"}],"wp:term":[{"taxonomy":"category","embeddable":true,"href":"https:\/\/hostnetart.com.br\/baixada\/wp-json\/wp\/v2\/categories?post=11971"},{"taxonomy":"post_tag","embeddable":true,"href":"https:\/\/hostnetart.com.br\/baixada\/wp-json\/wp\/v2\/tags?post=11971"}],"curies":[{"name":"wp","href":"https:\/\/api.w.org\/{rel}","templated":true}]}}