{"id":1197,"date":"2013-07-15T00:00:00","date_gmt":"2013-07-15T03:00:00","guid":{"rendered":"https:\/\/hostnetart.com.br\/baixada\/santander-bradesco-e-itau-projetam-emprestar-menos-aponta-relatorio\/"},"modified":"2013-07-15T00:00:00","modified_gmt":"2013-07-15T03:00:00","slug":"santander-bradesco-e-itau-projetam-emprestar-menos-aponta-relatorio","status":"publish","type":"post","link":"https:\/\/hostnetart.com.br\/baixada\/santander-bradesco-e-itau-projetam-emprestar-menos-aponta-relatorio\/","title":{"rendered":"Santander, Bradesco e Ita\u00fa projetam emprestar menos, aponta relat\u00f3rio"},"content":{"rendered":"<p><em>Carolina Mandl<br \/>Valor Econ\u00f4mico \u2013 S\u00e3o Paulo<\/em><\/p>\n<p>\u00a0<\/p>\n<p>A uma semana do in\u00edcio da temporada de balan\u00e7os de bancos, Santander Brasil, Bradesco e Ita\u00fa Unibanco come\u00e7am a relatar a investidores um cen\u00e1rio mais sombrio para o cr\u00e9dito do que aquele projetado no in\u00edcio de 2013.<\/p>\n<p>\u00a0<\/p>\n<p>O Santander Brasil cortou sua expectativa de expans\u00e3o da carteira de empr\u00e9stimos para 10% neste ano. Em janeiro, o banco previa uma alta maior, de 15%.<\/p>\n<p>\u00a0<\/p>\n<p>\u201cO banco n\u00e3o acredita que 15% de crescimento dos empr\u00e9stimos para este ano seja mais alcan\u00e7\u00e1vel \u2013 agora 10% parece um n\u00famero mais razo\u00e1vel\u201d, afirmam os analistas do BTG Pactual em relat\u00f3rio divulgado na sexta-feira (12).<\/p>\n<p>\u00a0<\/p>\n<p>Procurado pela reportagem, o Santander informou que n\u00e3o comentaria a informa\u00e7\u00e3o porque est\u00e1 no per\u00edodo de sil\u00eancio que antecede a publica\u00e7\u00e3o do balan\u00e7o no dia 30 de junho.<\/p>\n<p>\u00a0<\/p>\n<p>Em mar\u00e7o, o Santander tinha uma carteira de cr\u00e9dito de R$ 211,7 bilh\u00f5es, com um crescimento de 6,2% em rela\u00e7\u00e3o a igual m\u00eas de 2012. Na compara\u00e7\u00e3o com dezembro, o estoque tinha encolhido 0,1%.<\/p>\n<p>\u00a0<\/p>\n<p>Bradesco e Ita\u00fa Unibanco n\u00e3o chegaram a mudar suas proje\u00e7\u00f5es, mas sinalizaram a analistas que devem ficar apenas no piso do intervalo de suas expectativas.<\/p>\n<p>\u00a0<\/p>\n<p>\u201cA gest\u00e3o do banco v\u00ea agora a banda mais baixa da proje\u00e7\u00e3o como mais realiz\u00e1vel\u201d, afirma a equipe do Morgan Stanley, em rela\u00e7\u00e3o ao Bradesco, que inicia a safra de balan\u00e7os na pr\u00f3xima segunda-feira. O banco n\u00e3o comentou a informa\u00e7\u00e3o. No in\u00edcio do ano, o banco previa que seu estoque de cr\u00e9dito avan\u00e7aria entre 13% e 17%, na proje\u00e7\u00e3o mais otimista entre os tr\u00eas maiores bancos privados do pa\u00eds. Em mar\u00e7o, o cr\u00e9dito no Bradesco crescia 11,6% em 12 meses.<\/p>\n<p>\u00a0<\/p>\n<p>No in\u00edcio do ano, o Ita\u00fa Unibanco informou ao mercado que espera um crescimento entre 11% e 14% para seus empr\u00e9stimos. A proje\u00e7\u00e3o est\u00e1 mantida, mas o banco agora avalia que ficar\u00e1 no piso do intervalo. \u201cNossa expectativa \u00e9 de crescimento da carteira no n\u00edvel inferior da expectativa anunciada no in\u00edcio do ano\u201d, diz Rog\u00e9rio Calder\u00f3n, diretor de controladoria do Ita\u00fa, por meio de uma nota enviada ao Valor.<\/p>\n<p>\u00a0<\/p>\n<p>No acumulado de 12 meses at\u00e9 mar\u00e7o, a carteira do Ita\u00fa avan\u00e7ava 8,4%. \u201cO banco [Ita\u00fa] n\u00e3o est\u00e1 confort\u00e1vel em retomar o crescimento mais agressivamente, o que deveria levar a um crescimento dos empr\u00e9stimos a n\u00e3o mais do que 11% ou 12% como um todo\u201d, dizem os analistas do BTG Pactual.<\/p>\n<p>\u00a0<\/p>\n<p>A perspectiva mais negativa dos tr\u00eas maiores bancos privados do pa\u00eds se d\u00e1 poucas semanas depois de o Banco Central (BC) ter revisto para cima a previs\u00e3o de crescimento do cr\u00e9dito no pa\u00eds neste ano, de 14% para 15%.<\/p>\n<p>\u00a0<\/p>\n<p>Apesar da aparente contradi\u00e7\u00e3o, a autoridade s\u00f3 fez a mudan\u00e7a por causa da perspectiva de expans\u00e3o dos bancos p\u00fablicos. O crescimento do cr\u00e9dito nessas institui\u00e7\u00f5es deve alcan\u00e7ar 22% e n\u00e3o mais os 18% inicialmente projetados pelo BC. Para os privados nacionais, a proje\u00e7\u00e3o se manteve em 10%. Mas para os bancos de controle estrangeiro, caso do Santander, a corre\u00e7\u00e3o de rota se deu para baixo, caindo de 12% para 8% no ano.<\/p>\n<p>\u00a0<\/p>\n<p>Ainda no fechamento do primeiro trimestre, algumas institui\u00e7\u00f5es j\u00e1 consideravam a possibilidade de revisar as proje\u00e7\u00f5es divulgadas ao mercado ou de encerrar 2013 dentro do cen\u00e1rio mais pessimista que projetaram para o ano, conforme mostrou reportagem do Valor em abril.<\/p>\n<p>\u00a0<\/p>\n<p>Para alguns analistas, at\u00e9 o fim do ano, mais bancos al\u00e9m do Santander podem vir a efetivamente revisar suas proje\u00e7\u00f5es. Em an\u00e1lise, o Citi avalia que, num cen\u00e1rio de crescimento do Brasil abaixo do esperado, \u201co crescimento da carteira de cr\u00e9dito poderia ficar abaixo do projetado\u201d. A infla\u00e7\u00e3o, que al\u00e9m de consumir a renda pode levar a mais aumentos da taxa b\u00e1sica de juros, tamb\u00e9m pode deprimir as expectativas para o cr\u00e9dito dos bancos, relatam analistas.<\/p>\n<p>\u00a0<br \/>Fonte: Valor Econ\u00f4mico<\/p>\n","protected":false},"excerpt":{"rendered":"<p>Carolina MandlValor Econ\u00f4mico \u2013 S\u00e3o Paulo \u00a0 A uma semana do in\u00edcio da temporada de balan\u00e7os de bancos, Santander Brasil, Bradesco e Ita\u00fa Unibanco come\u00e7am a relatar a investidores um cen\u00e1rio mais sombrio para o cr\u00e9dito do que aquele projetado no in\u00edcio de 2013. \u00a0 O Santander Brasil cortou sua expectativa de expans\u00e3o da carteira [&hellip;]<\/p>\n","protected":false},"author":1,"featured_media":0,"comment_status":"","ping_status":"","sticky":false,"template":"","format":"standard","meta":{"footnotes":""},"categories":[3],"tags":[],"class_list":["post-1197","post","type-post","status-publish","format-standard","hentry","category-noticias"],"_links":{"self":[{"href":"https:\/\/hostnetart.com.br\/baixada\/wp-json\/wp\/v2\/posts\/1197","targetHints":{"allow":["GET"]}}],"collection":[{"href":"https:\/\/hostnetart.com.br\/baixada\/wp-json\/wp\/v2\/posts"}],"about":[{"href":"https:\/\/hostnetart.com.br\/baixada\/wp-json\/wp\/v2\/types\/post"}],"author":[{"embeddable":true,"href":"https:\/\/hostnetart.com.br\/baixada\/wp-json\/wp\/v2\/users\/1"}],"replies":[{"embeddable":true,"href":"https:\/\/hostnetart.com.br\/baixada\/wp-json\/wp\/v2\/comments?post=1197"}],"version-history":[{"count":0,"href":"https:\/\/hostnetart.com.br\/baixada\/wp-json\/wp\/v2\/posts\/1197\/revisions"}],"wp:attachment":[{"href":"https:\/\/hostnetart.com.br\/baixada\/wp-json\/wp\/v2\/media?parent=1197"}],"wp:term":[{"taxonomy":"category","embeddable":true,"href":"https:\/\/hostnetart.com.br\/baixada\/wp-json\/wp\/v2\/categories?post=1197"},{"taxonomy":"post_tag","embeddable":true,"href":"https:\/\/hostnetart.com.br\/baixada\/wp-json\/wp\/v2\/tags?post=1197"}],"curies":[{"name":"wp","href":"https:\/\/api.w.org\/{rel}","templated":true}]}}