{"id":11965,"date":"2022-01-06T13:20:37","date_gmt":"2022-01-06T16:20:37","guid":{"rendered":"https:\/\/hostnetart.com.br\/baixada\/pecuaristas-protestam-contra-o-bradesco-por-video-sobre-segunda-sem-carne\/"},"modified":"2022-01-06T13:20:37","modified_gmt":"2022-01-06T16:20:37","slug":"pecuaristas-protestam-contra-o-bradesco-por-video-sobre-segunda-sem-carne","status":"publish","type":"post","link":"https:\/\/hostnetart.com.br\/baixada\/pecuaristas-protestam-contra-o-bradesco-por-video-sobre-segunda-sem-carne\/","title":{"rendered":"Pecuaristas protestam contra o Bradesco por v\u00eddeo sobre \u2018Segunda sem carne\u2019"},"content":{"rendered":"<p>Pecuaristas realizaram churrascos em frente a ag\u00eancias do banco Bradesco em diversas cidades brasileiras, como forma de protesto contra um v\u00eddeo que sugeria a diminui\u00e7\u00e3o do consumo de carne, veiculado pela empresa no fim de 2021. As manifesta\u00e7\u00f5es, ocorridas nesta segunda-feira 3, tiveram apoio de entidades do agroneg\u00f3cio.<\/p>\n<p>O v\u00eddeo fazia parte de uma campanha do Bradesco que propunha iniciativas sustent\u00e1veis para neutralizar as emiss\u00f5es de carbono. Na pe\u00e7a, tr\u00eas mulheres citavam \u201cduas atitudes simples\u201d para reduzir impactos do efeito estufa: uma delas era comer pratos\u00a0vegetarianos \u00e0s segundas-feiras.<\/p>\n<p>\u201cA primeira \u00e9 reduzir o nosso consumo de carne e aderir \u00e0 Segunda Sem Carne\u201d, diz uma das participantes da campanha. \u201cA cria\u00e7\u00e3o de gado contribui para a emiss\u00e3o dos gases de efeito estufa. Ent\u00e3o, que tal se a gente\u00a0reduzir o nosso consumo de carne e escolher um prato vegetariano na segunda-feira?\u201d, completou. A segunda dica era a pr\u00e1tica de compostagem de lixo.<\/p>\n<p>O v\u00eddeo foi retirado do ar ap\u00f3s cr\u00edticas de pecuaristas.\u00a0Ricardo Salles, ex-ministro do Meio Ambiente, chegou a chamar a pe\u00e7a do Bradesco de \u201cpropagandazinha rid\u00edcula\u201d.<\/p>\n<p>Protestos intitulados \u201cSegunda Com Carne\u201d foram convocados por organiza\u00e7\u00f5es como o Sindicato Rural de Cuiab\u00e1, que publicou em 31 de dezembro uma nota de rep\u00fadio ao Bradesco assinada por entidades do Mato Grosso. No texto, a institui\u00e7\u00e3o classificou a pe\u00e7a do banco como \u201cdesinforma\u00e7\u00e3o\u201d e pediu \u201crespeito \u00e0 pecu\u00e1ria nacional e ao trabalho realizado pelos pecuaristas do estado\u201d.<\/p>\n<p>O Sindicato disse ainda que os modelos de produ\u00e7\u00e3o da pecu\u00e1ria brasileira \u201cutilizam pr\u00e1ticas sustent\u00e1veis, pastagens\u00a0produtivas e integra\u00e7\u00f5es para a cria\u00e7\u00e3o de bovinos que contribuem positivamente para o balan\u00e7o de carbono\u201d.<\/p>\n<p>Churrascos foram registrados nas redes sociais em cidades como Cuiab\u00e1 (MT), Ribeir\u00e3o Preto (SP), Birigui (SP), Ara\u00e7atuba (SP), Presidente\u00a0Prudente (SP), Goi\u00e2nia (GO) e Rio Verde (GO).<\/p>\n<p>No cal\u00e7ad\u00e3o de Presidente Prudente, dois mil espetinhos foram distribu\u00eddos para os transeuntes. Em Goi\u00e2nia, um dos participantes registrou em v\u00eddeo: \u201cTem churrasquinho de frango, tem de picanha,\u00a0contrafil\u00e9, tem linguicinha, tem tudo\u201d.<\/p>\n<p>Figuras pol\u00edticas manifestaram apoio ao movimento. O deputado estadual de S\u00e3o Paulo Frederico D\u2019\u00c1vila (PSL) escreveu em sua rede social: \u201cQue o banco aprenda a n\u00e3o se intrometer nos nossos costumes e h\u00e1bitos\u00a0alimentares e a deixar de disseminar mentiras sobre o agro\u201d.<\/p>\n<p><span style=\"text-decoration: underline;\">Bradesco se retrata e diz que v\u00eddeo \u00e9 descabido<\/span><\/p>\n<p>Em nota nesta segunda-feira 3, o Bradesco disse apoiar o setor agropecu\u00e1rio e se disse \u201co maior banco privado do agroneg\u00f3cio h\u00e1 d\u00e9cadas\u201d. O banco tem programas de incentivo especiais ao agroneg\u00f3cio e\u00a0realiza promo\u00e7\u00f5es para a contrata\u00e7\u00e3o de cr\u00e9ditos a ruralistas.<\/p>\n<p>\u201cO Bradesco reitera seu apoio e cren\u00e7a irrestrita ao setor agropecu\u00e1rio. H\u00e1 d\u00e9cadas \u00e9 o maior banco privado do agroneg\u00f3cio. Foram a Pecplan e a Funda\u00e7\u00e3o Bradesco, com o apoio de seus\u00a0t\u00e9cnicos, que implantaram e capacitaram milhares de agropecuaristas a fazer insemina\u00e7\u00e3o artificial. Com isso, contribuiu decisivamente para a pecu\u00e1ria alcan\u00e7ar o atual e reconhecido n\u00edvel de excel\u00eancia mundial\u201d, diz o posicionamento oficial.<\/p>\n<p>Em 24 de dezembro, o Bradesco enviou uma \u201ccarta aberta ao agroneg\u00f3cio brasileiro\u201d em que chamou de \u201cdescabida\u201d a sugest\u00e3o das mulheres que participaram do v\u00eddeo veiculado pelo banco.<\/p>\n<p>\u201cLamentavelmente vimos uma posi\u00e7\u00e3o descabida de influenciadores digitais em rela\u00e7\u00e3o ao consumo de carne bovina, associadas \u00e0 nossa marca\u201d, declarou a empresa. \u201cImportante dizer que tal posi\u00e7\u00e3o n\u00e3o representa a vis\u00e3o desta casa em rela\u00e7\u00e3o ao consumo de carne bovina.<\/p>\n<p><span style=\"text-decoration: underline;\">Pecu\u00e1ria gera graves efeitos ambientais<\/span><\/p>\n<p>Conforme mostrou\u00a0CartaCapital, em\u00a0artigo dos jornalistas Glenn Greenwald e Vivian Mocelin, a pecu\u00e1ria sozinha \u00e9 respons\u00e1vel por 80% da devasta\u00e7\u00e3o da Amaz\u00f4nia, segundo dados do Atlas Florestal Global da Universidade de Yale. S\u00e3o cerca de 85 milh\u00f5es de bois que habitam a regi\u00e3o, de acordo com estimativa do Instituto Brasileiro de Geografia e Estat\u00edstica.<\/p>\n<p>O artigo mostra ainda que a cria\u00e7\u00e3o de animais para consumo alimentar totaliza 14,5% das emiss\u00f5es\u00a0de CO2 globais causadas pela atividade humana, com base em informa\u00e7\u00f5es de um relat\u00f3rio da Organiza\u00e7\u00e3o das Na\u00e7\u00f5es Unidas para a Agricultura e Alimenta\u00e7\u00e3o, a FAO.<\/p>\n<p>No Brasil, 72% do total de emiss\u00f5es est\u00e3o associadas a atividades do setor agropecu\u00e1rio. S\u00f3 o setor de prote\u00edna animal gera 28% dos gases de efeito estufa emitidos no Pa\u00eds. Outros 44% se devem a mudan\u00e7as no uso do solo encabe\u00e7adas pela derrubada de\u00a0floresta amaz\u00f4nica para abertura de pastagens, conforme apontam dados do Sistema de Estimativas de Emiss\u00f5es e Remo\u00e7\u00f5es de Gases de Efeito Estufa, do Observat\u00f3rio do Clima.<\/p>\n<p><strong>Fonte: Carta Capital<\/strong><\/p>\n<p>\u00a0<\/p>\n","protected":false},"excerpt":{"rendered":"<p>Pecuaristas realizaram churrascos em frente a ag\u00eancias do banco Bradesco em diversas cidades brasileiras, como forma de protesto contra um v\u00eddeo que sugeria a diminui\u00e7\u00e3o do consumo de carne, veiculado pela empresa no fim de 2021. As manifesta\u00e7\u00f5es, ocorridas nesta segunda-feira 3, tiveram apoio de entidades do agroneg\u00f3cio. O v\u00eddeo fazia parte de uma campanha [&hellip;]<\/p>\n","protected":false},"author":2,"featured_media":11964,"comment_status":"","ping_status":"","sticky":false,"template":"","format":"standard","meta":{"footnotes":""},"categories":[3],"tags":[],"class_list":["post-11965","post","type-post","status-publish","format-standard","has-post-thumbnail","hentry","category-noticias"],"_links":{"self":[{"href":"https:\/\/hostnetart.com.br\/baixada\/wp-json\/wp\/v2\/posts\/11965","targetHints":{"allow":["GET"]}}],"collection":[{"href":"https:\/\/hostnetart.com.br\/baixada\/wp-json\/wp\/v2\/posts"}],"about":[{"href":"https:\/\/hostnetart.com.br\/baixada\/wp-json\/wp\/v2\/types\/post"}],"author":[{"embeddable":true,"href":"https:\/\/hostnetart.com.br\/baixada\/wp-json\/wp\/v2\/users\/2"}],"replies":[{"embeddable":true,"href":"https:\/\/hostnetart.com.br\/baixada\/wp-json\/wp\/v2\/comments?post=11965"}],"version-history":[{"count":0,"href":"https:\/\/hostnetart.com.br\/baixada\/wp-json\/wp\/v2\/posts\/11965\/revisions"}],"wp:featuredmedia":[{"embeddable":true,"href":"https:\/\/hostnetart.com.br\/baixada\/wp-json\/wp\/v2\/media\/11964"}],"wp:attachment":[{"href":"https:\/\/hostnetart.com.br\/baixada\/wp-json\/wp\/v2\/media?parent=11965"}],"wp:term":[{"taxonomy":"category","embeddable":true,"href":"https:\/\/hostnetart.com.br\/baixada\/wp-json\/wp\/v2\/categories?post=11965"},{"taxonomy":"post_tag","embeddable":true,"href":"https:\/\/hostnetart.com.br\/baixada\/wp-json\/wp\/v2\/tags?post=11965"}],"curies":[{"name":"wp","href":"https:\/\/api.w.org\/{rel}","templated":true}]}}