{"id":11959,"date":"2022-01-05T15:46:07","date_gmt":"2022-01-05T18:46:07","guid":{"rendered":"https:\/\/hostnetart.com.br\/baixada\/bancarios-de-criciuma-sc-conquistam-lei-que-barra-tentativa-do-bradesco-de-precarizar-seguranca\/"},"modified":"2022-01-05T15:46:07","modified_gmt":"2022-01-05T18:46:07","slug":"bancarios-de-criciuma-sc-conquistam-lei-que-barra-tentativa-do-bradesco-de-precarizar-seguranca","status":"publish","type":"post","link":"https:\/\/hostnetart.com.br\/baixada\/bancarios-de-criciuma-sc-conquistam-lei-que-barra-tentativa-do-bradesco-de-precarizar-seguranca\/","title":{"rendered":"Banc\u00e1rios de Crici\u00fama (SC) conquistam lei que barra tentativa do Bradesco de precarizar seguran\u00e7a"},"content":{"rendered":"<p>Mobiliza\u00e7\u00e3o de trabalhadoras e trabalhadores e do Sindicato dos Banc\u00e1rios de Crici\u00fama resultou na aprova\u00e7\u00e3o de uma lei que desmonta a estrat\u00e9gia dos bancos privados de retirarem as portas girat\u00f3rias de prote\u00e7\u00e3o \u00e0 seguran\u00e7a dos clientes e banc\u00e1rios na C\u00e2mara dos Vereadores de Forquilhinha, sul de Santa Catarina. O Bradesco est\u00e1 usando a manobra de transformar as ag\u00eancias em \u201cunidades de neg\u00f3cio\u201d para justificar a retirada de portas eletr\u00f4nicas e, at\u00e9 mesmo, de vigilantes.<\/p>\n<p>De autoria do vereador C\u00e9lio Elias (PT), o Projeto de Lei (PL) n\u00ba 28\/2021 foi aprovado no dia 27 de dezembro, \u00faltima sess\u00e3o de 2021, alterando o Artigo 1\u00ba da lei 403\/1997, passando a ter a seguinte reda\u00e7\u00e3o: \u201c\u00c9 obrigat\u00f3ria, nas ag\u00eancias, cooperativas de cr\u00e9dito, postos de servi\u00e7os, unidades de neg\u00f3cio e demais estabelecimentos banc\u00e1rios em funcionamento no munic\u00edpio, a instala\u00e7\u00e3o de porta eletr\u00f4nica de seguran\u00e7a individualizada em todos os acessos destinados ao p\u00fablico.\u201d<\/p>\n<p>Para o diretor do Sindicato e funcion\u00e1rio do Bradesco, Magno Branco Pacheco, a aprova\u00e7\u00e3o do PL representa uma significativa vit\u00f3ria dos trabalhadores banc\u00e1rios na luta contra os abusos constantemente praticados pelos bancos, a exemplo do Bradesco. \u201cAgora n\u00f3s ganhamos for\u00e7a para buscarmos as altera\u00e7\u00f5es junto aos vereadores dos outros munic\u00edpios da nossa base\u201d, completou o dirigente.<\/p>\n<p><strong>Fonte: Contraf-CUT<\/strong><\/p>\n","protected":false},"excerpt":{"rendered":"<p>Mobiliza\u00e7\u00e3o de trabalhadoras e trabalhadores e do Sindicato dos Banc\u00e1rios de Crici\u00fama resultou na aprova\u00e7\u00e3o de uma lei que desmonta a estrat\u00e9gia dos bancos privados de retirarem as portas girat\u00f3rias de prote\u00e7\u00e3o \u00e0 seguran\u00e7a dos clientes e banc\u00e1rios na C\u00e2mara dos Vereadores de Forquilhinha, sul de Santa Catarina. O Bradesco est\u00e1 usando a manobra de [&hellip;]<\/p>\n","protected":false},"author":2,"featured_media":11958,"comment_status":"","ping_status":"","sticky":false,"template":"","format":"standard","meta":{"footnotes":""},"categories":[3],"tags":[],"class_list":["post-11959","post","type-post","status-publish","format-standard","has-post-thumbnail","hentry","category-noticias"],"_links":{"self":[{"href":"https:\/\/hostnetart.com.br\/baixada\/wp-json\/wp\/v2\/posts\/11959","targetHints":{"allow":["GET"]}}],"collection":[{"href":"https:\/\/hostnetart.com.br\/baixada\/wp-json\/wp\/v2\/posts"}],"about":[{"href":"https:\/\/hostnetart.com.br\/baixada\/wp-json\/wp\/v2\/types\/post"}],"author":[{"embeddable":true,"href":"https:\/\/hostnetart.com.br\/baixada\/wp-json\/wp\/v2\/users\/2"}],"replies":[{"embeddable":true,"href":"https:\/\/hostnetart.com.br\/baixada\/wp-json\/wp\/v2\/comments?post=11959"}],"version-history":[{"count":0,"href":"https:\/\/hostnetart.com.br\/baixada\/wp-json\/wp\/v2\/posts\/11959\/revisions"}],"wp:featuredmedia":[{"embeddable":true,"href":"https:\/\/hostnetart.com.br\/baixada\/wp-json\/wp\/v2\/media\/11958"}],"wp:attachment":[{"href":"https:\/\/hostnetart.com.br\/baixada\/wp-json\/wp\/v2\/media?parent=11959"}],"wp:term":[{"taxonomy":"category","embeddable":true,"href":"https:\/\/hostnetart.com.br\/baixada\/wp-json\/wp\/v2\/categories?post=11959"},{"taxonomy":"post_tag","embeddable":true,"href":"https:\/\/hostnetart.com.br\/baixada\/wp-json\/wp\/v2\/tags?post=11959"}],"curies":[{"name":"wp","href":"https:\/\/api.w.org\/{rel}","templated":true}]}}