{"id":11953,"date":"2022-01-03T03:19:32","date_gmt":"2022-01-03T06:19:32","guid":{"rendered":"https:\/\/hostnetart.com.br\/baixada\/mundo-subestimou-a-covid-19-e-desigualdade-piora-o-cenario\/"},"modified":"2022-01-03T03:19:32","modified_gmt":"2022-01-03T06:19:32","slug":"mundo-subestimou-a-covid-19-e-desigualdade-piora-o-cenario","status":"publish","type":"post","link":"https:\/\/hostnetart.com.br\/baixada\/mundo-subestimou-a-covid-19-e-desigualdade-piora-o-cenario\/","title":{"rendered":"Mundo subestimou a covid-19 e desigualdade piora o cen\u00e1rio"},"content":{"rendered":"<p>\u201cSubestimamos esse v\u00edrus\u201d, avalia a ONU sobre o<a href=\"https:\/\/www.redebrasilatual.com.br\/tag\/coronavirus\/\" target=\"_blank\" rel=\"noopener noreferrer\">\u00a0combate \u00e0 covid-19<\/a>. \u201cOnde erramos e o que podemos fazer para acertar daqui para frente?\u201d Essa quest\u00e3o norteia as atividades da entidade e de sua subsidi\u00e1ria Organiza\u00e7\u00e3o Mundial da Sa\u00fade (OMS). A Ag\u00eancia UN News, da ONU, elaborou uma<a href=\"https:\/\/brasil.un.org\/pt-br\/167007-subestimamos-esse-virus-avaliam-autoridades-da-onu-sobre-o-combate-covid-19\" target=\"_blank\" rel=\"noopener noreferrer\">\u00a0retrospectiva com os fracassos globais<\/a>\u00a0durante o \u00faltimo ano. Al\u00e9m de mortes evit\u00e1veis, o mundo enfrenta uma dificultade extrema diante da desigualdade vacinal. O mundo capitalista n\u00e3o divide vacinas. Enquanto sobram vacinas na Europa, a \u00c1frica sequer conseguiu imunizar 5% de sua popula\u00e7\u00e3o total.<\/p>\n<p>Um dos resultados disso \u00e9 o surgimento de novas variantes do v\u00edrus que impactam em todo o mundo. Al\u00e9m do fracasso moral da humanidade. \u201c\u00c9 profundamente injusto que a maioria dos africanos vulner\u00e1veis sejam for\u00e7ados a esperar por vacinas enquanto a seguran\u00e7a de grupos n\u00e3o priorit\u00e1rios \u00e9 garantida nos pa\u00edses ricos\u201d, condenou o chefe da OMS na \u00c1frica, Matshidiso Moeti. O secret\u00e1rio-geral da ONU, Ant\u00f3nio Guterres, tamb\u00e9m criticou in\u00fameras vezes o ego\u00edsmo e o mercantilismo vacinal, que chama de \u201cvacionalismo\u201d.<\/p>\n<p>\u201cA OMS\u00a0<a href=\"https:\/\/www.who.int\/news\/item\/12-01-2021-global-scientists-double-down-on-sars-cov-2-variants-research-at-who-hosted-forum\">profeticamente<\/a>\u00a0alertou que quanto mais tempo a humanidade leva para suprimir a propaga\u00e7\u00e3o da Covid-19, maior \u00e9 o risco de surgimento de novas variantes resistentes \u00e0s vacinas dispon\u00edveis. Tedros descreveu o cen\u00e1rio de distribui\u00e7\u00e3o desigual como um \u2018<a href=\"https:\/\/news.un.org\/en\/story\/2021\/01\/1082362\">fracasso moral catastr\u00f3fico<\/a>\u2018, e acrescentou que \u2018o pre\u00e7o desse fracasso ser\u00e1 pago com vidas e meios de subsist\u00eancia nos pa\u00edses mais pobres&#8217;\u201d, afirma a\u00a0<em>UN New<\/em>s.<\/p>\n<h2><span style=\"text-decoration: underline;\">Previs\u00f5es ignoradas<\/span><\/h2>\n<p>Ainda em julho, quando a variante delta passava por um per\u00edodo de arrefecimento, a OMS insistiu na necessidade de vacinar pa\u00edses mais pobres. Em novembro, j\u00e1 eram 5 milh\u00f5es de mortos. O diretor-geral da OMS, Tedros Adhanom,\u00a0<a href=\"https:\/\/www.redebrasilatual.com.br\/saude-e-ciencia\/2021\/09\/desigualdade-distribuicao-vacinas-dificulta-fim-pandemia\/\" target=\"_blank\" rel=\"noopener noreferrer\">culpou a desigualdade vacinal<\/a>. \u201cO cen\u00e1rio global de acesso \u00e0s vacinas \u00e9 considerado inaceit\u00e1vel (\u2026) Desafios atuais incluem as proibi\u00e7\u00f5es de exporta\u00e7\u00e3o, a prioriza\u00e7\u00e3o de acordos bilaterais por fabricantes e pa\u00edses, o cont\u00ednuo aumento da produ\u00e7\u00e3o por alguns fabricantes importantes e atrasos no pedido de aprova\u00e7\u00e3o regulat\u00f3ria. O apelo feito aos doadores e farmac\u00eauticas \u00e9 que se empenhem novamente em fornecer seu apoio e evitem mais atrasos no acesso equitativo, garantindo a transpar\u00eancia nos planos acordados para permitir que as na\u00e7\u00f5es planejem com anteced\u00eancia\u201d, disse.<\/p>\n<p>De acordo com a OMS, \u201capenas 20% de habitantes de pa\u00edses de renda baixa e m\u00e9dia-baixa receberam a primeira dose, em compara\u00e7\u00e3o com 80% nos pa\u00edses de rendas alta e m\u00e9dia-alta\u201d. J\u00e1 o cons\u00f3rcio Covax Facility, liderado pela OMS, que buscou apoio global para vacinar pa\u00edses pobres, n\u00e3o atingiu seu objetivo de 2 bilh\u00f5es de doses. \u201cEm um comunicado conjunto, as entidades que lideram a Covax pedem aos pa\u00edses ricos que compartilhem um maior n\u00famero de doses. O grupo justifica o corte da meta do mecanismo para 1,425 bilh\u00e3o de doses por fatores como restri\u00e7\u00f5es \u00e0 exporta\u00e7\u00e3o do Serum Institute da \u00cdndia, SII, tido como um importante fornecedor\u201d, informou a entidade.<\/p>\n<p><strong>Fonte: Rede Brasil Atual<\/strong><\/p>\n","protected":false},"excerpt":{"rendered":"<p>\u201cSubestimamos esse v\u00edrus\u201d, avalia a ONU sobre o\u00a0combate \u00e0 covid-19. \u201cOnde erramos e o que podemos fazer para acertar daqui para frente?\u201d Essa quest\u00e3o norteia as atividades da entidade e de sua subsidi\u00e1ria Organiza\u00e7\u00e3o Mundial da Sa\u00fade (OMS). A Ag\u00eancia UN News, da ONU, elaborou uma\u00a0retrospectiva com os fracassos globais\u00a0durante o \u00faltimo ano. Al\u00e9m de [&hellip;]<\/p>\n","protected":false},"author":2,"featured_media":11952,"comment_status":"","ping_status":"","sticky":false,"template":"","format":"standard","meta":{"footnotes":""},"categories":[3],"tags":[],"class_list":["post-11953","post","type-post","status-publish","format-standard","has-post-thumbnail","hentry","category-noticias"],"_links":{"self":[{"href":"https:\/\/hostnetart.com.br\/baixada\/wp-json\/wp\/v2\/posts\/11953","targetHints":{"allow":["GET"]}}],"collection":[{"href":"https:\/\/hostnetart.com.br\/baixada\/wp-json\/wp\/v2\/posts"}],"about":[{"href":"https:\/\/hostnetart.com.br\/baixada\/wp-json\/wp\/v2\/types\/post"}],"author":[{"embeddable":true,"href":"https:\/\/hostnetart.com.br\/baixada\/wp-json\/wp\/v2\/users\/2"}],"replies":[{"embeddable":true,"href":"https:\/\/hostnetart.com.br\/baixada\/wp-json\/wp\/v2\/comments?post=11953"}],"version-history":[{"count":0,"href":"https:\/\/hostnetart.com.br\/baixada\/wp-json\/wp\/v2\/posts\/11953\/revisions"}],"wp:featuredmedia":[{"embeddable":true,"href":"https:\/\/hostnetart.com.br\/baixada\/wp-json\/wp\/v2\/media\/11952"}],"wp:attachment":[{"href":"https:\/\/hostnetart.com.br\/baixada\/wp-json\/wp\/v2\/media?parent=11953"}],"wp:term":[{"taxonomy":"category","embeddable":true,"href":"https:\/\/hostnetart.com.br\/baixada\/wp-json\/wp\/v2\/categories?post=11953"},{"taxonomy":"post_tag","embeddable":true,"href":"https:\/\/hostnetart.com.br\/baixada\/wp-json\/wp\/v2\/tags?post=11953"}],"curies":[{"name":"wp","href":"https:\/\/api.w.org\/{rel}","templated":true}]}}