{"id":11951,"date":"2021-12-30T16:42:45","date_gmt":"2021-12-30T19:42:45","guid":{"rendered":"https:\/\/hostnetart.com.br\/baixada\/saiba-como-ajudar-as-centenas-de-milhares-de-pessoas-afetadas-pelas-enchentes-na-bahia\/"},"modified":"2021-12-30T16:42:45","modified_gmt":"2021-12-30T19:42:45","slug":"saiba-como-ajudar-as-centenas-de-milhares-de-pessoas-afetadas-pelas-enchentes-na-bahia","status":"publish","type":"post","link":"https:\/\/hostnetart.com.br\/baixada\/saiba-como-ajudar-as-centenas-de-milhares-de-pessoas-afetadas-pelas-enchentes-na-bahia\/","title":{"rendered":"Saiba como ajudar as centenas de milhares de pessoas afetadas pelas enchentes na Bahia"},"content":{"rendered":"<p>As\u00a0<a href=\"https:\/\/www.brasildefato.com.br\/2021\/12\/28\/entenda-o-que-esta-causando-as-chuvas-que-deixaram-o-sul-da-bahia-embaixo-d-agua\" target=\"_blank\" rel=\"noopener noreferrer\">enchente<\/a><a href=\"https:\/\/www.brasildefato.com.br\/2021\/12\/28\/entenda-o-que-esta-causando-as-chuvas-que-deixaram-o-sul-da-bahia-embaixo-d-agua\" target=\"_blank\" rel=\"noopener noreferrer\">s<\/a>\u00a0que atingiram a regi\u00e3o Sul da Bahia e j\u00e1 deixaram um rastro de ao menos\u00a0629 mil pessoas afetadas estimularam tamb\u00e9m uma corrente de solidariedade e apoio \u00e0s v\u00edtimas. Diferentes organiza\u00e7\u00f5es civis, igrejas, prefeituras e outros atores se mobilizam desde os \u00faltimos dias para levar \u00e1gua, mantimentos e outros donativos para as fam\u00edlias.<\/p>\n<p>O estado tem nesta quinta (30)\u00a0um total de 24\u00a0mortos e 91.258 pessoas que est\u00e3o desabrigadas ou desalojadas por conta das enxurradas que atingiram v\u00e1rias cidades. Ao todo, 136 munic\u00edpios est\u00e3o\u00a0<a href=\"https:\/\/www.brasildefato.com.br\/2021\/12\/28\/bolsonaro-viaja-de-ferias-a-sc-em-meio-a-enchentes-na-ba-estado-tem-quase-milhao-de-afetados\" target=\"_blank\" rel=\"noopener noreferrer\">em situa\u00e7\u00e3o de emerg\u00eancia<\/a>. Veja abaixo alguns exemplos de canais pelos quais \u00e9 poss\u00edvel prestar ajuda \u00e0s pessoas afetadas. \u00a0<\/p>\n<p><a href=\"https:\/\/www.brasildefato.com.br\/2021\/12\/28\/entenda-o-que-esta-causando-as-chuvas-que-deixaram-o-sul-da-bahia-embaixo-d-agua\" target=\"_blank\" rel=\"noopener noreferrer\"><strong>::Entenda o que est\u00e1 causando as chuvas que deixaram o sul da Bahia embaixo d&#8217;\u00e1gua::<\/strong><\/a><\/p>\n<p><strong>Corpo de Bombeiros<\/strong><\/p>\n<p>A corpora\u00e7\u00e3o est\u00e1 recebendo doa\u00e7\u00f5es em todos os quart\u00e9is do estado e tem alertado os seguidores nas redes sociais de que n\u00e3o recebe pix ou transfer\u00eancias banc\u00e1rias, limitando-se a donativos como alimentos, \u00e1gua pot\u00e1vel e afins. A institui\u00e7\u00e3o divulga diariamente informa\u00e7\u00f5es por meio do perfil oficial no Instagram:\u00a0<a href=\"https:\/\/www.instagram.com\/cbmba193\/\">https:\/\/www.instagram.com\/cbmba193\/<\/a>\u00a0. \u00a0<\/p>\n<p><strong>MST<\/strong><\/p>\n<p>O Movimento dos Trabalhadores Rurais sem Terra (MST) na Bahia tem\u00a0<a href=\"https:\/\/www.redebrasilatual.com.br\/cidadania\/2021\/12\/mst-doa-700-toneladas-de-alimentos-com-campanha-natal-sem-fome\/\" target=\"_blank\" rel=\"noopener noreferrer\">articulado doa\u00e7\u00f5es de alimentos\u00a0<\/a>nos seus assentamentos em diferentes lugares do estado e recebe mantimentos tamb\u00e9m da popula\u00e7\u00e3o em geral interessada em participar da campanha, que distribuiu 1.200 marmitas somente nesta ter\u00e7a-feira (28).<\/p>\n<p>\u201cO conjunto da nossa milit\u00e2ncia tem feito o esfor\u00e7o de cumprir esse papel, que \u00e9 muito importante neste momento dif\u00edcil pra popula\u00e7\u00e3o baiana. As chuvas mais recentes come\u00e7aram agora, e a perspectiva \u00e9 de que esses problemas tamb\u00e9m continuem porque muitas pessoas ainda n\u00e3o conseguem voltar pra casa, j\u00e1 que a \u00e1gua n\u00e3o baixou. \u00c9 preciso seguirmos com essas a\u00e7\u00f5es de solidariedade\u201d, afirma Evanildo Costa, da dire\u00e7\u00e3o nacional do MST na Bahia.<\/p>\n<p class=\"ckeditor-img-caption\"><img decoding=\"async\" src=\"https:\/\/images02.brasildefato.com.br\/949755ecfec02be947ae31c734b6e6b8.jpeg\" \/><br \/>Enxurrada alagou cidades, destruiu casas e deixou 136 munic\u00edpios em situa\u00e7\u00e3o de emerg\u00eancia \/ Manuella Luana\/AFP<\/p>\n<p>Os produtos s\u00e3o encaminhados para pessoas atingidas pelas enchentes nas regi\u00f5es Chapada, Baixo Sul, Sul, Sudoeste e Extremo Sul da Bahia. O MST recebe tamb\u00e9m doa\u00e7\u00f5es em dinheiro por meio do pix\u00a0<a href=\"mailto:escolaegidiobrunetto@gmail.com\">escolaegidiobrunetto@gmail.com<\/a>\u00a0, cuja conta est\u00e1 em nome de Carlos Eduardo de Souza Pereira.<\/p>\n<p>Os pontos de apoio da entidade tamb\u00e9m recebem, al\u00e9m de alimentos, colch\u00f5es, cobertores e roupas. O telefone disponibilizado pela organiza\u00e7\u00e3o para obter mais informa\u00e7\u00f5es \u00e9 o (61) 99665.0113.<\/p>\n<p><strong>Prefeitura de Itabuna<\/strong><\/p>\n<p>A Prefeitura de Itabuna, uma das cidades mais atingidas pelas fortes chuvas e onde o rio Cachoeira chegou a transbordar, recebe doa\u00e7\u00f5es em dinheiro por meio da conta corrente da Defesa Civil local. Os interessados em fazer transfer\u00eancia devem dirigir os valores para: ag\u00eancia 0070-1, C\/C 131.740-7.<\/p>\n<p>As chaves do pix s\u00e3o o e-mail\u00a0<a href=\"mailto:defesacivil@itabuna.ba.gov.br\">defesacivil@itabuna.ba.gov.br<\/a>\u00a0e o CNPJ 14.147.490\/0001-68. Mais informa\u00e7\u00f5es s\u00e3o divulgadas pela conta do munic\u00edpio no Instagram:\u00a0<a href=\"https:\/\/www.instagram.com\/prefeitura.itabuna\/\">https:\/\/www.instagram.com\/prefeitura.itabuna\/<\/a>\u00a0\u00a0<\/p>\n<p><strong>Volunt\u00e1rias Sociais da Bahia (VSBA)<\/strong><\/p>\n<p>O grupo Volunt\u00e1rias Sociais da Bahia (VSBA) promove, desde o \u00faltimo domingo (26), uma campanha para arrecadar g\u00eaneros n\u00e3o perec\u00edveis, \u00e1gua, materiais de higiene e limpeza, al\u00e9m de roupas. As doa\u00e7\u00f5es devem ser entregues na sede da VSBA, no Pal\u00e1cio da Aclama\u00e7\u00e3o, no bairro de Campo Grande, Salvador. O hor\u00e1rio de atendimento ao p\u00fablico vai das 8 horas \u00e0s 20 horas.<\/p>\n<p><strong>OAB-BA<\/strong><\/p>\n<p>A Ordem dos Advogados do Brasil na Bahia (OAB-BA) tamb\u00e9m disponibilizou a pr\u00f3pria sede para o recebimento de produtos a serem destinados \u00e0s fam\u00edlias afetadas. Podem ser doados alimentos, \u00e1gua mineral, produtos de higiene e limpeza. A institui\u00e7\u00e3o fica na Rua Port\u00e3o da Piedade, 16, no bairro Dois de Julho, em Salvador.<\/p>\n<p><strong>Cufa, Frente Nacional Antirracista e Band<\/strong><\/p>\n<p>A Central \u00danica das Favelas (Cufa) se juntou \u00e0 Frente Nacional Antirracista e ao grupo Bandeirantes em uma mobiliza\u00e7\u00e3o que arrecada dinheiro para comprar alimentos, itens de higiene e outros produtos que possam ser \u00fateis para as v\u00edtimas das enchentes.<\/p>\n<p>Os interessados podem doar por meio do pix\u00a0<a href=\"mailto:abracebahia@cufa.org.br\">abracebahia@cufa.org.br<\/a>\u00a0ou pelo site maesdafavela.com.br\/doar<\/p>\n<p><strong>Defesa Civil do DF<\/strong><\/p>\n<p>H\u00e1 tamb\u00e9m pontos de doa\u00e7\u00f5es em outros estados. Em Bras\u00edlia (DF), por exemplo, a Defesa Civil do Distrito Federal (DF) est\u00e1 mobilizada em uma campanha que recebe alimentos, cobertores, vestimentas, \u00e1gua e produtos de higiene pessoal e limpeza. O movimento come\u00e7ou nesta ter\u00e7a (28).<\/p>\n<p>Os interessados em contribuir podem deixar os produtos em qualquer unidade das Pol\u00edcias Civil e Militar, do Corpo de Bombeiros ou na sede da Defesa Civil, situada no trecho 6 do Setor de Ind\u00fastria e Abastecimento (SAI).<\/p>\n<p><strong>Campanha #SOS Quilombos<\/strong><\/p>\n<p>Em monitoramento, a Associa\u00e7\u00e3o Nacional de Quilombos para Coopera\u00e7\u00e3o &#8211; Negra Anast\u00e1cia detectou comunidades quilombolas afetadas pelas chuvas nos estados da Bahia, Minas Gerais, Goi\u00e1s e Tocantins.\u00a0<\/p>\n<p>Para contribuir na campanha de doa\u00e7\u00f5es voltadas a esses quilombos, o pix da Associa\u00e7\u00e3o \u00e9 CNPJ: 27 101 102 0001 50.<\/p>\n<p><span style=\"text-decoration: underline;\"><strong>Fonte: Brasil de Fato<\/strong><\/span><\/p>\n","protected":false},"excerpt":{"rendered":"<p>As\u00a0enchentes\u00a0que atingiram a regi\u00e3o Sul da Bahia e j\u00e1 deixaram um rastro de ao menos\u00a0629 mil pessoas afetadas estimularam tamb\u00e9m uma corrente de solidariedade e apoio \u00e0s v\u00edtimas. Diferentes organiza\u00e7\u00f5es civis, igrejas, prefeituras e outros atores se mobilizam desde os \u00faltimos dias para levar \u00e1gua, mantimentos e outros donativos para as fam\u00edlias. O estado tem [&hellip;]<\/p>\n","protected":false},"author":2,"featured_media":11950,"comment_status":"","ping_status":"","sticky":false,"template":"","format":"standard","meta":{"footnotes":""},"categories":[3],"tags":[],"class_list":["post-11951","post","type-post","status-publish","format-standard","has-post-thumbnail","hentry","category-noticias"],"_links":{"self":[{"href":"https:\/\/hostnetart.com.br\/baixada\/wp-json\/wp\/v2\/posts\/11951","targetHints":{"allow":["GET"]}}],"collection":[{"href":"https:\/\/hostnetart.com.br\/baixada\/wp-json\/wp\/v2\/posts"}],"about":[{"href":"https:\/\/hostnetart.com.br\/baixada\/wp-json\/wp\/v2\/types\/post"}],"author":[{"embeddable":true,"href":"https:\/\/hostnetart.com.br\/baixada\/wp-json\/wp\/v2\/users\/2"}],"replies":[{"embeddable":true,"href":"https:\/\/hostnetart.com.br\/baixada\/wp-json\/wp\/v2\/comments?post=11951"}],"version-history":[{"count":0,"href":"https:\/\/hostnetart.com.br\/baixada\/wp-json\/wp\/v2\/posts\/11951\/revisions"}],"wp:featuredmedia":[{"embeddable":true,"href":"https:\/\/hostnetart.com.br\/baixada\/wp-json\/wp\/v2\/media\/11950"}],"wp:attachment":[{"href":"https:\/\/hostnetart.com.br\/baixada\/wp-json\/wp\/v2\/media?parent=11951"}],"wp:term":[{"taxonomy":"category","embeddable":true,"href":"https:\/\/hostnetart.com.br\/baixada\/wp-json\/wp\/v2\/categories?post=11951"},{"taxonomy":"post_tag","embeddable":true,"href":"https:\/\/hostnetart.com.br\/baixada\/wp-json\/wp\/v2\/tags?post=11951"}],"curies":[{"name":"wp","href":"https:\/\/api.w.org\/{rel}","templated":true}]}}