{"id":1195,"date":"2013-07-15T00:00:00","date_gmt":"2013-07-15T03:00:00","guid":{"rendered":"https:\/\/hostnetart.com.br\/baixada\/manifestacao-pela-regulamentacao-da-midia-pede-respeito-a-constituicao\/"},"modified":"2013-07-15T00:00:00","modified_gmt":"2013-07-15T03:00:00","slug":"manifestacao-pela-regulamentacao-da-midia-pede-respeito-a-constituicao","status":"publish","type":"post","link":"https:\/\/hostnetart.com.br\/baixada\/manifestacao-pela-regulamentacao-da-midia-pede-respeito-a-constituicao\/","title":{"rendered":"Manifesta\u00e7\u00e3o pela regulamenta\u00e7\u00e3o da m\u00eddia pede respeito \u00e0 Constitui\u00e7\u00e3o"},"content":{"rendered":"<p>Cerca de mil manifestantes (estimativas n\u00e3o oficiais) encerraram o Dia Nacional de Lutas, organizado pelas centrais sindicais e movimentos sociais, com uma marcha pela regulamenta\u00e7\u00e3o dos meios de comunica\u00e7\u00e3o atrav\u00e9s da avenida Luis Carlos Berrini, at\u00e9 a sede da TV Globo, em S\u00e3o Paulo, no fim da tarde de quinta-feira (11).<\/p>\n<p>\u00a0<\/p>\n<p>A marcha foi marcada pela diversidade de bandeiras de movimentos, sindicatos e partidos pol\u00edticos, exigindo o fim da propriedade cruzada de empresas de m\u00eddia, a revoga\u00e7\u00e3o de concess\u00f5es pertencentes a pol\u00edticos e a regulamenta\u00e7\u00e3o do artigo 226 da Constitui\u00e7\u00e3o Federal, que trata da comunica\u00e7\u00e3o.<\/p>\n<p>\u00a0<\/p>\n<p>O coordenador do Coletivo Brasil de Comunica\u00e7\u00e3o Social Intervozes, Pedro Ekman, explicou que a reivindica\u00e7\u00e3o \u00e9 pela efetiva\u00e7\u00e3o do que j\u00e1 est\u00e1 na Carta Magna brasileira. \u201cA Constitui\u00e7\u00e3o pro\u00edbe o monop\u00f3lio e o oligop\u00f3lio. Tamb\u00e9m pro\u00edbe a propriedade cruzada, ou seja, o mesmo dono ter emissoras de r\u00e1dio e TV, revistas, jornais. Mas isso nunca foi regulamentado, n\u00e3o existe um conjunto de leis que explique o que fazer para impedir isso\u201d, disse.<\/p>\n<p>\u00a0<\/p>\n<p>Ekman afirmou que a escolha da Globo como alvo do protesto se deu por ela ser um s\u00edmbolo de tudo que se quer transformar no sistema de comunica\u00e7\u00e3o do pa\u00eds, mas n\u00e3o exclui os outros grandes grupos de comunica\u00e7\u00e3o.<\/p>\n<p>\u00a0<\/p>\n<p>\u00a0<\/p>\n<p><strong>M\u00eddia livre<\/strong><\/p>\n<p>\u00a0<\/p>\n<p>Para Ekman, falar em censura quando se coloca a necessidade de regulamentar a m\u00eddia \u00e9 um argumento empresarial para garantir o monop\u00f3lio. \u201cNos Estados Unidos e na Europa h\u00e1 regulamenta\u00e7\u00e3o. Temos um Projeto de Lei de iniciativa popular para democratizar a m\u00eddia que n\u00e3o tem uma linha que cite algum impedimento, ao contr\u00e1rio, pro\u00edbe absolutamente a censura pr\u00e9via\u201d.<\/p>\n<p>\u00a0<\/p>\n<p>Ele criticou inclusive a postura da presidenta Dilma Rousseff, ao propor os cinco pactos ap\u00f3s as manifesta\u00e7\u00f5es populares de junho, que n\u00e3o incluem a regulamenta\u00e7\u00e3o da m\u00eddia. \u201cPode se falar de tudo no Brasil, menos de democratizar a comunica\u00e7\u00e3o\u201d, afirmou.<\/p>\n<p>\u00a0<\/p>\n<p>Para o diretor do Centro de Estudos de M\u00eddia Bar\u00e3o de Itarar\u00e9, Altamiro Borges, a revolta dos manifestantes contra os meios de comunica\u00e7\u00e3o se d\u00e1 pela pr\u00f3pria forma como eles lidam com os acontecimentos.<\/p>\n<p>\u00a0<\/p>\n<p>\u201cEm um primeiro momento, no in\u00edcio das manifesta\u00e7\u00f5es do m\u00eas passado, muitos ve\u00edculos exigiram firmeza do governo estadual e da Pol\u00edcia Militar paulista contra os manifestantes. Logo em seguida, mudaram de lado, tentando pautar o movimento. As pessoas v\u00eam aqui hoje afirmar que n\u00e3o se aceita mais que apenas sete fam\u00edlias controlem a m\u00eddia e o que pode ou n\u00e3o ser dito\u201d, concluiu.<\/p>\n<p>\u00a0<\/p>\n<p>Portando faixas, cartazes e grandes bonecos representando os senadores Jos\u00e9 Sarney (PMDB-AP) e Fernando Collor (PTB-AL), que possuem concess\u00f5es de televis\u00e3o que retransmitem a TV Globo, respectivamente no Maranh\u00e3o e Alagoas, os manifestantes seguiram pacificamente pela Berrini.<\/p>\n<p>\u00a0<\/p>\n<p>Alguns colavam cartazes em paredes, muros e postes com as reivindica\u00e7\u00f5es, enquanto outros pichavam palavras de ordem pelo caminho. Ao chegar \u00e0 sede da emissora, proje\u00e7\u00f5es onde se lia \u201cGlobo Mente\u201d e \u201cGlobo Sonega\u201d foram feitas usando a fachada do pr\u00e9dio como tela<\/p>\n<p>\u00a0<\/p>\n<p>\u00a0<\/p>\n<p><strong>Processo<\/strong><\/p>\n<p>\u00a0<\/p>\n<p>O \u201csonega\u201d fazia refer\u00eancia a um processo por sonega\u00e7\u00e3o fiscal, que a emissora responderia na Receita Federal, por n\u00e3o ter declarado valores repassados \u00e0 FIFA pelos direitos de transmiss\u00e3o da Copa do Mundo de 2002. A emissora emitiu nota na tarde de ontem em que admite a exist\u00eancia do processo, mas afirma ter feito um acordo para pagamento dos tributos, estando em dia com o Fisco e amea\u00e7ando tomar medidas judiciais contra quem a acusar injustamente.<\/p>\n<p>\u00a0<\/p>\n<p>Mais cedo, um grupo de manifestantes projetou um feixe luminoso verde no est\u00fadio do jornal SPTV, que tem como fundo a ponte estaiada Ot\u00e1vio Frias de Oliveira, chegando a atingir o rosto do apresentador Carlos Tramontina.<\/p>\n<p>\u00a0<\/p>\n<p>\u201cUm grupo de cerca de 400 pessoas fazem neste momento um protesto contra a TV Globo. Eles se reuniram em uma pra\u00e7a, na Zona Sul da cidade e caminham em dire\u00e7\u00e3o \u00e0 emissora. Os manifestantes pedem a democratiza\u00e7\u00e3o da m\u00eddia e a revis\u00e3o nos contratos de concess\u00f5es p\u00fablica de TV. Eles gritam palavras de ordem contra a Globo. A manifesta\u00e7\u00e3o \u00e9 pac\u00edfica\u201d, relatou o jornalista durante o SPTV 2\u00aa Edi\u00e7\u00e3o.<\/p>\n<p>\u00a0<\/p>\n<p>\u00a0<\/p>\n<p><strong>Repress\u00e3o<\/strong><\/p>\n<p>\u00a0<\/p>\n<p>Em frente \u00e0 emissora, um grupo de 20 policiais militares do Batalh\u00e3o de Choque aguardava os manifestantes, portando bombas de efeito moral e armas com balas de borracha. Ao constatar que eles n\u00e3o estavam identificados com as tarjas que trazem os nomes no uniforme policial, alguns manifestantes come\u00e7aram a gritar \u201cditadura\u201d e \u201cPM assassina\u201d.<\/p>\n<p>\u00a0<\/p>\n<p>Questionado, o comandante da tropa, que se identificou como Major S\u00e9rgio Watanabe, tamb\u00e9m sem identifica\u00e7\u00e3o, pediu que o grupo n\u00e3o se ativesse a \u201cpicuinhas e detalhes\u201d. \u201cFoi uma pequena falha no momento em que eles se equiparam. O respons\u00e1vel sou eu\u201d, afirmou. N\u00e3o houve confronto.<\/p>\n<p>\u00a0<\/p>\n<p>Em um ato simb\u00f3lico, os manifestantes rebatizaram a Ponte Estaiada Ot\u00e1vio Frias de Oliveira, falecido propriet\u00e1rio do jornal Folha de S.Paulo, com o nome do jornalista Vladimir Herzog, morto em 1975 sob tortura de agentes da repress\u00e3o, no DOI-Codi paulista. \u00c0 \u00e9poca, ele era diretor de jornalismo da TV Cultura.<\/p>\n<p>\u00a0<\/p>\n<p>Fonte: Rodrigo Gomes \u2013 Rede Brasil Atual<\/p>\n","protected":false},"excerpt":{"rendered":"<p>Cerca de mil manifestantes (estimativas n\u00e3o oficiais) encerraram o Dia Nacional de Lutas, organizado pelas centrais sindicais e movimentos sociais, com uma marcha pela regulamenta\u00e7\u00e3o dos meios de comunica\u00e7\u00e3o atrav\u00e9s da avenida Luis Carlos Berrini, at\u00e9 a sede da TV Globo, em S\u00e3o Paulo, no fim da tarde de quinta-feira (11). \u00a0 A marcha foi [&hellip;]<\/p>\n","protected":false},"author":1,"featured_media":0,"comment_status":"","ping_status":"","sticky":false,"template":"","format":"standard","meta":{"footnotes":""},"categories":[3],"tags":[],"class_list":["post-1195","post","type-post","status-publish","format-standard","hentry","category-noticias"],"_links":{"self":[{"href":"https:\/\/hostnetart.com.br\/baixada\/wp-json\/wp\/v2\/posts\/1195","targetHints":{"allow":["GET"]}}],"collection":[{"href":"https:\/\/hostnetart.com.br\/baixada\/wp-json\/wp\/v2\/posts"}],"about":[{"href":"https:\/\/hostnetart.com.br\/baixada\/wp-json\/wp\/v2\/types\/post"}],"author":[{"embeddable":true,"href":"https:\/\/hostnetart.com.br\/baixada\/wp-json\/wp\/v2\/users\/1"}],"replies":[{"embeddable":true,"href":"https:\/\/hostnetart.com.br\/baixada\/wp-json\/wp\/v2\/comments?post=1195"}],"version-history":[{"count":0,"href":"https:\/\/hostnetart.com.br\/baixada\/wp-json\/wp\/v2\/posts\/1195\/revisions"}],"wp:attachment":[{"href":"https:\/\/hostnetart.com.br\/baixada\/wp-json\/wp\/v2\/media?parent=1195"}],"wp:term":[{"taxonomy":"category","embeddable":true,"href":"https:\/\/hostnetart.com.br\/baixada\/wp-json\/wp\/v2\/categories?post=1195"},{"taxonomy":"post_tag","embeddable":true,"href":"https:\/\/hostnetart.com.br\/baixada\/wp-json\/wp\/v2\/tags?post=1195"}],"curies":[{"name":"wp","href":"https:\/\/api.w.org\/{rel}","templated":true}]}}