{"id":11949,"date":"2021-12-30T16:40:06","date_gmt":"2021-12-30T19:40:06","guid":{"rendered":"https:\/\/hostnetart.com.br\/baixada\/salario-minimo-de-2022-segue-desvalorizado-maus-pressagios-para-a-economia\/"},"modified":"2021-12-30T16:40:06","modified_gmt":"2021-12-30T19:40:06","slug":"salario-minimo-de-2022-segue-desvalorizado-maus-pressagios-para-a-economia","status":"publish","type":"post","link":"https:\/\/hostnetart.com.br\/baixada\/salario-minimo-de-2022-segue-desvalorizado-maus-pressagios-para-a-economia\/","title":{"rendered":"Sal\u00e1rio m\u00ednimo de 2022 segue desvalorizado. Maus press\u00e1gios para a economia"},"content":{"rendered":"<p>A proposta de Or\u00e7amento da Uni\u00e3o prev\u00ea o valor de R$ 1.210 para o sal\u00e1rio m\u00ednimo a partir de janeiro de 2022. O valor inclui um reajuste de pouco mais de 10%, baseado no \u00edndice Nacional de Pre\u00e7os ao Consumidor (INPC), a infla\u00e7\u00e3o oficial estimada para todo este ano. Acontece que o INPC s\u00f3 ser\u00e1 conhecido em 11 de janeiro, o que pode implicar em algum pequeno desvio decimal entre o previsto e o consolidado. O que importa , por\u00e9m, \u00e9 que, pelo terceiro ano consecutivo, o sal\u00e1rio m\u00ednimo n\u00e3o ter\u00e1 aumento real. E como as previs\u00f5es de infla\u00e7\u00e3o do governo n\u00e3o t\u00eam batido com a realidade, o piso nacional corre o risco de ficar at\u00e9 abaixo da infla\u00e7\u00e3o.<\/p>\n<p>Para se ter ideia da import\u00e2ncia desse mecanismo de recomposi\u00e7\u00e3o da renda, \u00e9 preciso saber o que a lei define como sal\u00e1rio m\u00ednimo. A Constitui\u00e7\u00e3o Federal de 1988, no cap\u00edtulo dos Direitos Sociais, define que o sal\u00e1rio m\u00ednimo deve cobrir todas as necessidades do trabalhador e de sua fam\u00edlia, deve ser unificado em todo o territ\u00f3rio nacional e ser reajustado periodicamente para garantir seu poder aquisitivo. (<a href=\"https:\/\/www.dieese.org.br\/notatecnica\/2005\/notatecSMIF.pdf\" target=\"_blank\" rel=\"noopener noreferrer\">Para conhecer melhor essa hist\u00f3ria visite a p\u00e1gina do Dieese.<\/a>)<\/p>\n<h2>Custa a subir, cai rapidamente<\/h2>\n<p>Mas, entre os anos 1970 e 1990, a infla\u00e7\u00e3o devorou o poder de compra do sal\u00e1rio m\u00ednimo, dificultando que esse papel constitucional fosse cumprido. Para que isso um dia venha a se concretizar, \u00e9 preciso promover gradualmente, a cada ano, aumentos reais (acima da infla\u00e7\u00e3o). Era o que vinha ocorrendo desde 2003 (primeiro ano do governo Lula) at\u00e9 2019 (primeiro ano do governo Bolsonaro).<\/p>\n<p class=\"has-background\"><a href=\"https:\/\/www.redebrasilatual.com.br\/economia\/2021\/12\/preco-cesta-basica-sobe-salario-minimo\/\" target=\"_blank\" rel=\"noopener noreferrer\"><strong>Pre\u00e7o da cesta b\u00e1sica sobe em todo o pa\u00eds e custa quase 60% de um sal\u00e1rio m\u00ednimo<\/strong><\/a><\/p>\n<p>Nesse per\u00edodo, uma pol\u00edtica de valoriza\u00e7\u00e3o do sal\u00e1rio m\u00ednimo conseguiu assegurar ganhos de 78% acima da infla\u00e7\u00e3o. De acordo com o soci\u00f3logo Clemente Ganz L\u00facio, ex-diretor t\u00e9cnico do Dieese, isso representou a entrada de R$ 250 bilh\u00f5es ao ano na economia brasileira. Ou seja: esse montante entrava no bolso dos trabalhadores, e se transformava em consumo das fam\u00edlias. Por sua vez, esses recursos abasteciam o com\u00e9rcio, mantinham as encomendas da ind\u00fastria e do agroneg\u00f3cio \u2013 todos criavam empregos \u2013 e faziam a roda da economia girar.<\/p>\n<p>Por exemplo, em janeiro de 2003, uma pessoa que recebia o piso nacional precisava trabalhar sete meses para alcan\u00e7ar o valor que a Constitui\u00e7\u00e3o considerava necess\u00e1rio para um m\u00eas. Em janeiro de 2015, \u00faltimo ano em que a lei de valoriza\u00e7\u00e3o do sal\u00e1rio m\u00ednimo foi renovada at\u00e9 2019, esse esfor\u00e7o havia ca\u00eddo para quatro meses.<\/p>\n<p>Enfim, o Brasil caminhava, ainda que lentamente, para fazer valer a lei. Mas, com o fim da pol\u00edtica de valoriza\u00e7\u00e3o, voltou a andar para tr\u00e1s. Atualmente, o sal\u00e1rio m\u00ednimo necess\u00e1rio \u00e9 quase seis vezes maior do que o valor realmente pago.<\/p>\n<h2>Fica para o pr\u00f3ximo<\/h2>\n<p>Segundo Clemente Ganz L\u00facio, esse retrocesso no sal\u00e1rio m\u00ednimo \u00e9 um mau press\u00e1gio para a economia do pa\u00eds em 2022. \u201cA falta de valoriza\u00e7\u00e3o \u00e9 uma aus\u00eancia importante na economia. Isso explica em parte a queda da massa salarial. N\u00f3s deixamos de ter essa invers\u00e3o de \u00e2nimo econ\u00f4mico e poder de compra da base salarial\u201d, afirma.<\/p>\n<p>Ganz L\u00facio, que \u00e9 assessor do F\u00f3rum das Centrais Sindicais, informa que a revis\u00e3o dessa pol\u00edtica para o sal\u00e1rio m\u00ednimo \u00e9 um dos principais pontos da agenda sindical no in\u00edcio de 2022. \u201cN\u00e3o \u00e9 por outro motivo que a agenda das centrais sindicais, a ser apresentada em maio aos candidatos a cargos eletivos nas elei\u00e7\u00f5es do pr\u00f3ximo ano, defender\u00e1 a retomada de uma pol\u00edtica de valoriza\u00e7\u00e3o do sal\u00e1rio m\u00ednimo\u201d, disse em entrevista a Glauco Faria na\u00a0<strong>R\u00e1dio Brasil Atual<\/strong>.<\/p>\n<p>A queda na renda nacional, al\u00e9m de um drama para quem v\u00ea o dinheiro ficar cada m\u00eas mais curto, \u00e9 um dos principais entraves para a retomada do crescimento econ\u00f4mico.\u00a0<a href=\"http:\/\/renda%20cai\/\" target=\"_blank\" rel=\"noopener noreferrer\">Basta se observar a rela\u00e7\u00e3o entre os indicadores de emprego e renda divulgados ontem (28) pelo IBGE<\/a>.<\/p>\n<h2>Renda mais baixa desde 2012<\/h2>\n<p>\u201cPara se ter ideia, vejamos esses \u00faltimos 12 meses (de outubro de 2020 e deste ano). Apesar dos 10 mil postos de trabalho fechados no ano passado, da pandemia, de l\u00e1 c\u00e1 8,7 milh\u00f5es foram repostos. \u00c9 uma quantidade expressiva, mas, por incr\u00edvel que pare\u00e7a, esse contingente a mais n\u00e3o foi capaz de elevar a massa salarial, a soma de todos os sal\u00e1rios na economia.\u201d Clemente se refere aos n\u00fameros da Pesquisa Nacional por Amostra de Domic\u00edlio, a Pnad Cont\u00ednua, que revelou ter ocorrido queda de 11,1% na renda m\u00e9dia dos ocupados, embora a taxa de desemprego tenha ca\u00eddo alguns pontos. \u201cPortanto, mesmo com 8,7 milh\u00f5es a mais trabalhando, a massa salarial caiu. Isso significa que houve um brutal arrocho, que est\u00e1 refletido na menor m\u00e9dia de remunera\u00e7\u00e3o desde 2012.\u201d<\/p>\n<p>De acordo com o soci\u00f3logo, esses resultados da Pnad mostram uma pequena retomada de postos de trabalho fechados durante a crise agravada pela pandemia da covid-19. \u201cMas ainda estamos em patamares inferiores \u00e0 situa\u00e7\u00e3o de antes da crise. Ou seja, essa din\u00e2mica de reposi\u00e7\u00e3o n\u00e3o \u00e9 positiva nem virtuosa. Predomina na recupera\u00e7\u00e3o o surgimento de postos de trabalho prec\u00e1rios, sem carteira e aut\u00f4nomos sem CNPJ nem prote\u00e7\u00e3o social\u201d, explica. \u201cA cria\u00e7\u00e3o de postos de trabalho com carteira assinada \u00e9 t\u00edmida.\u201d<\/p>\n<p>Al\u00e9m disso, boa parte das vagas criadas nesse per\u00edodo, sobretudo nos setores de com\u00e9rcio e servi\u00e7os, tendem a fechar novamente em janeiro. Assim, os indicadores dos pr\u00f3ximos meses devem refletir a redu\u00e7\u00e3o dessas ocupa\u00e7\u00f5es ap\u00f3s o ligeiro aquecimento sazonal de final de ano.<\/p>\n<h2>Maus empregos, economia travada<\/h2>\n<p>\u201cE esse mundo do trabalho mais precarizado est\u00e1 refletido na renda. Estamos com o menor n\u00edvel salarial desde que essa pesquisa come\u00e7ou, justamente por causa da predomin\u00e2ncia desse tipo de ocupa\u00e7\u00e3o que vem surgindo. O que se observa s\u00e3o postos de trabalho fr\u00e1geis, com remunera\u00e7\u00e3o muito baixa. E, al\u00e9m disso, corro\u00eddas por uma infla\u00e7\u00e3o mais elevada\u201d, observa o soci\u00f3logo.<\/p>\n<div class=\"wp-block-columns\">\n<div class=\"wp-block-column is-vertically-aligned-bottom\">\n<p>A massa salarial \u00e9 importante de ser observada porque representa o poder de compra da economia. \u201cMais de 60% da nossa capacidade de recupera\u00e7\u00e3o e sustenta\u00e7\u00e3o econ\u00f4mica vem da renda das fam\u00edlias\u201d, afirma Ganz L\u00facio. Ou seja, se a economia coloca pessoas no mercado e n\u00e3o \u00e9 capaz de aumentar a capacidade de consumo das fam\u00edlias, patina. \u201cN\u00e3o h\u00e1 como sustentar um crescimento econ\u00f4mico. E isso \u00e9 o que est\u00e1 indicado para 2022, um mundo do trabalho muito prec\u00e1rio, com baixa capacidade de gera\u00e7\u00e3o de empregos. E continuando a conviver com esses n\u00fameros: quase 13 milh\u00f5es de desempregados, quase 30 milh\u00f5es de subocupados, fora o desalento ou a informalidade.\u201d<\/p>\n<\/div>\n<div class=\"wp-block-column is-vertically-aligned-bottom\">\n<figure class=\"wp-block-image size-full\"><a href=\"https:\/\/youtu.be\/g5M8uHytz_4?t=715\" target=\"_blank\" rel=\"noopener noreferrer\"><img fetchpriority=\"high\" decoding=\"async\" class=\"wp-image-537048 lazyloaded\" src=\"https:\/\/www.redebrasilatual.com.br\/wp-content\/uploads\/2021\/12\/clemente.jpg\" sizes=\"(max-width: 915px) 100vw, 915px\" srcset=\"https:\/\/www.redebrasilatual.com.br\/wp-content\/uploads\/2021\/12\/clemente.jpg 915w, https:\/\/www.redebrasilatual.com.br\/wp-content\/uploads\/2021\/12\/clemente-360x297.jpg 360w, https:\/\/www.redebrasilatual.com.br\/wp-content\/uploads\/2021\/12\/clemente-768x633.jpg 768w\" alt=\"sal\u00e1rio m\u00ednimo 2022\" width=\"915\" height=\"754\" data-ll-status=\"loaded\" \/><\/a><figcaption>Ex-diretor t\u00e9cnico do Dieese e assessor do F\u00f3rum das Centrais Sindicais falou com a R\u00e1dio Brasil Atual<\/figcaption><\/figure>\n<\/div>\n<\/div>\n<p>O ex-diretor do Dieese refor\u00e7a que as empresas produzem quando observam que a economia aumenta os postos de trabalho, os sal\u00e1rios e, portanto, o poder de consumo de toda a sociedade. \u201cDesse modo, as empresas produzem para uma sociedade que tem capacidade de absorver novas demandas. Se isso n\u00e3o acontece, a economia n\u00e3o tem crescimento mais duradouro, porque depender\u00e1 quase que exclusivamente de sua capacidade de exporta\u00e7\u00e3o. N\u00e3o aumentando o poder de compra de toda a sociedade n\u00e3o se anima o setor produtivo\u201d, ele explica. Por isso, n\u00e3o \u00e9 nada boa a perspectiva de enfrentamento desses problemas para 2022.<\/p>\n<p><strong>Fonte: Rede Brasil Atual<\/strong><\/p>\n","protected":false},"excerpt":{"rendered":"<p>A proposta de Or\u00e7amento da Uni\u00e3o prev\u00ea o valor de R$ 1.210 para o sal\u00e1rio m\u00ednimo a partir de janeiro de 2022. O valor inclui um reajuste de pouco mais de 10%, baseado no \u00edndice Nacional de Pre\u00e7os ao Consumidor (INPC), a infla\u00e7\u00e3o oficial estimada para todo este ano. Acontece que o INPC s\u00f3 ser\u00e1 [&hellip;]<\/p>\n","protected":false},"author":2,"featured_media":11948,"comment_status":"","ping_status":"","sticky":false,"template":"","format":"standard","meta":{"footnotes":""},"categories":[3],"tags":[],"class_list":["post-11949","post","type-post","status-publish","format-standard","has-post-thumbnail","hentry","category-noticias"],"_links":{"self":[{"href":"https:\/\/hostnetart.com.br\/baixada\/wp-json\/wp\/v2\/posts\/11949","targetHints":{"allow":["GET"]}}],"collection":[{"href":"https:\/\/hostnetart.com.br\/baixada\/wp-json\/wp\/v2\/posts"}],"about":[{"href":"https:\/\/hostnetart.com.br\/baixada\/wp-json\/wp\/v2\/types\/post"}],"author":[{"embeddable":true,"href":"https:\/\/hostnetart.com.br\/baixada\/wp-json\/wp\/v2\/users\/2"}],"replies":[{"embeddable":true,"href":"https:\/\/hostnetart.com.br\/baixada\/wp-json\/wp\/v2\/comments?post=11949"}],"version-history":[{"count":0,"href":"https:\/\/hostnetart.com.br\/baixada\/wp-json\/wp\/v2\/posts\/11949\/revisions"}],"wp:featuredmedia":[{"embeddable":true,"href":"https:\/\/hostnetart.com.br\/baixada\/wp-json\/wp\/v2\/media\/11948"}],"wp:attachment":[{"href":"https:\/\/hostnetart.com.br\/baixada\/wp-json\/wp\/v2\/media?parent=11949"}],"wp:term":[{"taxonomy":"category","embeddable":true,"href":"https:\/\/hostnetart.com.br\/baixada\/wp-json\/wp\/v2\/categories?post=11949"},{"taxonomy":"post_tag","embeddable":true,"href":"https:\/\/hostnetart.com.br\/baixada\/wp-json\/wp\/v2\/tags?post=11949"}],"curies":[{"name":"wp","href":"https:\/\/api.w.org\/{rel}","templated":true}]}}